{"id":229643,"date":"2025-08-04T20:44:45","date_gmt":"2025-08-04T23:44:45","guid":{"rendered":"https:\/\/diarioregionaldigital.com.br\/?p=229643"},"modified":"2025-08-04T20:44:45","modified_gmt":"2025-08-04T23:44:45","slug":"sebeal-realiza-evento-de-adocao-do-canil-municipal-neste-sabado-9-no-parque-halfeld","status":"publish","type":"post","link":"https:\/\/diarioregionaldigital.com.br\/?p=229643","title":{"rendered":"Sebeal realiza evento de ado\u00e7\u00e3o do Canil Municipal neste s\u00e1bado, 9, no Parque Halfeld"},"content":{"rendered":"<p>Segundo informa\u00e7\u00f5es do site da Prefeitura de Juiz de Fora (PJF), a Prefeitura de Juiz de Fora (PJF), por meio da Secretaria do Bem-Estar Animal (Sebeal), realiza neste s\u00e1bado, 9 de agosto, mais um evento de ado\u00e7\u00e3o respons\u00e1vel de animais, no Parque Halfeld, das 9h \u00e0s 13h. A a\u00e7\u00e3o integra a campanha \u201cMe Adota A\u00ed!\u201d, lan\u00e7ada pela atual gest\u00e3o com o objetivo de promover o acolhimento de c\u00e3es e gatos que aguardam um lar no Canil Municipal. Em 2025, 332 animais j\u00e1 foram adotados, sendo 197 diretamente no canil e 135 em eventos externos, como o deste s\u00e1bado \u2014 que j\u00e1 soma 20 edi\u00e7\u00f5es ao longo do ano.<\/p>\n<p><strong>Cuidado e prote\u00e7\u00e3o animal<\/strong><br \/>\nO evento tamb\u00e9m contar\u00e1 com vacina\u00e7\u00e3o antirr\u00e1bica e microchipagem de animais, servi\u00e7os gratuitos oferecidos ao p\u00fablico em geral, e que representam uma oportunidade de atualizar o cart\u00e3o vacinal dos pets.<\/p>\n<p><strong>Como adotar?<\/strong><br \/>\nPara adotar um animal, \u00e9 necess\u00e1rio apresentar RG, CPF e comprovante de resid\u00eancia. O interessado passar\u00e1 por entrevista com a equipe t\u00e9cnica da Sebeal, que avaliar\u00e1 se h\u00e1 condi\u00e7\u00f5es adequadas para a ado\u00e7\u00e3o respons\u00e1vel. \u00c9 fundamental levar coleira ou caixa de transporte para o deslocamento seguro do novo companheiro.<\/p>\n<p><strong>Visitas ao Canil Municipal<\/strong><br \/>\nOs interessados em adotar fora dos eventos podem visitar o Canil Municipal de segunda a sexta-feira, das 9h \u00e0s 10h30 e das 13h \u00e0s 15h30. Tamb\u00e9m \u00e9 poss\u00edvel agendar visitas em outros hor\u00e1rios, pelo telefone <a href=\"tel:(32) 98416-3648\">(32) 98416-3648<\/a>.\u00a0O Canil est\u00e1 localizado na Rua Bartolomeu dos Santos, 680 \u2013 Bairro S\u00e3o Dami\u00e3o.<\/p>\n","protected":false},"excerpt":{"rendered":"<p>Segundo informa\u00e7\u00f5es do site da Prefeitura de Juiz de Fora (PJF), a Prefeitura de Juiz de Fora (PJF), por meio da Secretaria do Bem-Estar Animal (Sebeal), realiza neste s\u00e1bado, 9 de agosto, mais um evento de ado\u00e7\u00e3o respons\u00e1vel de animais, no Parque Halfeld, das 9h \u00e0s 13h. A a\u00e7\u00e3o integra a campanha \u201cMe Adota A\u00ed!\u201d, [&hellip;]<\/p>\n","protected":false},"author":246,"featured_media":229644,"comment_status":"closed","ping_status":"closed","sticky":false,"template":"","format":"standard","meta":{"footnotes":""},"categories":[253,436,440,439],"tags":[],"class_list":["post-229643","post","type-post","status-publish","format-standard","has-post-thumbnail","hentry","category-cidade","category-destaque-da-semana","category-destaques-do-dia","category-ultima-hora"],"_links":{"self":[{"href":"https:\/\/diarioregionaldigital.com.br\/index.php?rest_route=\/wp\/v2\/posts\/229643","targetHints":{"allow":["GET"]}}],"collection":[{"href":"https:\/\/diarioregionaldigital.com.br\/index.php?rest_route=\/wp\/v2\/posts"}],"about":[{"href":"https:\/\/diarioregionaldigital.com.br\/index.php?rest_route=\/wp\/v2\/types\/post"}],"author":[{"embeddable":true,"href":"https:\/\/diarioregionaldigital.com.br\/index.php?rest_route=\/wp\/v2\/users\/246"}],"replies":[{"embeddable":true,"href":"https:\/\/diarioregionaldigital.com.br\/index.php?rest_route=%2Fwp%2Fv2%2Fcomments&post=229643"}],"version-history":[{"count":1,"href":"https:\/\/diarioregionaldigital.com.br\/index.php?rest_route=\/wp\/v2\/posts\/229643\/revisions"}],"predecessor-version":[{"id":229645,"href":"https:\/\/diarioregionaldigital.com.br\/index.php?rest_route=\/wp\/v2\/posts\/229643\/revisions\/229645"}],"wp:featuredmedia":[{"embeddable":true,"href":"https:\/\/diarioregionaldigital.com.br\/index.php?rest_route=\/wp\/v2\/media\/229644"}],"wp:attachment":[{"href":"https:\/\/diarioregionaldigital.com.br\/index.php?rest_route=%2Fwp%2Fv2%2Fmedia&parent=229643"}],"wp:term":[{"taxonomy":"category","embeddable":true,"href":"https:\/\/diarioregionaldigital.com.br\/index.php?rest_route=%2Fwp%2Fv2%2Fcategories&post=229643"},{"taxonomy":"post_tag","embeddable":true,"href":"https:\/\/diarioregionaldigital.com.br\/index.php?rest_route=%2Fwp%2Fv2%2Ftags&post=229643"}],"curies":[{"name":"wp","href":"https:\/\/api.w.org\/{rel}","templated":true}]}}