{"id":229640,"date":"2025-08-04T20:42:02","date_gmt":"2025-08-04T23:42:02","guid":{"rendered":"https:\/\/diarioregionaldigital.com.br\/?p=229640"},"modified":"2025-08-04T20:42:02","modified_gmt":"2025-08-04T23:42:02","slug":"pjf-abre-prazo-para-credenciamento-de-blocos-para-o-carnaval-2026","status":"publish","type":"post","link":"https:\/\/diarioregionaldigital.com.br\/?p=229640","title":{"rendered":"PJF abre prazo para credenciamento de blocos para o Carnaval 2026"},"content":{"rendered":"<p>Segundo informa\u00e7\u00f5es do site da Prefeitura de Juiz de Fora (PJF), a Funda\u00e7\u00e3o Cultural Alfredo Ferreira Lage (Funalfa) abriu nesta segunda-feira (4) o per\u00edodo de credenciamento de blocos interessados em participar do Carnaval de Juiz de Fora em 2026. O prazo para envio das propostas vai at\u00e9 o dia 24 de agosto.<\/p>\n<p><a href=\"https:\/\/docs.google.com\/forms\/d\/e\/1FAIpQLSc3w7qTWo3qIyGpI2gGmttMEyQIyFYl7Y3tNFb7NqXd-2r9jw\/viewform?pli=1\">O formul\u00e1rio de pr\u00e9-cadastro est\u00e1 dispon\u00edvel neste link <\/a>e tem como objetivo reunir informa\u00e7\u00f5es iniciais para o planejamento e organiza\u00e7\u00e3o do evento. O preenchimento do formul\u00e1rio, no entanto, n\u00e3o garante a autoriza\u00e7\u00e3o para a participa\u00e7\u00e3o no Carnaval. Todas as propostas ser\u00e3o analisadas por uma comiss\u00e3o composta por Funalfa, Pol\u00edcia Militar e demais \u00f3rg\u00e3os competentes.<\/p>\n<p>Ser\u00e3o selecionadas at\u00e9 90 propostas, e os blocos pr\u00e9-selecionados ser\u00e3o inclu\u00eddos em um grupo oficial de WhatsApp, por meio do contato informado no formul\u00e1rio. As instru\u00e7\u00f5es para a pr\u00f3xima etapa, que \u00e9 a solicita\u00e7\u00e3o do alvar\u00e1, ser\u00e3o repassadas por esse canal.<\/p>\n<p>A Funalfa ir\u00e1 oferecer estrutura b\u00e1sica de apoio para os desfiles, incluindo gradis, banheiros qu\u00edmicos e equipe de apoio, sem repasse financeiro direto aos blocos.\u00a0A divulga\u00e7\u00e3o antecipada do calend\u00e1rio oficial tem como objetivo permitir que o p\u00fablico se organize com mais tranquilidade e garantir maior visibilidade \u00e0s atra\u00e7\u00f5es do carnaval.<\/p>\n<p>N\u00e3o percam o prazo! O credenciamento segue aberto at\u00e9 o dia 24 de agosto e propostas enviadas fora desse per\u00edodo n\u00e3o ser\u00e3o aceitas.<\/p>\n","protected":false},"excerpt":{"rendered":"<p>Segundo informa\u00e7\u00f5es do site da Prefeitura de Juiz de Fora (PJF), a Funda\u00e7\u00e3o Cultural Alfredo Ferreira Lage (Funalfa) abriu nesta segunda-feira (4) o per\u00edodo de credenciamento de blocos interessados em participar do Carnaval de Juiz de Fora em 2026. O prazo para envio das propostas vai at\u00e9 o dia 24 de agosto. O formul\u00e1rio de [&hellip;]<\/p>\n","protected":false},"author":246,"featured_media":229641,"comment_status":"closed","ping_status":"closed","sticky":false,"template":"","format":"standard","meta":{"footnotes":""},"categories":[253,436,440,439],"tags":[],"class_list":["post-229640","post","type-post","status-publish","format-standard","has-post-thumbnail","hentry","category-cidade","category-destaque-da-semana","category-destaques-do-dia","category-ultima-hora"],"_links":{"self":[{"href":"https:\/\/diarioregionaldigital.com.br\/index.php?rest_route=\/wp\/v2\/posts\/229640","targetHints":{"allow":["GET"]}}],"collection":[{"href":"https:\/\/diarioregionaldigital.com.br\/index.php?rest_route=\/wp\/v2\/posts"}],"about":[{"href":"https:\/\/diarioregionaldigital.com.br\/index.php?rest_route=\/wp\/v2\/types\/post"}],"author":[{"embeddable":true,"href":"https:\/\/diarioregionaldigital.com.br\/index.php?rest_route=\/wp\/v2\/users\/246"}],"replies":[{"embeddable":true,"href":"https:\/\/diarioregionaldigital.com.br\/index.php?rest_route=%2Fwp%2Fv2%2Fcomments&post=229640"}],"version-history":[{"count":1,"href":"https:\/\/diarioregionaldigital.com.br\/index.php?rest_route=\/wp\/v2\/posts\/229640\/revisions"}],"predecessor-version":[{"id":229642,"href":"https:\/\/diarioregionaldigital.com.br\/index.php?rest_route=\/wp\/v2\/posts\/229640\/revisions\/229642"}],"wp:featuredmedia":[{"embeddable":true,"href":"https:\/\/diarioregionaldigital.com.br\/index.php?rest_route=\/wp\/v2\/media\/229641"}],"wp:attachment":[{"href":"https:\/\/diarioregionaldigital.com.br\/index.php?rest_route=%2Fwp%2Fv2%2Fmedia&parent=229640"}],"wp:term":[{"taxonomy":"category","embeddable":true,"href":"https:\/\/diarioregionaldigital.com.br\/index.php?rest_route=%2Fwp%2Fv2%2Fcategories&post=229640"},{"taxonomy":"post_tag","embeddable":true,"href":"https:\/\/diarioregionaldigital.com.br\/index.php?rest_route=%2Fwp%2Fv2%2Ftags&post=229640"}],"curies":[{"name":"wp","href":"https:\/\/api.w.org\/{rel}","templated":true}]}}