{"id":229631,"date":"2025-08-02T14:38:21","date_gmt":"2025-08-02T17:38:21","guid":{"rendered":"https:\/\/diarioregionaldigital.com.br\/?p=229631"},"modified":"2025-08-02T14:38:23","modified_gmt":"2025-08-02T17:38:23","slug":"aviso-de-licitacao-n-061-2025-02-08-2025","status":"publish","type":"post","link":"https:\/\/diarioregionaldigital.com.br\/?p=229631","title":{"rendered":"AVISO DE LICITA\u00c7\u00c3O N\u00b0 061\/2025 &#8211; 02\/08\/2025"},"content":{"rendered":"<p class=\"s6\"><span class=\"s5\"><span class=\"bumpedFont15\">PREFEITURA MUNICIPAL DE DESCOBERTO<\/span><\/span><\/p>\n<p class=\"s6\">\n<p class=\"s6\"><span class=\"s5\"><span class=\"bumpedFont15\">AVISO DE LICITA\u00c7\u00c3O<\/span><\/span><\/p>\n<p class=\"s6\">\n<p class=\"s6\"><span class=\"s5\"><span class=\"bumpedFont15\">Licita\u00e7\u00e3o n\u00b0 0<\/span><\/span><span class=\"s5\"><span class=\"bumpedFont15\">61<\/span><\/span><span class=\"s5\"><span class=\"bumpedFont15\">\/202<\/span><\/span><span class=\"s5\"><span class=\"bumpedFont15\">5<\/span><\/span><\/p>\n<p class=\"s6\"><span class=\"s5\"><span class=\"bumpedFont15\">Moda<\/span><\/span><span class=\"s5\"><span class=\"bumpedFont15\">lidade de Preg\u00e3o Presencial n\u00b0 <\/span><\/span><span class=\"s5\"><span class=\"bumpedFont15\">013<\/span><\/span><span class=\"s5\"><span class=\"bumpedFont15\">\/202<\/span><\/span><span class=\"s5\"><span class=\"bumpedFont15\">5<\/span><\/span><\/p>\n<p class=\"s10\"><span class=\"s7\"><span class=\"bumpedFont15\">O Munic\u00edpio de DESCOBERTO, na forma da lei, faz saber a todos quantos o presente edital virem, ou dele conhecimento tiverem, que a par<\/span><\/span><span class=\"s7\"><span class=\"bumpedFont15\">t<\/span><\/span><span class=\"s7\"><span class=\"bumpedFont15\">ir das <\/span><\/span><span class=\"s7\"><span class=\"bumpedFont15\">09<\/span><\/span><span class=\"s7\"><span class=\"bumpedFont15\">:30<\/span><\/span><span class=\"s7\"><span class=\"bumpedFont15\">h do dia <\/span><\/span><span class=\"s7\"><span class=\"bumpedFont15\">19<\/span><\/span><span class=\"s7\"><span class=\"bumpedFont15\"> de <\/span><\/span><span class=\"s7\"><span class=\"bumpedFont15\">A<\/span><\/span><span class=\"s7\"><span class=\"bumpedFont15\">gosto<\/span><\/span><span class=\"s7\"><span class=\"bumpedFont15\"> de 202<\/span><\/span><span class=\"s7\"><span class=\"bumpedFont15\">5<\/span><\/span><span class=\"s7\"><span class=\"bumpedFont15\">, na Prefeitura Municipal na sala da comiss\u00e3o de licita\u00e7\u00e3o, localizada na <\/span><\/span><span class=\"s7\"><span class=\"bumpedFont15\">R<\/span><\/span><span class=\"s7\"><span class=\"bumpedFont15\">ua C<\/span><\/span><span class=\"s7\"><span class=\"bumpedFont15\">apit\u00e3o<\/span><\/span><span class=\"s7\"><span class=\"bumpedFont15\"> B<\/span><\/span><span class=\"s7\"><span class=\"bumpedFont15\">as\u00edlio<\/span><\/span><span class=\"s7\"><span class=\"bumpedFont15\">, n\u00b0 39, <\/span><\/span><span class=\"s7\"><span class=\"bumpedFont15\">B<\/span><\/span><span class=\"s7\"><span class=\"bumpedFont15\">airro C<\/span><\/span><span class=\"s7\"><span class=\"bumpedFont15\">entro<\/span><\/span><span class=\"s7\"><span class=\"bumpedFont15\">, munic\u00edpio de DESCOBERTO, ser\u00e1 realizada licita\u00e7\u00e3o <\/span><\/span><span class=\"s7\"><span class=\"bumpedFont15\">na modalidade PREG\u00c3O PRESENCIAL, objetivando o<\/span><\/span><span class=\"s7\"><span class=\"bumpedFont15\">RE<\/span><\/span><span class=\"s7\"><span class=\"bumpedFont15\">GISTRO DE PRE\u00c7OS PARA A CONTRATA\u00c7\u00c3O DE EMPRESA PARA PRESTA\u00c7\u00c3O DE SERVI\u00c7OS DE SONORIZA\u00c7\u00c3O, ILUMINA\u00c7\u00c3O, TEL\u00c3O, PAINEL DE LED E PROPAGANDA VOLANTE, PARA ATENDER A SECRETARIA<\/span><\/span><span class=\"s7\"><span class=\"bumpedFont15\"> DE CULTURA E TURISMO DO MUNIC\u00cdPIO <\/span><\/span><span class=\"s7\"><span class=\"bumpedFont15\">DE DESCOBERTO \u2013 MG<\/span><\/span><span class=\"s7\"><span class=\"bumpedFont15\">, <\/span><\/span><span class=\"s7\"><span class=\"bumpedFont15\">tipo <\/span><\/span><span class=\"s8\"><span class=\"bumpedFont15\">Menor Pre\u00e7o por Item<\/span><\/span><span class=\"s7\"><span class=\"bumpedFont15\">, <\/span><\/span><span class=\"s7\"><span class=\"bumpedFont15\">co<\/span><\/span><span class=\"s7\"><span class=\"bumpedFont15\">nf<\/span><\/span><span class=\"s7\"><span class=\"bumpedFont15\">orme consta no edital que se encontra \u00a0a disposi\u00e7\u00e3o de todos \u00a0os interessados na Prefeitura Municipal, onde poder\u00e3o obt\u00ea-lo<\/span><\/span> <span class=\"s7\"><span class=\"bumpedFont15\">ou atrav\u00e9s do site<\/span><\/span><a href=\"http:\/\/www.descoberto.mg.gov.br\/\"><span class=\"s9\"><span class=\"bumpedFont15\">http:\/\/www.descoberto.mg.gov.br<\/span><\/span><\/a><span class=\"s7\"><span class=\"bumpedFont15\">. Para conhecimento de todos os <\/span><\/span><span class=\"s7\"><span class=\"bumpedFont15\">in<\/span><\/span><span class=\"s7\"><span class=\"bumpedFont15\">teressados, expediu-se o presente que ser\u00e1 afixado no lugar de costume, publicando-se na forma da lei. DESCOBERTO, <\/span><\/span><span class=\"s7\"><span class=\"bumpedFont15\">0<\/span><\/span><span class=\"s7\"><span class=\"bumpedFont15\">1<\/span><\/span><span class=\"s7\"><span class=\"bumpedFont15\">de <\/span><\/span><span class=\"s7\"><span class=\"bumpedFont15\">a<\/span><\/span><span class=\"s7\"><span class=\"bumpedFont15\">gosto<\/span><\/span><span class=\"s7\"><span class=\"bumpedFont15\"> de 202<\/span><\/span><span class=\"s7\"><span class=\"bumpedFont15\">5<\/span><\/span><span class=\"s7\"><span class=\"bumpedFont15\">.<\/span><\/span><\/p>\n<p class=\"s10\">\n<p class=\"s10\"><span class=\"s7\"><span class=\"bumpedFont15\">.<\/span><\/span><\/p>\n","protected":false},"excerpt":{"rendered":"<p>PREFEITURA MUNICIPAL DE DESCOBERTO AVISO DE LICITA\u00c7\u00c3O Licita\u00e7\u00e3o n\u00b0 061\/2025 Modalidade de Preg\u00e3o Presencial n\u00b0 013\/2025 O Munic\u00edpio de DESCOBERTO, na forma da lei, faz saber a todos quantos o presente edital virem, ou dele conhecimento tiverem, que a partir das 09:30h do dia 19 de Agosto de 2025, na Prefeitura Municipal na sala da [&hellip;]<\/p>\n","protected":false},"author":246,"featured_media":0,"comment_status":"closed","ping_status":"closed","sticky":false,"template":"","format":"standard","meta":{"footnotes":""},"categories":[307],"tags":[],"class_list":["post-229631","post","type-post","status-publish","format-standard","hentry","category-editais"],"_links":{"self":[{"href":"https:\/\/diarioregionaldigital.com.br\/index.php?rest_route=\/wp\/v2\/posts\/229631","targetHints":{"allow":["GET"]}}],"collection":[{"href":"https:\/\/diarioregionaldigital.com.br\/index.php?rest_route=\/wp\/v2\/posts"}],"about":[{"href":"https:\/\/diarioregionaldigital.com.br\/index.php?rest_route=\/wp\/v2\/types\/post"}],"author":[{"embeddable":true,"href":"https:\/\/diarioregionaldigital.com.br\/index.php?rest_route=\/wp\/v2\/users\/246"}],"replies":[{"embeddable":true,"href":"https:\/\/diarioregionaldigital.com.br\/index.php?rest_route=%2Fwp%2Fv2%2Fcomments&post=229631"}],"version-history":[{"count":1,"href":"https:\/\/diarioregionaldigital.com.br\/index.php?rest_route=\/wp\/v2\/posts\/229631\/revisions"}],"predecessor-version":[{"id":229632,"href":"https:\/\/diarioregionaldigital.com.br\/index.php?rest_route=\/wp\/v2\/posts\/229631\/revisions\/229632"}],"wp:attachment":[{"href":"https:\/\/diarioregionaldigital.com.br\/index.php?rest_route=%2Fwp%2Fv2%2Fmedia&parent=229631"}],"wp:term":[{"taxonomy":"category","embeddable":true,"href":"https:\/\/diarioregionaldigital.com.br\/index.php?rest_route=%2Fwp%2Fv2%2Fcategories&post=229631"},{"taxonomy":"post_tag","embeddable":true,"href":"https:\/\/diarioregionaldigital.com.br\/index.php?rest_route=%2Fwp%2Fv2%2Ftags&post=229631"}],"curies":[{"name":"wp","href":"https:\/\/api.w.org\/{rel}","templated":true}]}}