{"id":229626,"date":"2025-08-01T11:34:00","date_gmt":"2025-08-01T14:34:00","guid":{"rendered":"https:\/\/diarioregionaldigital.com.br\/?p=229626"},"modified":"2025-08-01T11:34:00","modified_gmt":"2025-08-01T14:34:00","slug":"mercado-municipal-recebe-colecionadores-de-juiz-de-fora-neste-sabado-2","status":"publish","type":"post","link":"https:\/\/diarioregionaldigital.com.br\/?p=229626","title":{"rendered":"Mercado Municipal recebe colecionadores de Juiz de Fora neste s\u00e1bado (2)"},"content":{"rendered":"<p>Segundo informa\u00e7\u00f5es do site da Prefeitura de Juiz de Fora (PJF), o Mercado Municipal de Juiz de Fora ser\u00e1 palco, neste s\u00e1bado, 2 de agosto, das 9h \u00e0s 13h, de um encontro especial que reunir\u00e1 onze colecionadores da cidade, apresentando acervos diversos em uma exposi\u00e7\u00e3o aberta ao p\u00fablico. A iniciativa convida visitantes a conhecerem pe\u00e7as raras, trocarem informa\u00e7\u00f5es, realizarem avalia\u00e7\u00f5es e, ainda, comercializarem itens de valor hist\u00f3rico e afetivo.<\/p>\n<p>A Exposi\u00e7\u00e3o de Multicolecionismo \u00e9 uma pr\u00e9via do Encontro Nacional de Colecionadores, que ocorrer\u00e1 em Juiz de Fora nos dias 29 e 30 de agosto, com participa\u00e7\u00e3o de expositores de todo o Brasil.<\/p>\n<p>Entre os participantes confirmados neste s\u00e1bado est\u00e3o:<\/p>\n<p>Numismatas, especializados em moedas, medalhas e c\u00e9dulas;<\/p>\n<p>Filatelistas ligados \u00e0 Sociedade Filat\u00e9lica de Juiz de Fora (colecionadores de selos);<\/p>\n<p>Praticantes de plastimodelismo (miniaturas em pl\u00e1stico);<\/p>\n<p>Representantes da Associa\u00e7\u00e3o de Aeromodelismo de Juiz de Fora.<\/p>\n<p>O p\u00fablico tamb\u00e9m \u00e9 incentivado a levar seus pr\u00f3prios itens de cole\u00e7\u00e3o, que poder\u00e3o ser avaliados ou trocados durante o evento. A a\u00e7\u00e3o \u00e9 uma oportunidade \u00fanica de valoriza\u00e7\u00e3o da mem\u00f3ria, preserva\u00e7\u00e3o de hist\u00f3rias e fortalecimento do v\u00ednculo afetivo com objetos que atravessam gera\u00e7\u00f5es.<\/p>\n<p>A realiza\u00e7\u00e3o da exposi\u00e7\u00e3o no Mercado Municipal refor\u00e7a a voca\u00e7\u00e3o do espa\u00e7o como um ponto de cultura, conviv\u00eancia e encontros no centro da cidade, promovendo acesso gratuito a eventos que resgatam tradi\u00e7\u00f5es e estimulam o di\u00e1logo entre diferentes gera\u00e7\u00f5es.<\/p>\n","protected":false},"excerpt":{"rendered":"<p>Segundo informa\u00e7\u00f5es do site da Prefeitura de Juiz de Fora (PJF), o Mercado Municipal de Juiz de Fora ser\u00e1 palco, neste s\u00e1bado, 2 de agosto, das 9h \u00e0s 13h, de um encontro especial que reunir\u00e1 onze colecionadores da cidade, apresentando acervos diversos em uma exposi\u00e7\u00e3o aberta ao p\u00fablico. A iniciativa convida visitantes a conhecerem pe\u00e7as [&hellip;]<\/p>\n","protected":false},"author":246,"featured_media":229627,"comment_status":"closed","ping_status":"closed","sticky":false,"template":"","format":"standard","meta":{"footnotes":""},"categories":[253,436,439],"tags":[],"class_list":["post-229626","post","type-post","status-publish","format-standard","has-post-thumbnail","hentry","category-cidade","category-destaque-da-semana","category-ultima-hora"],"_links":{"self":[{"href":"https:\/\/diarioregionaldigital.com.br\/index.php?rest_route=\/wp\/v2\/posts\/229626","targetHints":{"allow":["GET"]}}],"collection":[{"href":"https:\/\/diarioregionaldigital.com.br\/index.php?rest_route=\/wp\/v2\/posts"}],"about":[{"href":"https:\/\/diarioregionaldigital.com.br\/index.php?rest_route=\/wp\/v2\/types\/post"}],"author":[{"embeddable":true,"href":"https:\/\/diarioregionaldigital.com.br\/index.php?rest_route=\/wp\/v2\/users\/246"}],"replies":[{"embeddable":true,"href":"https:\/\/diarioregionaldigital.com.br\/index.php?rest_route=%2Fwp%2Fv2%2Fcomments&post=229626"}],"version-history":[{"count":1,"href":"https:\/\/diarioregionaldigital.com.br\/index.php?rest_route=\/wp\/v2\/posts\/229626\/revisions"}],"predecessor-version":[{"id":229628,"href":"https:\/\/diarioregionaldigital.com.br\/index.php?rest_route=\/wp\/v2\/posts\/229626\/revisions\/229628"}],"wp:featuredmedia":[{"embeddable":true,"href":"https:\/\/diarioregionaldigital.com.br\/index.php?rest_route=\/wp\/v2\/media\/229627"}],"wp:attachment":[{"href":"https:\/\/diarioregionaldigital.com.br\/index.php?rest_route=%2Fwp%2Fv2%2Fmedia&parent=229626"}],"wp:term":[{"taxonomy":"category","embeddable":true,"href":"https:\/\/diarioregionaldigital.com.br\/index.php?rest_route=%2Fwp%2Fv2%2Fcategories&post=229626"},{"taxonomy":"post_tag","embeddable":true,"href":"https:\/\/diarioregionaldigital.com.br\/index.php?rest_route=%2Fwp%2Fv2%2Ftags&post=229626"}],"curies":[{"name":"wp","href":"https:\/\/api.w.org\/{rel}","templated":true}]}}