{"id":229623,"date":"2025-08-01T11:32:51","date_gmt":"2025-08-01T14:32:51","guid":{"rendered":"https:\/\/diarioregionaldigital.com.br\/?p=229623"},"modified":"2025-08-01T11:34:38","modified_gmt":"2025-08-01T14:34:38","slug":"ultimos-dias-para-se-inscrever-na-1a-conferencia-municipal-de-esporte","status":"publish","type":"post","link":"https:\/\/diarioregionaldigital.com.br\/?p=229623","title":{"rendered":"\u00daltimos dias para se inscrever na 1\u00aa Confer\u00eancia Municipal de Esporte"},"content":{"rendered":"<p>Segundo informa\u00e7\u00f5es do site da Prefeitura de Juiz de Fora (PJF), a PJF, por meio da Secretaria de Esporte e Lazer (SEL) e com apoio da Secretaria Especial de Direitos Humanos (SEDH), realiza no pr\u00f3ximo dia 13 de agosto a 1\u00aa Confer\u00eancia Municipal de Esporte, com o tema \u201cO Esporte a Servi\u00e7o de uma Cidade Educada, Saud\u00e1vel e Inclusiva\u201d. As inscri\u00e7\u00f5es est\u00e3o abertas at\u00e9 o dia 7 de agosto e devem ser feitas exclusivamente de forma on-line.<\/p>\n<p><strong>A confer\u00eancia ser\u00e1 dividida em dois turnos:<\/strong><\/p>\n<p>Manh\u00e3 (8h \u00e0s 12h): Palestras com especialistas em pol\u00edticas p\u00fablicas para o esporte, no Teatro Paschoal Carlos Magno, com capacidade para at\u00e9 400 participantes.<\/p>\n<p>Tarde (13h30 \u00e0s 17h30): Grupos tem\u00e1ticos e plen\u00e1ria final no Ritz Plaza Hotel.<\/p>\n<p>Para participar ativamente dos debates, \u00e9 necess\u00e1rio se inscrever pelo formul\u00e1rio on-line, escolhendo previamente um dos eixos tem\u00e1ticos. Cada grupo ser\u00e1 composto por at\u00e9 70 pessoas. Quem comparecer sem inscri\u00e7\u00e3o poder\u00e1 acompanhar o evento como ouvinte.<\/p>\n<p>Durante o per\u00edodo da tarde, os participantes ser\u00e3o organizados por temas para debater e formular propostas. Cada grupo contar\u00e1 com: um(a) coordenador(a); um(a) relator(a); um(a) delegado(a) respons\u00e1vel por garantir a inclus\u00e3o de pol\u00edticas voltadas a grupos vulner\u00e1veis ou historicamente discriminados por ra\u00e7a, etnia, religi\u00e3o, g\u00eanero, entre outros.<\/p>\n<p>Ao final, cada grupo poder\u00e1 apresentar at\u00e9 cinco propostas, que ser\u00e3o discutidas na plen\u00e1ria geral. Em seguida, os relat\u00f3rios com as contribui\u00e7\u00f5es ser\u00e3o entregues \u00e0 comiss\u00e3o organizadora, que ser\u00e1 respons\u00e1vel pela elabora\u00e7\u00e3o do documento final da confer\u00eancia.<\/p>\n<p>Diferente de outras edi\u00e7\u00f5es em n\u00edvel estadual ou nacional, a confer\u00eancia de Juiz de Fora n\u00e3o eleger\u00e1 delegados, focando exclusivamente na escuta, debate e elabora\u00e7\u00e3o de propostas para o fortalecimento do esporte como pol\u00edtica p\u00fablica transformadora nos campos da educa\u00e7\u00e3o, inclus\u00e3o social e sa\u00fade.<\/p>\n<p>Confira tamb\u00e9m a\u00a0<a href=\"https:\/\/www.pjf.mg.gov.br\/e_atos\/e_atos_vis.php?id=124746\">Lei que institui o Plano Municipal de Esporte e Lazer.<\/a><\/p>\n<p>&nbsp;<\/p>\n","protected":false},"excerpt":{"rendered":"<p>Segundo informa\u00e7\u00f5es do site da Prefeitura de Juiz de Fora (PJF), a PJF, por meio da Secretaria de Esporte e Lazer (SEL) e com apoio da Secretaria Especial de Direitos Humanos (SEDH), realiza no pr\u00f3ximo dia 13 de agosto a 1\u00aa Confer\u00eancia Municipal de Esporte, com o tema \u201cO Esporte a Servi\u00e7o de uma Cidade [&hellip;]<\/p>\n","protected":false},"author":246,"featured_media":229624,"comment_status":"closed","ping_status":"closed","sticky":false,"template":"","format":"standard","meta":{"footnotes":""},"categories":[253,436,257,439],"tags":[],"class_list":["post-229623","post","type-post","status-publish","format-standard","has-post-thumbnail","hentry","category-cidade","category-destaque-da-semana","category-esporte","category-ultima-hora"],"_links":{"self":[{"href":"https:\/\/diarioregionaldigital.com.br\/index.php?rest_route=\/wp\/v2\/posts\/229623","targetHints":{"allow":["GET"]}}],"collection":[{"href":"https:\/\/diarioregionaldigital.com.br\/index.php?rest_route=\/wp\/v2\/posts"}],"about":[{"href":"https:\/\/diarioregionaldigital.com.br\/index.php?rest_route=\/wp\/v2\/types\/post"}],"author":[{"embeddable":true,"href":"https:\/\/diarioregionaldigital.com.br\/index.php?rest_route=\/wp\/v2\/users\/246"}],"replies":[{"embeddable":true,"href":"https:\/\/diarioregionaldigital.com.br\/index.php?rest_route=%2Fwp%2Fv2%2Fcomments&post=229623"}],"version-history":[{"count":1,"href":"https:\/\/diarioregionaldigital.com.br\/index.php?rest_route=\/wp\/v2\/posts\/229623\/revisions"}],"predecessor-version":[{"id":229625,"href":"https:\/\/diarioregionaldigital.com.br\/index.php?rest_route=\/wp\/v2\/posts\/229623\/revisions\/229625"}],"wp:featuredmedia":[{"embeddable":true,"href":"https:\/\/diarioregionaldigital.com.br\/index.php?rest_route=\/wp\/v2\/media\/229624"}],"wp:attachment":[{"href":"https:\/\/diarioregionaldigital.com.br\/index.php?rest_route=%2Fwp%2Fv2%2Fmedia&parent=229623"}],"wp:term":[{"taxonomy":"category","embeddable":true,"href":"https:\/\/diarioregionaldigital.com.br\/index.php?rest_route=%2Fwp%2Fv2%2Fcategories&post=229623"},{"taxonomy":"post_tag","embeddable":true,"href":"https:\/\/diarioregionaldigital.com.br\/index.php?rest_route=%2Fwp%2Fv2%2Ftags&post=229623"}],"curies":[{"name":"wp","href":"https:\/\/api.w.org\/{rel}","templated":true}]}}