{"id":229619,"date":"2025-08-01T11:31:53","date_gmt":"2025-08-01T14:31:53","guid":{"rendered":"https:\/\/diarioregionaldigital.com.br\/?p=229619"},"modified":"2025-08-01T11:31:53","modified_gmt":"2025-08-01T14:31:53","slug":"pjf-interdita-deposito-de-materiais-reciclaveis-no-bairro-sao-bernardo","status":"publish","type":"post","link":"https:\/\/diarioregionaldigital.com.br\/?p=229619","title":{"rendered":"PJF interdita dep\u00f3sito de materiais recicl\u00e1veis no bairro S\u00e3o Bernardo"},"content":{"rendered":"<p>Segundo informa\u00e7\u00f5es do site da Prefeitura de Juiz de Fora (PJF), na \u00faltima quinta-feira, 31, a Prefeitura de Juiz de Fora (PJF), por meio da Fiscaliza\u00e7\u00e3o da Secretaria de Desenvolvimento Urbano com Participa\u00e7\u00e3o Popular (SEDUPP), em parceria com a Guarda Municipal, o Corpo de Bombeiros e a Pol\u00edcia Militar, interditou um dep\u00f3sito de materiais recicl\u00e1veis na rua Ces\u00e1rio Alvim, no bairro S\u00e3o Bernardo.<\/p>\n<p>A a\u00e7\u00e3o foi motivada por den\u00fancia e constatou que o estabelecimento ocupava a cal\u00e7ada com materiais, prejudicando a circula\u00e7\u00e3o de pedestres. Durante a vistoria, tamb\u00e9m foi identificado que o local comercializava cobre sem o devido registro. O dep\u00f3sito recebeu auto de infra\u00e7\u00e3o por aus\u00eancia de alvar\u00e1 e pela coloca\u00e7\u00e3o de materiais na via p\u00fablica. Por n\u00e3o possuir o Alvar\u00e1 de Localiza\u00e7\u00e3o e o Auto de Vistoria do Corpo de Bombeiros (AVCB), o local foi interditado.<\/p>\n<p>A opera\u00e7\u00e3o faz parte do trabalho preventivo e de monitoramento do com\u00e9rcio de metais na cidade, garantindo o cumprimento da\u00a0<a href=\"https:\/\/jflegis.pjf.mg.gov.br\/norma.php?chave=0000049625\">Lei n\u00ba 14.391<\/a>. A norma estabelece que empresas do setor devem manter cadastro atualizado de fornecedores e comprovar a origem dos materiais, medida que auxilia no combate a crimes de furto e recepta\u00e7\u00e3o.<\/p>\n<p>Com esse tipo de fiscaliza\u00e7\u00e3o, a Prefeitura inibe o furto de cabos el\u00e9tricos, tampas met\u00e1licas e outros itens que, frequentemente, s\u00e3o destinados a dep\u00f3sitos e ferros-velhos de forma irregular. O telefone para den\u00fancias \u00e9 o (32) 3690-7984.<\/p>\n","protected":false},"excerpt":{"rendered":"<p>Segundo informa\u00e7\u00f5es do site da Prefeitura de Juiz de Fora (PJF), na \u00faltima quinta-feira, 31, a Prefeitura de Juiz de Fora (PJF), por meio da Fiscaliza\u00e7\u00e3o da Secretaria de Desenvolvimento Urbano com Participa\u00e7\u00e3o Popular (SEDUPP), em parceria com a Guarda Municipal, o Corpo de Bombeiros e a Pol\u00edcia Militar, interditou um dep\u00f3sito de materiais recicl\u00e1veis [&hellip;]<\/p>\n","protected":false},"author":246,"featured_media":229621,"comment_status":"closed","ping_status":"closed","sticky":false,"template":"","format":"standard","meta":{"footnotes":""},"categories":[253,436,440,439],"tags":[],"class_list":["post-229619","post","type-post","status-publish","format-standard","has-post-thumbnail","hentry","category-cidade","category-destaque-da-semana","category-destaques-do-dia","category-ultima-hora"],"_links":{"self":[{"href":"https:\/\/diarioregionaldigital.com.br\/index.php?rest_route=\/wp\/v2\/posts\/229619","targetHints":{"allow":["GET"]}}],"collection":[{"href":"https:\/\/diarioregionaldigital.com.br\/index.php?rest_route=\/wp\/v2\/posts"}],"about":[{"href":"https:\/\/diarioregionaldigital.com.br\/index.php?rest_route=\/wp\/v2\/types\/post"}],"author":[{"embeddable":true,"href":"https:\/\/diarioregionaldigital.com.br\/index.php?rest_route=\/wp\/v2\/users\/246"}],"replies":[{"embeddable":true,"href":"https:\/\/diarioregionaldigital.com.br\/index.php?rest_route=%2Fwp%2Fv2%2Fcomments&post=229619"}],"version-history":[{"count":1,"href":"https:\/\/diarioregionaldigital.com.br\/index.php?rest_route=\/wp\/v2\/posts\/229619\/revisions"}],"predecessor-version":[{"id":229622,"href":"https:\/\/diarioregionaldigital.com.br\/index.php?rest_route=\/wp\/v2\/posts\/229619\/revisions\/229622"}],"wp:featuredmedia":[{"embeddable":true,"href":"https:\/\/diarioregionaldigital.com.br\/index.php?rest_route=\/wp\/v2\/media\/229621"}],"wp:attachment":[{"href":"https:\/\/diarioregionaldigital.com.br\/index.php?rest_route=%2Fwp%2Fv2%2Fmedia&parent=229619"}],"wp:term":[{"taxonomy":"category","embeddable":true,"href":"https:\/\/diarioregionaldigital.com.br\/index.php?rest_route=%2Fwp%2Fv2%2Fcategories&post=229619"},{"taxonomy":"post_tag","embeddable":true,"href":"https:\/\/diarioregionaldigital.com.br\/index.php?rest_route=%2Fwp%2Fv2%2Ftags&post=229619"}],"curies":[{"name":"wp","href":"https:\/\/api.w.org\/{rel}","templated":true}]}}