{"id":229616,"date":"2025-08-01T11:28:56","date_gmt":"2025-08-01T14:28:56","guid":{"rendered":"https:\/\/diarioregionaldigital.com.br\/?p=229616"},"modified":"2025-08-01T11:28:56","modified_gmt":"2025-08-01T14:28:56","slug":"copa-do-brasil-atletico-mg-vence-o-flamengo-no-rio-e-abre-vantagem","status":"publish","type":"post","link":"https:\/\/diarioregionaldigital.com.br\/?p=229616","title":{"rendered":"Copa do Brasil: Atl\u00e9tico-MG vence o Flamengo, no Rio, e abre vantagem"},"content":{"rendered":"<p><strong>O Atl\u00e9tico-MG saiu na frente do Flamengo pelas oitavas de final da Copa do Brasil. Na noite de quinta-feira (31), no Rio de Janeiro, o Galo venceu o rubro-negro carioca por 1 a 0, no Maracan\u00e3.<\/strong>\u00a0A\u00a0<strong>R\u00e1dio Nacional<\/strong>\u00a0transmitiu o jogo ao vivo.<img decoding=\"async\" src=\"https:\/\/agenciabrasil.ebc.com.br\/ebc.png?id=1652809&amp;o=node\" \/><img decoding=\"async\" src=\"https:\/\/agenciabrasil.ebc.com.br\/ebc.gif?id=1652809&amp;o=node\" \/><\/p>\n<p>A partida de volta ser\u00e1 na pr\u00f3xima quarta-feira (6), \u00e0s 19h (hor\u00e1rio de Bras\u00edlia), na Arena MRV, em Belo Horizonte. Os alvinegros se classificam em caso de empate. O Flamengo tem de ganhar por dois gols ou mais de saldo durante os 90 minutos para avan\u00e7ar. Caso o placar agregado fique empatado, a vaga ser\u00e1 definida nos p\u00eanaltis.<\/p>\n<p><strong>A Copa do Brasil \u00e9 a competi\u00e7\u00e3o de maior premia\u00e7\u00e3o no pa\u00eds. O campe\u00e3o de 2025 pode acumular R$ 101 milh\u00f5es ao longo do torneio. O t\u00edtulo garante cerca de R$ 77 milh\u00f5es e o vice assegura R$ 33 milh\u00f5es. A Confedera\u00e7\u00e3o Brasileira de Futebol (CBF) distribui \u00e0s equipes que avan\u00e7arem \u00e0s quartas de final pouco mais de R$ 4,7 milh\u00f5es.<\/strong><\/p>\n<h2>Como foi<\/h2>\n<p><strong>As duas equipes foram para o jogo com novidades. No Flamengo, o t\u00e9cnico Filipe Lu\u00eds relacionou tr\u00eas dos quatro refor\u00e7os contratados: o lateral Emerson Royal, que estava no Milan, da It\u00e1lia; o ponta Samuel Lino e o meia espanhol Sa\u00fal, ambos trazidos do Atl\u00e9tico de Madrid, da Espanha. O trio come\u00e7ou a partida no banco de reservas &#8211; o meia colombiano Jorge Carrascal, ex-D\u00ednamo de Moscou, da R\u00fassia, ainda n\u00e3o foi regularizado no Boletim Informativo Di\u00e1rio (BID) da CBF.<\/strong><\/p>\n<p>Pelo lado atleticano, Dudu conseguiu um efeito suspensivo no Superior Tribunal de Justi\u00e7a Desportiva (STJD) e foi liberado para atuar na Copa do Brasil. Ele foi punido com seis jogos por ofender a presidente do Palmeiras, Leila Pereira, em janeiro, por uma rede social.<\/p>\n<p>J\u00e1 o refor\u00e7o Alexsander, ex-Fluminense e que estava no Al-Ahli, da Ar\u00e1bia Saudita, foi relacionado pela primeira vez. Tanto o atacante como o volante iniciaram o confronto no banco, mas somente o segundo foi utilizado pelo t\u00e9cnico Cuca, na etapa final.<\/p>\n<p><strong>O Flamengo teve mais presen\u00e7a ofensiva no primeiro tempo, liderou a posse de bola (58% a 42%) e finalizou 11 vezes contra sete do Atl\u00e9tico-MG, mas encontrou dificuldades para entrar na \u00e1rea da equipe mineira. N\u00e3o \u00e0 toa, a melhor oportunidade foi um chute de fora da \u00e1rea do volante Evertton Ara\u00fajo, que parou no travess\u00e3o.<\/strong><\/p>\n<p>O Galo voltou melhor do intervalo. Mesmo ficando pouco tempo com a bola nos p\u00e9s (30% a 70% at\u00e9 metade da etapa final), o time mineiro era perigoso nos contra-ataques e marcava bem a sa\u00edda de bola rubro-negra. Foi assim que a equipe visitante saiu na frente aos 20 minutos. O atacante Tom\u00e1s Cuello se intrometeu na troca de passes dos zagueiros L\u00e9o Pereira e L\u00e9o Ortiz dentro da \u00e1rea e mandou para as redes.<\/p>\n<p>Os cariocas &#8211; que j\u00e1 tinham apostado em Samuel Lino no lugar de Matheus Gon\u00e7alves &#8211; promoveram tamb\u00e9m as entradas de Sa\u00fal e Emerson Royal nas vagas de Gonzalo Plata e Guillermo Varela, respectivamente. A\u00a0 partir da\u00ed, o Flamengo pressionou atr\u00e1s do empate.<\/p>\n<p>Aos 35 minutos, Samuel Lino cruzou pela esquerda e Emerson Royal apareceu na \u00e1rea para finalizar, acertando o travess\u00e3o. Tr\u00eas minutos depois, o ex-ponta do Atl\u00e9tico de Madrid recebeu de Sa\u00fal, escapou do zagueiro Lyanco e chutou cruzado, para \u00f3tima defesa do goleiro Everson, do Atl\u00e9tico Mineiro.<\/p>\n<p>Nos acr\u00e9scimos, Samuel Lino chegou a marcar de cabe\u00e7a, ap\u00f3s cruzamento pela direita de Emerson Royal, dentro da \u00e1rea. O ponta, no entanto, estava adiantado e o gol foi anulado por impedimento, para al\u00edvio da torcida alvinegra, que celebrou a vit\u00f3ria no Maracan\u00e3.<\/p>\n<h2>S\u00e3o Paulo na frente<\/h2>\n<p><strong>Mais cedo, nessa quinta-feira, o S\u00e3o Paulo saiu na frente do Athletico-PR, ao vencer, no Morumbis, por 2 a 1. A partida de volta ser\u00e1 na Ligga Arena, em Curitiba, na pr\u00f3xima quarta, \u00e0s 19h30.<\/strong>\u00a0O tricolor, que chegou \u00e0 quarta vit\u00f3ria consecutiva na temporada, tem a vantagem do empate. O time do Paran\u00e1 tem de ganhar por dois ou mais gols de diferen\u00e7a para se classificar no tempo normal. Caso o rubro-negro paranaense ganhe por um gol de saldo, a decis\u00e3o ser\u00e1 nos p\u00eanaltis.<\/p>\n<p>Os donos da casa abriram o placar com Pablo Maia, aos 30 minutos do primeiro tempo. O volante aproveitou a\u00a0bola ajeitada pelo zagueiro Alan Franco e finalizou de fora da \u00e1rea. Aos 31 da etapa final, o meia Rodriguinho escapou de tr\u00eas marcadores pela esquerda e rolou para o atacante Ferreirinha, dentro da \u00e1rea, ampliar para o time comandado por Hern\u00e1n Crespo. Aos 43, o atacante Kevin Viveros descontou para os paranaenses.<\/p>\n<h2>Mais Copa do Brasil<\/h2>\n<p>As oitavas da Copa do Brasil come\u00e7aram na \u00faltima ter\u00e7a-feira (29), com a vit\u00f3ria do Botafogo sobre o Red Bull Bragantino, por 2 a 0, no Est\u00e1dio Nilton Santos, no Rio de Janeiro.<\/p>\n<p>O zagueiro Alexander Barboza e o meia \u00c1lvaro Montoro balan\u00e7aram as redes para o Botafogo, que pode perder at\u00e9 por um gol de diferen\u00e7a no jogo de volta, quarta-feira que vem, \u00e0s 19h, no Est\u00e1dio C\u00edcero de Souza Marques, em Bragan\u00e7a Paulista (SP). Bragantino precisa ganhar por tr\u00eas ou mais gols nos 90 minutos.<\/p>\n<p>Nessa quarta-feira, outras cinco partidas movimentaram a Copa do Brasil. Confira os resultados:<\/p>\n<p>Internacional 1&#215;2 Fluminense &#8211; transmiss\u00e3o da\u00a0<strong>R\u00e1dio Nacional.<\/strong><\/p>\n<p>Bahia 3&#215;2 Retr\u00f4<\/p>\n<p>Cruzeiro 0x0 CRB<\/p>\n<p>CSA 0x0 Vasco<\/p>\n<p>Corinthians 1&#215;0 Palmeiras<\/p>\n<p>Fonte: Ag\u00eancia Brasil<\/p>\n","protected":false},"excerpt":{"rendered":"<p>O Atl\u00e9tico-MG saiu na frente do Flamengo pelas oitavas de final da Copa do Brasil. Na noite de quinta-feira (31), no Rio de Janeiro, o Galo venceu o rubro-negro carioca por 1 a 0, no Maracan\u00e3.\u00a0A\u00a0R\u00e1dio Nacional\u00a0transmitiu o jogo ao vivo. A partida de volta ser\u00e1 na pr\u00f3xima quarta-feira (6), \u00e0s 19h (hor\u00e1rio de Bras\u00edlia), [&hellip;]<\/p>\n","protected":false},"author":246,"featured_media":229617,"comment_status":"closed","ping_status":"closed","sticky":false,"template":"","format":"standard","meta":{"footnotes":""},"categories":[436,440,257,439],"tags":[],"class_list":["post-229616","post","type-post","status-publish","format-standard","has-post-thumbnail","hentry","category-destaque-da-semana","category-destaques-do-dia","category-esporte","category-ultima-hora"],"_links":{"self":[{"href":"https:\/\/diarioregionaldigital.com.br\/index.php?rest_route=\/wp\/v2\/posts\/229616","targetHints":{"allow":["GET"]}}],"collection":[{"href":"https:\/\/diarioregionaldigital.com.br\/index.php?rest_route=\/wp\/v2\/posts"}],"about":[{"href":"https:\/\/diarioregionaldigital.com.br\/index.php?rest_route=\/wp\/v2\/types\/post"}],"author":[{"embeddable":true,"href":"https:\/\/diarioregionaldigital.com.br\/index.php?rest_route=\/wp\/v2\/users\/246"}],"replies":[{"embeddable":true,"href":"https:\/\/diarioregionaldigital.com.br\/index.php?rest_route=%2Fwp%2Fv2%2Fcomments&post=229616"}],"version-history":[{"count":1,"href":"https:\/\/diarioregionaldigital.com.br\/index.php?rest_route=\/wp\/v2\/posts\/229616\/revisions"}],"predecessor-version":[{"id":229618,"href":"https:\/\/diarioregionaldigital.com.br\/index.php?rest_route=\/wp\/v2\/posts\/229616\/revisions\/229618"}],"wp:featuredmedia":[{"embeddable":true,"href":"https:\/\/diarioregionaldigital.com.br\/index.php?rest_route=\/wp\/v2\/media\/229617"}],"wp:attachment":[{"href":"https:\/\/diarioregionaldigital.com.br\/index.php?rest_route=%2Fwp%2Fv2%2Fmedia&parent=229616"}],"wp:term":[{"taxonomy":"category","embeddable":true,"href":"https:\/\/diarioregionaldigital.com.br\/index.php?rest_route=%2Fwp%2Fv2%2Fcategories&post=229616"},{"taxonomy":"post_tag","embeddable":true,"href":"https:\/\/diarioregionaldigital.com.br\/index.php?rest_route=%2Fwp%2Fv2%2Ftags&post=229616"}],"curies":[{"name":"wp","href":"https:\/\/api.w.org\/{rel}","templated":true}]}}