{"id":229613,"date":"2025-08-01T11:27:29","date_gmt":"2025-08-01T14:27:29","guid":{"rendered":"https:\/\/diarioregionaldigital.com.br\/?p=229613"},"modified":"2025-08-01T11:27:29","modified_gmt":"2025-08-01T14:27:29","slug":"minas-gerais-da-inicio-a-campanha-de-vacinacao-contra-a-raiva-em-caes-e-gatos","status":"publish","type":"post","link":"https:\/\/diarioregionaldigital.com.br\/?p=229613","title":{"rendered":"Minas Gerais d\u00e1 in\u00edcio \u00e0 campanha de vacina\u00e7\u00e3o contra a raiva em c\u00e3es e gatos"},"content":{"rendered":"<p>Carinho, companhia e fidelidade: quem convive com c\u00e3es e gatos sabe o quanto eles se tornam parte da fam\u00edlia. E, como todo membro da casa, eles tamb\u00e9m precisam de prote\u00e7\u00e3o. Em Minas Gerais, come\u00e7a nesta quinta-feira (1\/8) a campanha de vacina\u00e7\u00e3o contra a raiva em c\u00e3es e gatos. A iniciativa \u00e9 coordenada pelo\u00a0<a href=\"https:\/\/www.mg.gov.br\/\" target=\"_blank\" rel=\"noopener\">Governo de Minas<\/a>, por meio da\u00a0<a href=\"https:\/\/www.saude.mg.gov.br\/\" target=\"_blank\" rel=\"noopener\">Secretaria de Estado de Sa\u00fade de Minas Gerais (SES-MG)<\/a>\u00a0e segue at\u00e9 15\/10, com a expectativa de vacinar mais de 4 milh\u00f5es de animais em todo o estado.<\/p>\n<p>Gratuita e segura, a vacina \u00e9 a principal forma de prevenir a raiva, uma doen\u00e7a grave, com taxa de letalidade pr\u00f3xima de 100% em humanos e animais. Cada munic\u00edpio \u00e9 respons\u00e1vel por definir seu cronograma e o Dia D de vacina\u00e7\u00e3o. Por isso, os tutores devem ficar atentos \u00e0s datas divulgadas pelas secretarias municipais de Sa\u00fade.<\/p>\n<table border=\"0\" cellspacing=\"1\" cellpadding=\"1\" align=\"center\">\n<tbody>\n<tr>\n<td colspan=\"5\"><img decoding=\"async\" src=\"https:\/\/www.agenciaminas.mg.gov.br\/ckeditor_assets\/pictures\/20949\/content_2_olho_topo.jpg\" alt=\"\" \/><\/td>\n<\/tr>\n<tr>\n<td><\/td>\n<td colspan=\"3\" rowspan=\"3\">\n<h1><strong>&#8220;A vacina\u00e7\u00e3o antirr\u00e1bica em c\u00e3es e gatos \u00e9 essencial para proteger tanto os animais quanto a popula\u00e7\u00e3o. Por isso, \u00e9 fundamental alcan\u00e7ar \u00e1reas urbanas e rurais&#8221;, destaca Aline Lara Cavalcante, superintendente de Vigil\u00e2ncia Epidemiol\u00f3gica da SES-MG.<\/strong><\/h1>\n<\/td>\n<td><\/td>\n<\/tr>\n<tr>\n<td><\/td>\n<td><\/td>\n<\/tr>\n<tr>\n<td><\/td>\n<td><\/td>\n<\/tr>\n<tr>\n<td colspan=\"5\"><img decoding=\"async\" src=\"https:\/\/www.agenciaminas.mg.gov.br\/ckeditor_assets\/pictures\/20950\/content_2_olho_inferior.jpg\" alt=\"\" \/><\/td>\n<\/tr>\n<\/tbody>\n<\/table>\n<p><strong>Meta e log\u00edstica<\/strong><\/p>\n<p>A meta da campanha \u00e9 imunizar pelo menos 90% da popula\u00e7\u00e3o animal estimada em 3,48 milh\u00f5es de c\u00e3es e cerca de 648 mil gatos. Para isso, a SES-MG vai distribuir, ao longo da campanha, mais de 4,2<\/p>\n<figure class=\"image\"><img decoding=\"async\" src=\"https:\/\/www.agenciaminas.mg.gov.br\/ckeditor_assets\/pictures\/23235\/content_arquivo_pessoal_adriana_correa_8.jpeg\" alt=\"\" \/><figcaption><sub><em>Lua, Raio e Luna s\u00e3o vacinados contra raiva todo ano.<br \/>\nArquivo Pessoal<\/em><\/sub><\/figcaption><\/figure>\n<p>milh\u00f5es de doses da vacina aos munic\u00edpios mineiros, por meio das Unidades Regionais de Sa\u00fade.<\/p>\n<p>Cada prefeitura organiza sua pr\u00f3pria estrat\u00e9gia de aplica\u00e7\u00e3o, considerando a realidade do territ\u00f3rio. Em Santa Luzia, na Regi\u00e3o Metropolitana de Belo Horizonte (RMBH), por exemplo, o Dia D na \u00e1rea urbana ser\u00e1 em 23\/8. J\u00e1 na zona rural, a imuniza\u00e7\u00e3o ser\u00e1 iniciada duas semanas antes, com visita \u00e0s propriedades.<\/p>\n<p>\u201cEstamos reunindo os agentes comunit\u00e1rios de sa\u00fade, alinhando a log\u00edstica e realizando divulga\u00e7\u00e3o para garantir que todos os tutores saibam quando e onde vacinar seus animais\u201d, explica a veterin\u00e1ria Viviane Moreira, refer\u00eancia t\u00e9cnica do munic\u00edpio.<\/p>\n<p><strong>Responsabilidade que salva vidas<\/strong><\/p>\n<p>Para tutores como a analista de cr\u00e9dito Adriana Almeida Correia, de 52 anos, participar da campanha j\u00e1 virou rotina. \u201cTenho tr\u00eas pets, a Lua, o Raio e a Luna. Todo ano eu os levo\u00a0para vacinar pelo Sistema \u00danico de Sa\u00fade (SUS). \u00c9 cuidado com eles, mas tamb\u00e9m com a nossa sa\u00fade\u201d, afirma.<\/p>\n<p><strong>V\u00edrus fatal<\/strong><\/p>\n<p>A raiva \u00e9 causada pelo v\u00edrus do g\u00eanero\u00a0Lyssavirus, que atinge o sistema nervoso central e provoca uma inflama\u00e7\u00e3o cerebral progressiva e fatal. A transmiss\u00e3o acontece, principalmente, por mordidas, arranh\u00f5es ou lambidas de animais infectados.<\/p>\n<p>Em geral, os primeiros sintomas nos animais incluem mudan\u00e7as bruscas de comportamento, saliva\u00e7\u00e3o intensa, dificuldade para engolir, falta de coordena\u00e7\u00e3o motora e sensibilidade \u00e0 luz.<\/p>\n<p>&nbsp;<\/p>\n<table border=\"0\" cellspacing=\"1\" cellpadding=\"1\" align=\"center\">\n<tbody>\n<tr>\n<td colspan=\"5\"><img decoding=\"async\" src=\"https:\/\/www.agenciaminas.mg.gov.br\/ckeditor_assets\/pictures\/20949\/content_2_olho_topo.jpg\" alt=\"\" \/><\/td>\n<\/tr>\n<tr>\n<td><\/td>\n<td colspan=\"3\" rowspan=\"3\">\n<h1><strong>&#8220;Qualquer altera\u00e7\u00e3o de comportamento deve ser avaliada por um veterin\u00e1rio. Em caso de suspeita, o animal deve ser isolado, com \u00e1gua e comida dispon\u00edveis, e a secretaria municipal de Sa\u00fade deve ser imediatamente notificada&#8221;, orienta Mariana Gontijo de Brito, coordenadora de Zoonoses da SES-MG.<\/strong><\/h1>\n<\/td>\n<td><\/td>\n<\/tr>\n<tr>\n<td><\/td>\n<td><\/td>\n<\/tr>\n<tr>\n<td><\/td>\n<td><\/td>\n<\/tr>\n<tr>\n<td colspan=\"5\"><img decoding=\"async\" src=\"https:\/\/www.agenciaminas.mg.gov.br\/ckeditor_assets\/pictures\/20950\/content_2_olho_inferior.jpg\" alt=\"\" \/><\/td>\n<\/tr>\n<\/tbody>\n<\/table>\n<p>&nbsp;<\/p>\n<p><strong>Cuidados\u00a0devem ser constantes<\/strong><\/p>\n<p>A vacina\u00e7\u00e3o \u00e9 essencial, mas evitar a raiva tamb\u00e9m depende de a\u00e7\u00f5es simples no dia a dia,\u00a0desde a forma como lidamos com os animais at\u00e9 a aten\u00e7\u00e3o a situa\u00e7\u00f5es que podem representar risco.<br \/>\n<img decoding=\"async\" src=\"https:\/\/www.agenciaminas.mg.gov.br\/ckeditor_assets\/pictures\/23234\/content_whatsapp_image_2025-07-31_at_15_30_41.jpeg\" alt=\"\" \/><\/p>\n<p><sub><em>Fonte: SES-MG<\/em><\/sub><\/p>\n<p>Em humanos, a vacina\u00e7\u00e3o preventiva contra a raiva \u00e9 recomendada apenas para pessoas com risco constante de exposi\u00e7\u00e3o ao v\u00edrus, como profissionais que trabalham diretamente com animais.<\/p>\n<p>De 2024 at\u00e9 o momento, Minas Gerais n\u00e3o registrou nenhum caso suspeito ou confirmado de raiva humana. O \u00faltimo caso no estado foi em 2023, transmitido por um herb\u00edvoro.<\/p>\n<p>\u201cQuando h\u00e1 agress\u00e3o por um animal com suspeita de raiva, o protocolo deve ser iniciado imediatamente em uma unidade de sa\u00fade. \u00c9 isso que garante a preven\u00e7\u00e3o eficaz\u201d, refor\u00e7a Mariana Gontijo.<\/p>\n<p><strong>Prote\u00e7\u00e3o come\u00e7a com informa\u00e7\u00e3o<\/strong><\/p>\n<p>A campanha da SES-MG mobiliza munic\u00edpios, profissionais da sa\u00fade, veterin\u00e1rios e a pr\u00f3pria popula\u00e7\u00e3o para garantir que a raiva continue sob controle em Minas Gerais. Para saber quando vacinar seu pet, a orienta\u00e7\u00e3o \u00e9 procurar a secretaria de sa\u00fade do seu munic\u00edpio e n\u00e3o deixar a prote\u00e7\u00e3o para depois.<\/p>\n<p>Afinal, cuidar dos nossos melhores amigos \u00e9 tamb\u00e9m cuidar da nossa pr\u00f3pria sa\u00fade, e a preven\u00e7\u00e3o est\u00e1 a uma picadinha de\u00a0dist\u00e2ncia.<\/p>\n<p>Fonte: Ag\u00eancia Minas<\/p>\n","protected":false},"excerpt":{"rendered":"<p>Carinho, companhia e fidelidade: quem convive com c\u00e3es e gatos sabe o quanto eles se tornam parte da fam\u00edlia. E, como todo membro da casa, eles tamb\u00e9m precisam de prote\u00e7\u00e3o. Em Minas Gerais, come\u00e7a nesta quinta-feira (1\/8) a campanha de vacina\u00e7\u00e3o contra a raiva em c\u00e3es e gatos. A iniciativa \u00e9 coordenada pelo\u00a0Governo de Minas, [&hellip;]<\/p>\n","protected":false},"author":246,"featured_media":229614,"comment_status":"closed","ping_status":"closed","sticky":false,"template":"","format":"standard","meta":{"footnotes":""},"categories":[436,254,252,439],"tags":[],"class_list":["post-229613","post","type-post","status-publish","format-standard","has-post-thumbnail","hentry","category-destaque-da-semana","category-politica","category-regiao","category-ultima-hora"],"_links":{"self":[{"href":"https:\/\/diarioregionaldigital.com.br\/index.php?rest_route=\/wp\/v2\/posts\/229613","targetHints":{"allow":["GET"]}}],"collection":[{"href":"https:\/\/diarioregionaldigital.com.br\/index.php?rest_route=\/wp\/v2\/posts"}],"about":[{"href":"https:\/\/diarioregionaldigital.com.br\/index.php?rest_route=\/wp\/v2\/types\/post"}],"author":[{"embeddable":true,"href":"https:\/\/diarioregionaldigital.com.br\/index.php?rest_route=\/wp\/v2\/users\/246"}],"replies":[{"embeddable":true,"href":"https:\/\/diarioregionaldigital.com.br\/index.php?rest_route=%2Fwp%2Fv2%2Fcomments&post=229613"}],"version-history":[{"count":1,"href":"https:\/\/diarioregionaldigital.com.br\/index.php?rest_route=\/wp\/v2\/posts\/229613\/revisions"}],"predecessor-version":[{"id":229615,"href":"https:\/\/diarioregionaldigital.com.br\/index.php?rest_route=\/wp\/v2\/posts\/229613\/revisions\/229615"}],"wp:featuredmedia":[{"embeddable":true,"href":"https:\/\/diarioregionaldigital.com.br\/index.php?rest_route=\/wp\/v2\/media\/229614"}],"wp:attachment":[{"href":"https:\/\/diarioregionaldigital.com.br\/index.php?rest_route=%2Fwp%2Fv2%2Fmedia&parent=229613"}],"wp:term":[{"taxonomy":"category","embeddable":true,"href":"https:\/\/diarioregionaldigital.com.br\/index.php?rest_route=%2Fwp%2Fv2%2Fcategories&post=229613"},{"taxonomy":"post_tag","embeddable":true,"href":"https:\/\/diarioregionaldigital.com.br\/index.php?rest_route=%2Fwp%2Fv2%2Ftags&post=229613"}],"curies":[{"name":"wp","href":"https:\/\/api.w.org\/{rel}","templated":true}]}}