{"id":229610,"date":"2025-08-01T11:24:31","date_gmt":"2025-08-01T14:24:31","guid":{"rendered":"https:\/\/diarioregionaldigital.com.br\/?p=229610"},"modified":"2025-08-01T11:24:31","modified_gmt":"2025-08-01T14:24:31","slug":"governo-de-minas-define-novas-regras-para-simplificar-licenciamento-ambiental-para-produtores-rurais","status":"publish","type":"post","link":"https:\/\/diarioregionaldigital.com.br\/?p=229610","title":{"rendered":"Governo de Minas define novas regras para simplificar licenciamento ambiental para produtores rurais"},"content":{"rendered":"<p>O Conselho Estadual de Pol\u00edtica Ambiental (Copam) aprovou altera\u00e7\u00f5es na legisla\u00e7\u00e3o que reclassificam o potencial poluidor\u00a0e simplificam o licenciamento ambiental para propriedades rurais em Minas Gerais. A medida, em vigor desde quinta-feira (31\/7), beneficia produtores rurais, reduzindo custos e fortalecendo a seguran\u00e7a jur\u00eddica sem abrir m\u00e3o do controle ambiental.<\/p>\n<p>A nova norma altera as Delibera\u00e7\u00f5es Normativas do Copam n\u00ba 217\/2017 e 213\/2017 e institui a faixa de dispensa de procedimentos administrativos de licenciamento ambiental para empreendimentos de at\u00e9 1 mil hectares para propriedades rurais. Ela altera regras para a cria\u00e7\u00e3o de bovinos, bubalinos, equinos, muares, ovinos e caprinos, em regime extensivo. Tamb\u00e9m estabelece novos par\u00e2metros para culturas anuais,\u00a0semiperenes\u00a0e perenes, silvicultura e cultivos agrossilvipastoris, exceto horticultura.<\/p>\n<p><strong>Mudan\u00e7as na pr\u00e1tica<\/strong><\/p>\n<p>A modifica\u00e7\u00e3o na regra representa facilidades para a regulariza\u00e7\u00e3o de pequenos e m\u00e9dios produtores\u00a0que, atualmente,\u00a0figuram na informalidade e est\u00e3o pass\u00edveis de multas e infra\u00e7\u00f5es ambientais. As mudan\u00e7as trazem redu\u00e7\u00e3o de custos para produtores rurais, promove o desenvolvimento econ\u00f4mico e efici\u00eancia administrativa, al\u00e9m da adequa\u00e7\u00e3o normativa \u00e0 tend\u00eancia e aos par\u00e2metros nacionais.<\/p>\n<p>\u201cAs novas normas trazem ainda mais seguran\u00e7a jur\u00eddica para investir, acessar cr\u00e9dito, gerar empregos, promover o desenvolvimento social e abrir novas oportunidades de mercado\u201d, afirma a secret\u00e1ria de Estado de\u00a0<a href=\"https:\/\/meioambiente.mg.gov.br\/\" target=\"_blank\" rel=\"noopener\">Meio Ambiente e Desenvolvimento Sustent\u00e1vel de Minas Gerais (Semad-MG)<\/a>,\u00a0Mar\u00edlia Melo.<\/p>\n<p>A secret\u00e1ria destaca os esfor\u00e7os feitos pelo\u00a0<a href=\"https:\/\/www.mg.gov.br\/\" target=\"_blank\" rel=\"noopener\">Governo de Minas<\/a>\u00a0para reduzir os entraves burocr\u00e1ticos, facilitando a vida do produtor rural. &#8220;N\u00f3s fizemos uma grande mudan\u00e7a que nos permitiu zerar o passivo das autoriza\u00e7\u00f5es do uso de \u00e1gua, o passivo das autoriza\u00e7\u00f5es de interven\u00e7\u00e3o ambiental e estamos zerando o passivo de licenciamento&#8221;.<\/p>\n<p>O secret\u00e1rio de Estado de\u00a0<a href=\"https:\/\/www.mg.gov.br\/agricultura\" target=\"_blank\" rel=\"noopener\">Agricultura, Pecu\u00e1ria e Abastecimento de Minas Gerais (Seapa-MG)<\/a>, Thales Fernandes, destaca que a medida representa\u00a0um passo hist\u00f3rico para o desenvolvimento do agroneg\u00f3cio sustent\u00e1vel em Minas Gerais. &#8220;O trabalho de parceria das secretarias de Agricultura e de Meio Ambiente mostra que \u00e9 poss\u00edvel adotar crit\u00e9rios mais proporcionais \u00e0 realidade do produtor, sem comprometer os instrumentos de autoriza\u00e7\u00e3o e controle ambiental\u00a0j\u00e1\u00a0existentes\u201d, observa.<\/p>\n<p><strong>Prote\u00e7\u00e3o ambiental sem altera\u00e7\u00f5es<\/strong><\/p>\n<p>A racionaliza\u00e7\u00e3o do licenciamento n\u00e3o interfere na prote\u00e7\u00e3o ambiental. A nova regra mant\u00e9m todos os instrumentos de controle atuais:<\/p>\n<p>&nbsp;<\/p>\n<blockquote><p>&#8211; CAR (Cadastro Ambiental Rural);<\/p>\n<p>&#8211; Restri\u00e7\u00f5es inerentes \u00e0s \u00c1reas de Preserva\u00e7\u00e3o Permanente (APPs);<\/p>\n<p>&#8211; Fatores locacionais;<\/p>\n<p>&#8211; Obrigatoriedade da Reserva Legal e, para propriedades acima de 1 milhectares, o EIA-RIMA continua obrigat\u00f3rio por for\u00e7a de decis\u00e3o judicial no Estado;<\/p>\n<p>&#8211; Mesmo com forte desenvolvimento agropecu\u00e1rio, 32% da \u00e1rea estadual segue coberta por vegeta\u00e7\u00e3o nativa. Minas \u00e9 o estado com a maior extens\u00e3o preservada de Mata Atl\u00e2ntica do pa\u00eds.<\/p><\/blockquote>\n<p>&nbsp;<\/p>\n<p>\u201cLicenciamento n\u00e3o se confunde com interven\u00e7\u00e3o ambiental ou desmatamento. Minas continua a defender o crescimento com responsabilidade. A simplifica\u00e7\u00e3o de procedimentos para quem produz sem degradar, mantendo r\u00edgidos instrumentos de controle sobre atividades de alto impacto. \u200bEssa \u00e9 a proposta do Governo de Minas para a verdadeira sustentabilidade: equilibrar produ\u00e7\u00e3o, prote\u00e7\u00e3o e prosperidade para esta e para as pr\u00f3ximas gera\u00e7\u00f5es\u201d, afirma Mar\u00edlia Melo.<\/p>\n<p>Fonte: Ag\u00eancia Minas<\/p>\n","protected":false},"excerpt":{"rendered":"<p>O Conselho Estadual de Pol\u00edtica Ambiental (Copam) aprovou altera\u00e7\u00f5es na legisla\u00e7\u00e3o que reclassificam o potencial poluidor\u00a0e simplificam o licenciamento ambiental para propriedades rurais em Minas Gerais. A medida, em vigor desde quinta-feira (31\/7), beneficia produtores rurais, reduzindo custos e fortalecendo a seguran\u00e7a jur\u00eddica sem abrir m\u00e3o do controle ambiental. A nova norma altera as Delibera\u00e7\u00f5es [&hellip;]<\/p>\n","protected":false},"author":246,"featured_media":229611,"comment_status":"closed","ping_status":"closed","sticky":false,"template":"","format":"standard","meta":{"footnotes":""},"categories":[436,261,254,439],"tags":[],"class_list":["post-229610","post","type-post","status-publish","format-standard","has-post-thumbnail","hentry","category-destaque-da-semana","category-economia","category-politica","category-ultima-hora"],"_links":{"self":[{"href":"https:\/\/diarioregionaldigital.com.br\/index.php?rest_route=\/wp\/v2\/posts\/229610","targetHints":{"allow":["GET"]}}],"collection":[{"href":"https:\/\/diarioregionaldigital.com.br\/index.php?rest_route=\/wp\/v2\/posts"}],"about":[{"href":"https:\/\/diarioregionaldigital.com.br\/index.php?rest_route=\/wp\/v2\/types\/post"}],"author":[{"embeddable":true,"href":"https:\/\/diarioregionaldigital.com.br\/index.php?rest_route=\/wp\/v2\/users\/246"}],"replies":[{"embeddable":true,"href":"https:\/\/diarioregionaldigital.com.br\/index.php?rest_route=%2Fwp%2Fv2%2Fcomments&post=229610"}],"version-history":[{"count":1,"href":"https:\/\/diarioregionaldigital.com.br\/index.php?rest_route=\/wp\/v2\/posts\/229610\/revisions"}],"predecessor-version":[{"id":229612,"href":"https:\/\/diarioregionaldigital.com.br\/index.php?rest_route=\/wp\/v2\/posts\/229610\/revisions\/229612"}],"wp:featuredmedia":[{"embeddable":true,"href":"https:\/\/diarioregionaldigital.com.br\/index.php?rest_route=\/wp\/v2\/media\/229611"}],"wp:attachment":[{"href":"https:\/\/diarioregionaldigital.com.br\/index.php?rest_route=%2Fwp%2Fv2%2Fmedia&parent=229610"}],"wp:term":[{"taxonomy":"category","embeddable":true,"href":"https:\/\/diarioregionaldigital.com.br\/index.php?rest_route=%2Fwp%2Fv2%2Fcategories&post=229610"},{"taxonomy":"post_tag","embeddable":true,"href":"https:\/\/diarioregionaldigital.com.br\/index.php?rest_route=%2Fwp%2Fv2%2Ftags&post=229610"}],"curies":[{"name":"wp","href":"https:\/\/api.w.org\/{rel}","templated":true}]}}