{"id":229607,"date":"2025-08-01T11:23:04","date_gmt":"2025-08-01T14:23:04","guid":{"rendered":"https:\/\/diarioregionaldigital.com.br\/?p=229607"},"modified":"2025-08-01T11:23:04","modified_gmt":"2025-08-01T14:23:04","slug":"governo-de-minas-reduz-tarifa-do-gas-natural-canalizado-em-todo-o-estado","status":"publish","type":"post","link":"https:\/\/diarioregionaldigital.com.br\/?p=229607","title":{"rendered":"Governo de Minas reduz tarifa do g\u00e1s natural canalizado em todo o estado"},"content":{"rendered":"<p>O\u00a0<a href=\"https:\/\/www.mg.gov.br\/\" target=\"_blank\" rel=\"noopener\">Governo de Minas<\/a>, por meio da\u00a0<a href=\"https:\/\/desenvolvimento.mg.gov.br\/\" target=\"_blank\" rel=\"noopener\">Secretaria de Estado de Desenvolvimento Econ\u00f4mico de Minas Gerais (Sede-MG)<\/a>, realizou o reajuste tarif\u00e1rio de g\u00e1s natural canalizado para agosto deste ano, com maior impacto positivo nos pre\u00e7os dos segmentos industrial e automotivo.<\/p>\n<p>Os setores industrial, cogera\u00e7\u00e3o e climatiza\u00e7\u00e3o, g\u00e1s natural comprimido e g\u00e1s natural liquefeito ter\u00e3o redu\u00e7\u00e3o m\u00e9dia de 7,95%. J\u00e1 o segmento veicular apresentar\u00e1 a maior queda, com 9,20% no percentual.<\/p>\n<p>As altera\u00e7\u00f5es podem beneficiar diretamente os mineiros. Na pr\u00e1tica, os motoristas que utilizam ve\u00edculos capazes de serem abastecidos pelo g\u00e1s natural veicular (GNV), poder\u00e3o economizar ao optar pela op\u00e7\u00e3o de combust\u00edvel.<\/p>\n<p>O reajuste foi divulgado no\u00a0<a href=\"https:\/\/www.jornalminasgerais.mg.gov.br\/index.php?dataJornal=2025-08-01\" target=\"_blank\" rel=\"noopener\">Di\u00e1rio Oficial do Estado<\/a>, nesta sexta-feira (1\/8), conforme o previsto no Contrato de Concess\u00e3o firmado entre o Estado e a\u00a0<a href=\"https:\/\/gasmig.com.br\/\" target=\"_blank\" rel=\"noopener\">Companhia de G\u00e1s de Minas Gerais (Gasmig)<\/a>.<\/p>\n<table border=\"0\" cellspacing=\"1\" cellpadding=\"1\" align=\"center\">\n<tbody>\n<tr>\n<td colspan=\"5\"><img decoding=\"async\" src=\"https:\/\/www.agenciaminas.mg.gov.br\/ckeditor_assets\/pictures\/20949\/content_2_olho_topo.jpg\" alt=\"\" \/><\/td>\n<\/tr>\n<tr>\n<td><\/td>\n<td colspan=\"3\" rowspan=\"3\">\n<h1><strong>&#8220;As tarifas mais m\u00f3dicas contribuem para o ambiente de neg\u00f3cios, al\u00e9m de fortalecer a cadeia produtiva para gerar mais emprego, renda e atrair empresas interessadas em se instalar em Minas, em vista da disponibilidade energ\u00e9tica a um custo mais baixo&#8221;, afirma a secret\u00e1ria de Estado de Desenvolvimento Econ\u00f4mico, Mila Corr\u00eaa da Costa.<\/strong><\/h1>\n<\/td>\n<td><\/td>\n<\/tr>\n<tr>\n<td><\/td>\n<td><\/td>\n<\/tr>\n<tr>\n<td><\/td>\n<td><\/td>\n<\/tr>\n<tr>\n<td colspan=\"5\"><img decoding=\"async\" src=\"https:\/\/www.agenciaminas.mg.gov.br\/ckeditor_assets\/pictures\/20950\/content_2_olho_inferior.jpg\" alt=\"\" \/><\/td>\n<\/tr>\n<\/tbody>\n<\/table>\n<p><strong>Manuten\u00e7\u00e3o da competitividade<\/strong><\/p>\n<p>Segundo o Superintendente de Pol\u00edtica Miner\u00e1ria, Energ\u00e9tica e Log\u00edstica da Sede-MG, Pedro Sena, o reajuste visa manter a competitividade no mercado de g\u00e1s natural em Minas Gerais, principalmente, para o mercado n\u00e3o urbano.<\/p>\n<p>\u201cApesar de o reajuste tarif\u00e1rio envolver aspectos macroecon\u00f4micos, buscamos reduzir as tarifas em patamares m\u00f3dicos e competitivos para a ind\u00fastria, contribuindo para a competitividade desse segmento de mercado que responde por parcela importante do PIB mineiro\u201d, destaca Pedro Sena.<\/p>\n<table border=\"0\" cellspacing=\"1\" cellpadding=\"1\" align=\"center\">\n<tbody>\n<tr>\n<td colspan=\"5\"><img decoding=\"async\" src=\"https:\/\/www.agenciaminas.mg.gov.br\/ckeditor_assets\/pictures\/20949\/content_2_olho_topo.jpg\" alt=\"\" \/><\/td>\n<\/tr>\n<tr>\n<td><\/td>\n<td colspan=\"3\" rowspan=\"3\">\n<h1><strong>&#8220;No caso do GNV, continuamos com a pol\u00edtica de est\u00edmulo ao repassar um valor menor para as tarifas fazendo com que o consumidor possa optar por um combust\u00edvel mais barato e menos poluente, al\u00e9m de experimentar al\u00edvio em seu or\u00e7amento&#8221;, complementa o superintendente da Sede-MG.<\/strong><\/h1>\n<\/td>\n<td><\/td>\n<\/tr>\n<tr>\n<td><\/td>\n<td><\/td>\n<\/tr>\n<tr>\n<td><\/td>\n<td><\/td>\n<\/tr>\n<tr>\n<td colspan=\"5\"><img decoding=\"async\" src=\"https:\/\/www.agenciaminas.mg.gov.br\/ckeditor_assets\/pictures\/20950\/content_2_olho_inferior.jpg\" alt=\"\" \/><\/td>\n<\/tr>\n<\/tbody>\n<\/table>\n<p>Al\u00e9m do uso nas resid\u00eancias e ve\u00edculos, os reajustes devem beneficiar o setor industrial que utiliza o g\u00e1s natural como fonte de energia e mat\u00e9ria-prima em processos produtivos. Al\u00e9m disso, o g\u00e1s natural se destaca por ser uma fonte de energia mais limpa, uma vez que sua queima emite menos poluentes em compara\u00e7\u00e3o a outros combust\u00edveis f\u00f3sseis.<\/p>\n<p>Em Betim, Regi\u00e3o Metropolitana de Belo Horizonte (RMBH), a Log\u00e1s se destaca como uma das principais especializadas na distribui\u00e7\u00e3o, abastecimento e log\u00edstica de g\u00e1s natural comprimido no pa\u00eds e, para o gerente, Wanius Medeiros, o reajuste beneficiar\u00e1 seu trabalho direto com as empresas que utilizam o servi\u00e7o ofertado.<\/p>\n<p>\u201cVejo com bons olhos essa redu\u00e7\u00e3o, pois o g\u00e1s natural ficou esquecido por muitos anos, como uma energia que n\u00e3o era a principal. Hoje \u00e9 importante que ela seja a principal, em raz\u00e3o de quest\u00f5es ambientais e empregabilidade\u201d, destaca o gerente t\u00e9cnico comercial da Log\u00e1s, Wanius Medeiros.<\/p>\n<p><strong>Transpar\u00eancia<\/strong><\/p>\n<p>Os reajustes tarif\u00e1rios realizados trimestralmente s\u00e3o divulgados para o p\u00fablico geral no site da Sede-MG. Os usu\u00e1rios podem conferir as principais informa\u00e7\u00f5es para a varia\u00e7\u00e3o de custo, margem e tarifas estabelecidas, al\u00e9m da metodologia necess\u00e1ria para o c\u00e1lculo por faixas de volume. Ainda, \u00e9 poss\u00edvel simular o valor a ser pago, sem impostos e conforme o consumo.<\/p>\n<p>Os valores para o consumidor final, no entanto, poder\u00e3o ser diferentes do percentual homologado pela Sede-MG, uma vez que, os postos de abastecimento t\u00eam autonomia para repassar a redu\u00e7\u00e3o de forma integral ou parcial aos seus clientes.<\/p>\n<p>Fonte: Ag\u00eancia Minas<\/p>\n","protected":false},"excerpt":{"rendered":"<p>O\u00a0Governo de Minas, por meio da\u00a0Secretaria de Estado de Desenvolvimento Econ\u00f4mico de Minas Gerais (Sede-MG), realizou o reajuste tarif\u00e1rio de g\u00e1s natural canalizado para agosto deste ano, com maior impacto positivo nos pre\u00e7os dos segmentos industrial e automotivo. Os setores industrial, cogera\u00e7\u00e3o e climatiza\u00e7\u00e3o, g\u00e1s natural comprimido e g\u00e1s natural liquefeito ter\u00e3o redu\u00e7\u00e3o m\u00e9dia de [&hellip;]<\/p>\n","protected":false},"author":246,"featured_media":229608,"comment_status":"closed","ping_status":"closed","sticky":false,"template":"","format":"standard","meta":{"footnotes":""},"categories":[436,440,261,254,439],"tags":[],"class_list":["post-229607","post","type-post","status-publish","format-standard","has-post-thumbnail","hentry","category-destaque-da-semana","category-destaques-do-dia","category-economia","category-politica","category-ultima-hora"],"_links":{"self":[{"href":"https:\/\/diarioregionaldigital.com.br\/index.php?rest_route=\/wp\/v2\/posts\/229607","targetHints":{"allow":["GET"]}}],"collection":[{"href":"https:\/\/diarioregionaldigital.com.br\/index.php?rest_route=\/wp\/v2\/posts"}],"about":[{"href":"https:\/\/diarioregionaldigital.com.br\/index.php?rest_route=\/wp\/v2\/types\/post"}],"author":[{"embeddable":true,"href":"https:\/\/diarioregionaldigital.com.br\/index.php?rest_route=\/wp\/v2\/users\/246"}],"replies":[{"embeddable":true,"href":"https:\/\/diarioregionaldigital.com.br\/index.php?rest_route=%2Fwp%2Fv2%2Fcomments&post=229607"}],"version-history":[{"count":1,"href":"https:\/\/diarioregionaldigital.com.br\/index.php?rest_route=\/wp\/v2\/posts\/229607\/revisions"}],"predecessor-version":[{"id":229609,"href":"https:\/\/diarioregionaldigital.com.br\/index.php?rest_route=\/wp\/v2\/posts\/229607\/revisions\/229609"}],"wp:featuredmedia":[{"embeddable":true,"href":"https:\/\/diarioregionaldigital.com.br\/index.php?rest_route=\/wp\/v2\/media\/229608"}],"wp:attachment":[{"href":"https:\/\/diarioregionaldigital.com.br\/index.php?rest_route=%2Fwp%2Fv2%2Fmedia&parent=229607"}],"wp:term":[{"taxonomy":"category","embeddable":true,"href":"https:\/\/diarioregionaldigital.com.br\/index.php?rest_route=%2Fwp%2Fv2%2Fcategories&post=229607"},{"taxonomy":"post_tag","embeddable":true,"href":"https:\/\/diarioregionaldigital.com.br\/index.php?rest_route=%2Fwp%2Fv2%2Ftags&post=229607"}],"curies":[{"name":"wp","href":"https:\/\/api.w.org\/{rel}","templated":true}]}}