{"id":229604,"date":"2025-08-01T11:21:58","date_gmt":"2025-08-01T14:21:58","guid":{"rendered":"https:\/\/diarioregionaldigital.com.br\/?p=229604"},"modified":"2025-08-01T11:21:58","modified_gmt":"2025-08-01T14:21:58","slug":"governo-de-minas-lanca-plataforma-sesresolve-para-modernizar-a-gestao-orcamentaria-e-financeira-no-estado","status":"publish","type":"post","link":"https:\/\/diarioregionaldigital.com.br\/?p=229604","title":{"rendered":"Governo de Minas lan\u00e7a plataforma SESResolve para modernizar a gest\u00e3o or\u00e7ament\u00e1ria e financeira no estado"},"content":{"rendered":"<p>A partir deste m\u00eas, os munic\u00edpios mineiros ter\u00e3o acesso mais \u00e1gil aos recursos estaduais destinados \u00e0 sa\u00fade. A mudan\u00e7a ser\u00e1 viabilizada pelo SESResolve, novo sistema desenvolvido pela\u00a0<a href=\"https:\/\/www.saude.mg.gov.br\/\" target=\"_blank\" rel=\"noopener\">Secretaria de Estado de Sa\u00fade de Minas Gerais (SES-MG)<\/a>, em parceria com a\u00a0<a href=\"https:\/\/www.prodemge.gov.br\/\" target=\"_blank\" rel=\"noopener\">Prodemge<\/a>, para modernizar a gest\u00e3o das pol\u00edticas p\u00fablicas em sa\u00fade. A plataforma foi lan\u00e7ada nessa quarta-feira (30\/7), na Cidade Administrativa.<\/p>\n<p>O SESResolve substituir\u00e1 o antigo Sigres e integra o Projeto Estrat\u00e9gico de Intelig\u00eancia do Gasto, vinculado ao objetivo estrat\u00e9gico da SES-MG. A nova ferramenta representa um avan\u00e7o na gest\u00e3o or\u00e7ament\u00e1ria e financeira, com mais transpar\u00eancia e controle sobre as resolu\u00e7\u00f5es de financiamento.<\/p>\n<p>A secret\u00e1ria adjunta de Sa\u00fade, Poliana Lopes, destacou que o sistema vai simplificar os repasses e ampliar a autonomia municipal.<\/p>\n<p>\u201cO SESResolve representa um grande passo para garantir maior flexibilidade na aplica\u00e7\u00e3o dos recursos. Os munic\u00edpios ter\u00e3o mais autonomia para decidir, com base em suas prioridades, onde investir. A presta\u00e7\u00e3o de contas ser\u00e1 mais simples e eficiente\u201d, afirmou.<\/p>\n<p>\u201cNossa expectativa \u00e9 muito positiva. Com essa ferramenta, os munic\u00edpios poder\u00e3o atender \u00e0 popula\u00e7\u00e3o com mais agilidade e alinhamento \u00e0s demandas locais. \u00c9 uma conquista que merece ser celebrada.\u201d<\/p>\n<p>Para o vice-presidente do Cosems-MG, Ricardo Cacau Melo, \u00e9 essencial que os gestores contem com uma ferramenta pr\u00e1tica, que assegure transpar\u00eancia e o cumprimento das metas.<\/p>\n<p>\u201cMais uma vez, vemos a SES-MG refor\u00e7ando o compromisso com a valoriza\u00e7\u00e3o das equipes e a otimiza\u00e7\u00e3o do trabalho. Acredito que os munic\u00edpios v\u00e3o vivenciar uma transforma\u00e7\u00e3o com essa nova forma de gest\u00e3o, baseada no respeito e na clareza. Agradecemos pelo desenvolvimento dessa tecnologia, que vai facilitar a rotina dos gestores, especialmente nos munic\u00edpios de menor porte\u201d.<\/p>\n<p>O sistema foi desenvolvido com o envolvimento direto de cerca de 50 servidores da SES-MG e da Prodemge. Foram mais de 126 horas de reuni\u00f5es entre novembro de 2024 e maio de 2025. O m\u00f3dulo I entra em opera\u00e7\u00e3o com a publica\u00e7\u00e3o do decreto, nesta sexta-feira (1\/8), e o m\u00f3dulo II ser\u00e1 lan\u00e7ado at\u00e9 o fim de 2025.<\/p>\n<p><b>Digital e integrada<\/b><\/p>\n<p>A plataforma oferece gest\u00e3o integrada e digital de sistemas, perfis de usu\u00e1rios, resolu\u00e7\u00f5es e termos relacionados \u00e0s pol\u00edticas de sa\u00fade. Permite consulta direta ao Cadastro Geral de Convenentes (Cagec), base usada para identificar munic\u00edpios e entidades que executam a\u00e7\u00f5es com apoio estadual.<\/p>\n<p>A interface foi pensada para melhorar a experi\u00eancia do usu\u00e1rio, facilitando o uso por servidores da SES-MG, prefeituras, cons\u00f3rcios e entidades que recebem recursos.<\/p>\n<p>\u201cA plataforma vai facilitar a rotina das equipes, reduzir retrabalho e tornar os processos mais seguros. Tamb\u00e9m dar\u00e1 mais agilidade aos repasses, com possibilidade de inclus\u00e3o de novas funcionalidades ao longo do tempo\u201d, afirmou Allan Coimbra, superintendente da Prodemge.<\/p>\n<p>Segundo Felipe Galgani, assessor da Superintend\u00eancia de Planejamento e Finan\u00e7as da SES-MG, o sistema vai ampliar o acesso \u00e0s resolu\u00e7\u00f5es e facilitar a execu\u00e7\u00e3o dos recursos.<\/p>\n<p>\u201cCom a integra\u00e7\u00e3o com sistemas como Cagec, CNES e GovBR, os munic\u00edpios poder\u00e3o assinar resolu\u00e7\u00f5es diretamente pelo computador ou celular, agilizando o uso dos recursos e garantindo mais sa\u00fade \u00e0 popula\u00e7\u00e3o\u201d, concluiu.<\/p>\n<p>Fonte: Ag\u00eancia Minas<\/p>\n","protected":false},"excerpt":{"rendered":"<p>A partir deste m\u00eas, os munic\u00edpios mineiros ter\u00e3o acesso mais \u00e1gil aos recursos estaduais destinados \u00e0 sa\u00fade. A mudan\u00e7a ser\u00e1 viabilizada pelo SESResolve, novo sistema desenvolvido pela\u00a0Secretaria de Estado de Sa\u00fade de Minas Gerais (SES-MG), em parceria com a\u00a0Prodemge, para modernizar a gest\u00e3o das pol\u00edticas p\u00fablicas em sa\u00fade. A plataforma foi lan\u00e7ada nessa quarta-feira (30\/7), [&hellip;]<\/p>\n","protected":false},"author":246,"featured_media":229605,"comment_status":"closed","ping_status":"closed","sticky":false,"template":"","format":"standard","meta":{"footnotes":""},"categories":[436,440,261,254,439],"tags":[],"class_list":["post-229604","post","type-post","status-publish","format-standard","has-post-thumbnail","hentry","category-destaque-da-semana","category-destaques-do-dia","category-economia","category-politica","category-ultima-hora"],"_links":{"self":[{"href":"https:\/\/diarioregionaldigital.com.br\/index.php?rest_route=\/wp\/v2\/posts\/229604","targetHints":{"allow":["GET"]}}],"collection":[{"href":"https:\/\/diarioregionaldigital.com.br\/index.php?rest_route=\/wp\/v2\/posts"}],"about":[{"href":"https:\/\/diarioregionaldigital.com.br\/index.php?rest_route=\/wp\/v2\/types\/post"}],"author":[{"embeddable":true,"href":"https:\/\/diarioregionaldigital.com.br\/index.php?rest_route=\/wp\/v2\/users\/246"}],"replies":[{"embeddable":true,"href":"https:\/\/diarioregionaldigital.com.br\/index.php?rest_route=%2Fwp%2Fv2%2Fcomments&post=229604"}],"version-history":[{"count":1,"href":"https:\/\/diarioregionaldigital.com.br\/index.php?rest_route=\/wp\/v2\/posts\/229604\/revisions"}],"predecessor-version":[{"id":229606,"href":"https:\/\/diarioregionaldigital.com.br\/index.php?rest_route=\/wp\/v2\/posts\/229604\/revisions\/229606"}],"wp:featuredmedia":[{"embeddable":true,"href":"https:\/\/diarioregionaldigital.com.br\/index.php?rest_route=\/wp\/v2\/media\/229605"}],"wp:attachment":[{"href":"https:\/\/diarioregionaldigital.com.br\/index.php?rest_route=%2Fwp%2Fv2%2Fmedia&parent=229604"}],"wp:term":[{"taxonomy":"category","embeddable":true,"href":"https:\/\/diarioregionaldigital.com.br\/index.php?rest_route=%2Fwp%2Fv2%2Fcategories&post=229604"},{"taxonomy":"post_tag","embeddable":true,"href":"https:\/\/diarioregionaldigital.com.br\/index.php?rest_route=%2Fwp%2Fv2%2Ftags&post=229604"}],"curies":[{"name":"wp","href":"https:\/\/api.w.org\/{rel}","templated":true}]}}