{"id":229601,"date":"2025-07-31T20:40:17","date_gmt":"2025-07-31T23:40:17","guid":{"rendered":"https:\/\/diarioregionaldigital.com.br\/?p=229601"},"modified":"2025-07-31T20:40:17","modified_gmt":"2025-07-31T23:40:17","slug":"ampliacao-de-espacos-publicos-mudanca-no-comportamento-de-criminosos-e-seguranca-da-tropa-guarda-municipal-inicia-processo-para-uso-de-armas-de-fogo","status":"publish","type":"post","link":"https:\/\/diarioregionaldigital.com.br\/?p=229601","title":{"rendered":"Amplia\u00e7\u00e3o de espa\u00e7os p\u00fablicos, mudan\u00e7a no comportamento de criminosos e seguran\u00e7a da tropa: Guarda Municipal inicia processo para uso de armas de fogo"},"content":{"rendered":"<p>Segundo informa\u00e7\u00f5es do site da Prefeitura de Juiz de Fora (PJF),\u00a0 a prefeita Margarida Salom\u00e3o informou na manh\u00e3 desta quinta-feira, 31, em coletiva de imprensa, que a Guarda Municipal de Juiz de Fora ser\u00e1 treinada e capacitada para usar armas de fogo em sua rotina de trabalho. A expectativa \u00e9 de que o processo seja encerrado at\u00e9 o in\u00edcio de 2026.<\/p>\n<div id=\"box_texto_noticia\">\n<p>A prefeita enfatizou que, desde o in\u00edcio do primeiro governo, a seguran\u00e7a \u00e9 prioridade, relembrando\u00a0<a href=\"https:\/\/www.pjf.mg.gov.br\/noticias\/view.php?modo=link2&amp;idnoticia2=84217\">o investimento no sistema de monitoramento integrado, que hoje conta com 333 c\u00e2meras.<\/a>\u00a0Em paralelo a isso, ela relembrou o aumento das atividades urbanas, com mais equipamentos p\u00fablicos, como Mercado e Gin\u00e1sio Municipal, a revitaliza\u00e7\u00e3o das pra\u00e7as Ant\u00f4nio Carlos e Clodesmidt Riani \u2013 todos esses equipamentos amplamente ocupados \u2013 al\u00e9m do aumento do n\u00famero de feiras, diurnas e noturnas. Al\u00e9m disso, h\u00e1 tamb\u00e9m uma crescente sofistica\u00e7\u00e3o dos processos de transgress\u00f5es.<\/p>\n<p>\u201cHoje temos mais espa\u00e7os p\u00fablicos para cuidar, mas tamb\u00e9m apuramos uma sofistica\u00e7\u00e3o dos processos de transgress\u00e3o. Estamos acompanhando diversos casos e vendo que esses criminosos trabalham com equipamento de primeira qualidade. Precisamos estar preparados para essa nova realidade\u201d, disse a prefeita.<\/p>\n<p>A partir desta data, Juiz de Fora faz a ades\u00e3o ao processo de armamento, assinando um of\u00edcio \u00e0 Pol\u00edcia Federal. Durante o pr\u00f3ximo semestre, ter\u00e1 in\u00edcio a prepara\u00e7\u00e3o dos profissionais, em \u00e2mbito psicol\u00f3gico e t\u00e9cnico.<\/p>\n<p>\u201cVale lembrar que, diante dessa nova realidade que mencionamos, temos ainda o desafio de oferecer melhor prote\u00e7\u00e3o aos guardas municipais. E tamb\u00e9m \u00e9 verdade que esse processo de armar a corpora\u00e7\u00e3o ter\u00e1 um impacto dissuas\u00f3rio, inibindo a atua\u00e7\u00e3o dos criminosos\u201d, completou a prefeita.<\/p>\n<p>A previs\u00e3o \u00e9 de que o processo esteja completamente conclu\u00eddo no in\u00edcio de 2026.<\/p>\n<\/div>\n<p>&nbsp;<\/p>\n<div class=\"texto_anexo\"><img loading=\"lazy\" decoding=\"async\" src=\"https:\/\/www.pjf.mg.gov.br\/imagens\/clips.jpg\" width=\"22\" height=\"20\" \/>\u00a0<a href=\"https:\/\/www.pjf.mg.gov.br\/noticias\/anexo\/oficioPF1.pdf.pdf\" target=\"_blank\" rel=\"noopener\">Veja o anexo<\/a><\/div>\n","protected":false},"excerpt":{"rendered":"<p>Segundo informa\u00e7\u00f5es do site da Prefeitura de Juiz de Fora (PJF),\u00a0 a prefeita Margarida Salom\u00e3o informou na manh\u00e3 desta quinta-feira, 31, em coletiva de imprensa, que a Guarda Municipal de Juiz de Fora ser\u00e1 treinada e capacitada para usar armas de fogo em sua rotina de trabalho. A expectativa \u00e9 de que o processo seja [&hellip;]<\/p>\n","protected":false},"author":246,"featured_media":229602,"comment_status":"closed","ping_status":"closed","sticky":false,"template":"","format":"standard","meta":{"footnotes":""},"categories":[253,436,440,439],"tags":[],"class_list":["post-229601","post","type-post","status-publish","format-standard","has-post-thumbnail","hentry","category-cidade","category-destaque-da-semana","category-destaques-do-dia","category-ultima-hora"],"_links":{"self":[{"href":"https:\/\/diarioregionaldigital.com.br\/index.php?rest_route=\/wp\/v2\/posts\/229601","targetHints":{"allow":["GET"]}}],"collection":[{"href":"https:\/\/diarioregionaldigital.com.br\/index.php?rest_route=\/wp\/v2\/posts"}],"about":[{"href":"https:\/\/diarioregionaldigital.com.br\/index.php?rest_route=\/wp\/v2\/types\/post"}],"author":[{"embeddable":true,"href":"https:\/\/diarioregionaldigital.com.br\/index.php?rest_route=\/wp\/v2\/users\/246"}],"replies":[{"embeddable":true,"href":"https:\/\/diarioregionaldigital.com.br\/index.php?rest_route=%2Fwp%2Fv2%2Fcomments&post=229601"}],"version-history":[{"count":1,"href":"https:\/\/diarioregionaldigital.com.br\/index.php?rest_route=\/wp\/v2\/posts\/229601\/revisions"}],"predecessor-version":[{"id":229603,"href":"https:\/\/diarioregionaldigital.com.br\/index.php?rest_route=\/wp\/v2\/posts\/229601\/revisions\/229603"}],"wp:featuredmedia":[{"embeddable":true,"href":"https:\/\/diarioregionaldigital.com.br\/index.php?rest_route=\/wp\/v2\/media\/229602"}],"wp:attachment":[{"href":"https:\/\/diarioregionaldigital.com.br\/index.php?rest_route=%2Fwp%2Fv2%2Fmedia&parent=229601"}],"wp:term":[{"taxonomy":"category","embeddable":true,"href":"https:\/\/diarioregionaldigital.com.br\/index.php?rest_route=%2Fwp%2Fv2%2Fcategories&post=229601"},{"taxonomy":"post_tag","embeddable":true,"href":"https:\/\/diarioregionaldigital.com.br\/index.php?rest_route=%2Fwp%2Fv2%2Ftags&post=229601"}],"curies":[{"name":"wp","href":"https:\/\/api.w.org\/{rel}","templated":true}]}}