{"id":229597,"date":"2025-07-31T20:39:04","date_gmt":"2025-07-31T23:39:04","guid":{"rendered":"https:\/\/diarioregionaldigital.com.br\/?p=229597"},"modified":"2025-07-31T20:39:04","modified_gmt":"2025-07-31T23:39:04","slug":"primeiro-dia-do-trofeu-brasil-tem-recordes-olimpicos-e-paralimpicos","status":"publish","type":"post","link":"https:\/\/diarioregionaldigital.com.br\/?p=229597","title":{"rendered":"Primeiro dia do Trof\u00e9u Brasil tem recordes ol\u00edmpicos e paral\u00edmpicos"},"content":{"rendered":"<p>O primeiro dia do Trof\u00e9u Brasil de Atletismo foi marcado pela quebra de marcas entre atletas ol\u00edmpicos e paral\u00edmpicos. Nesta quinta-feira (31), Erik Cardoso e Caio Bonfim estabeleceram, respectivamente, os melhores tempos sul-americanos dos 100 metros rasos e da marcha atl\u00e9tica, enquanto Rayane Soares cravou o recorde mundial dos 100 m para a classe T13 (baixa vis\u00e3o).<img decoding=\"async\" src=\"https:\/\/agenciabrasil.ebc.com.br\/ebc.png?id=1652761&amp;o=node\" \/><img decoding=\"async\" src=\"https:\/\/agenciabrasil.ebc.com.br\/ebc.gif?id=1652761&amp;o=node\" \/><\/p>\n<p>A competi\u00e7\u00e3o \u00e9 a maior disputa interclubes de atletismo na Am\u00e9rica Latina. O evento vai at\u00e9 domingo (3), no Centro de Treinamento Paral\u00edmpico, em S\u00e3o Paulo, com\u00a0<a href=\"https:\/\/www.youtube.com\/@TimeBrasil\/streams\"><strong>transmiss\u00e3o ao vivo\u00a0<\/strong><\/a>pelo canal do Time Brasil no YouTube.<\/p>\n<p>Erik foi o \u00fanico de sua prova a correr abaixo dos dez segundos, o que tamb\u00e9m significou atingir o \u00edndice (que era de 9s99) para o Campeonato Mundial deste ano, em T\u00f3quio, no Jap\u00e3o, em setembro. O velocista de 25 anos completou o percurso em 9s93, tr\u00eas cent\u00e9simos a menos que o recorde anterior, do tamb\u00e9m paulista Felipe Bardi, que ficou em segundo lugar nesta quinta, com 10s06 &#8211; ele j\u00e1 tinha marca para competir na capital japonesa. O carioca Vitor Hugo dos Santos, com 10s14, completou o p\u00f3dio.<\/p>\n<p>No caso de Caio, a marca do Trof\u00e9u Brasil foi a melhor do mundo na marcha em 2025 e a quarta do ranking hist\u00f3rico. O brasiliense de 34 anos, que tem marca assegurada para o Mundial de T\u00f3quio e foi medalhista de prata na Olimp\u00edada de Paris, na Fran\u00e7a, em 2024, finalizou os 20 quil\u00f4metros em 1h18min37s9.<\/p>\n<p>No ano passado, pelo mesmo torneio, Caio foi o primeiro sul-americano a concluir a dist\u00e2ncia abaixo de uma hora e 20 minutos. Em 2025, o catarinense Matheus Correa repetiu a dose, alcan\u00e7ando a segunda coloca\u00e7\u00e3o nesta quinta, com 1h19min54s7. O bronze ficou com o brasiliense Max dos Santos, com 1h20min35s1 de tempo.<\/p>\n<p>Entre os paral\u00edmpicos, o destaque foi o recorde mundial de Rayane, com 11s66 nos 100 m da classe T13, sendo 10\u00a0cent\u00e9simos mais veloz que a marca de Lamiya Valiyeva, do Azerbaij\u00e3o, campe\u00e3 nos Jogos de Paris &#8211; a brasileira foi prata nesta prova na capital francesa. A maranhense de 28 anos nasceu com microftalmia bilateral (m\u00e1 forma\u00e7\u00e3o nos globos oculares). Na Paralimp\u00edada de 2024, ela foi ouro nos 400m.<\/p>\n<p>Fonte: Ag\u00eancia Brasil<\/p>\n","protected":false},"excerpt":{"rendered":"<p>O primeiro dia do Trof\u00e9u Brasil de Atletismo foi marcado pela quebra de marcas entre atletas ol\u00edmpicos e paral\u00edmpicos. Nesta quinta-feira (31), Erik Cardoso e Caio Bonfim estabeleceram, respectivamente, os melhores tempos sul-americanos dos 100 metros rasos e da marcha atl\u00e9tica, enquanto Rayane Soares cravou o recorde mundial dos 100 m para a classe T13 [&hellip;]<\/p>\n","protected":false},"author":246,"featured_media":229598,"comment_status":"closed","ping_status":"closed","sticky":false,"template":"","format":"standard","meta":{"footnotes":""},"categories":[436,440,257,439],"tags":[],"class_list":["post-229597","post","type-post","status-publish","format-standard","has-post-thumbnail","hentry","category-destaque-da-semana","category-destaques-do-dia","category-esporte","category-ultima-hora"],"_links":{"self":[{"href":"https:\/\/diarioregionaldigital.com.br\/index.php?rest_route=\/wp\/v2\/posts\/229597","targetHints":{"allow":["GET"]}}],"collection":[{"href":"https:\/\/diarioregionaldigital.com.br\/index.php?rest_route=\/wp\/v2\/posts"}],"about":[{"href":"https:\/\/diarioregionaldigital.com.br\/index.php?rest_route=\/wp\/v2\/types\/post"}],"author":[{"embeddable":true,"href":"https:\/\/diarioregionaldigital.com.br\/index.php?rest_route=\/wp\/v2\/users\/246"}],"replies":[{"embeddable":true,"href":"https:\/\/diarioregionaldigital.com.br\/index.php?rest_route=%2Fwp%2Fv2%2Fcomments&post=229597"}],"version-history":[{"count":2,"href":"https:\/\/diarioregionaldigital.com.br\/index.php?rest_route=\/wp\/v2\/posts\/229597\/revisions"}],"predecessor-version":[{"id":229600,"href":"https:\/\/diarioregionaldigital.com.br\/index.php?rest_route=\/wp\/v2\/posts\/229597\/revisions\/229600"}],"wp:featuredmedia":[{"embeddable":true,"href":"https:\/\/diarioregionaldigital.com.br\/index.php?rest_route=\/wp\/v2\/media\/229598"}],"wp:attachment":[{"href":"https:\/\/diarioregionaldigital.com.br\/index.php?rest_route=%2Fwp%2Fv2%2Fmedia&parent=229597"}],"wp:term":[{"taxonomy":"category","embeddable":true,"href":"https:\/\/diarioregionaldigital.com.br\/index.php?rest_route=%2Fwp%2Fv2%2Fcategories&post=229597"},{"taxonomy":"post_tag","embeddable":true,"href":"https:\/\/diarioregionaldigital.com.br\/index.php?rest_route=%2Fwp%2Fv2%2Ftags&post=229597"}],"curies":[{"name":"wp","href":"https:\/\/api.w.org\/{rel}","templated":true}]}}