{"id":229587,"date":"2025-07-31T13:32:15","date_gmt":"2025-07-31T16:32:15","guid":{"rendered":"https:\/\/diarioregionaldigital.com.br\/?p=229587"},"modified":"2025-07-31T13:32:15","modified_gmt":"2025-07-31T16:32:15","slug":"extrato-de-primeiro-termo-aditivo-ata-131-2024-31-07-2025","status":"publish","type":"post","link":"https:\/\/diarioregionaldigital.com.br\/?p=229587","title":{"rendered":"EXTRATO DE PRIMEIRO TERMO ADITIVO ATA 131\/2024 &#8211; 31\/07\/2025"},"content":{"rendered":"<p class=\"s2\">\n<p class=\"s4\"><span class=\"s3\"><span class=\"bumpedFont17\">EXTRATO DE<\/span><\/span><span class=\"s3\"><span class=\"bumpedFont17\"> PRIMEIRO TERMO ADITIVO<\/span><\/span> <span class=\"s3\"><span class=\"bumpedFont17\">ATA<\/span><\/span><span class=\"s3\"><span class=\"bumpedFont17\"> 131\/2024<\/span><\/span><\/p>\n<p class=\"s5\">\n<p class=\"s6\"><span class=\"s3\"><span class=\"bumpedFont17\">1\u00ba Termo Aditivo. <\/span><\/span><span class=\"s3\"><span class=\"bumpedFont17\">Pref<\/span><\/span><span class=\"s3\"><span class=\"bumpedFont17\">eitura<\/span><\/span><span class=\"s3\"><span class=\"bumpedFont17\"> Municipal de Descoberto <\/span><\/span><span class=\"s3\"><span class=\"bumpedFont17\">x <\/span><\/span><span class=\"s3\"><span class=\"bumpedFont17\">O<\/span><\/span><span class=\"s3\"><span class=\"bumpedFont17\">xi<\/span><\/span><span class=\"s3\"><span class=\"bumpedFont17\">+ M<\/span><\/span><span class=\"s3\"><span class=\"bumpedFont17\">ais<\/span><\/span><span class=\"s3\"><span class=\"bumpedFont17\">C<\/span><\/span><span class=\"s3\"><span class=\"bumpedFont17\">om\u00e9rcio<\/span><\/span> <span class=\"s3\"><span class=\"bumpedFont17\">de<\/span><\/span><span class=\"s3\"><span class=\"bumpedFont17\"> G<\/span><\/span><span class=\"s3\"><span class=\"bumpedFont17\">ases<\/span><\/span><span class=\"s3\"><span class=\"bumpedFont17\"> M<\/span><\/span><span class=\"s3\"><span class=\"bumpedFont17\">edicinais<\/span><\/span> <span class=\"s3\"><span class=\"bumpedFont17\">e<\/span><\/span><span class=\"s3\"><span class=\"bumpedFont17\"> I<\/span><\/span><span class=\"s3\"><span class=\"bumpedFont17\">ndustriais<\/span><\/span><span class=\"s3\"><span class=\"bumpedFont17\"> L<\/span><\/span><span class=\"s3\"><span class=\"bumpedFont17\">tda <\/span><\/span><span class=\"s3\"><span class=\"bumpedFont17\">&#8211; Objeto:<\/span><\/span><span class=\"s3\"><span class=\"bumpedFont17\">Constitui objeto do presente termo aditivo a modifica\u00e7\u00e3o do prazo de vig\u00eancia do contrato, que passar\u00e1 a vigorar de 16\/0<\/span><\/span><span class=\"s3\"><span class=\"bumpedFont17\">6<\/span><\/span><span class=\"s3\"><span class=\"bumpedFont17\">\/25 a 16\/0<\/span><\/span><span class=\"s3\"><span class=\"bumpedFont17\">6<\/span><\/span><span class=\"s3\"><span class=\"bumpedFont17\">\/2026<\/span><\/span><span class=\"s3\"><span class=\"bumpedFont17\">&#8211; <\/span><\/span><span class=\"s3\"><span class=\"bumpedFont17\">Fundamento:<\/span><\/span> <span class=\"s3\"><span class=\"bumpedFont17\">Preg\u00e3o Presencial<\/span><\/span> <span class=\"s3\"><span class=\"bumpedFont17\">n\u00ba <\/span><\/span><span class=\"s3\"><span class=\"bumpedFont17\">0<\/span><\/span><span class=\"s3\"><span class=\"bumpedFont17\">12<\/span><\/span><span class=\"s3\"><span class=\"bumpedFont17\">\/<\/span><\/span><span class=\"s3\"><span class=\"bumpedFont17\">2024<\/span><\/span> <span class=\"s3\"><span class=\"bumpedFont17\">&#8211; <\/span><\/span><span class=\"s3\"><span class=\"bumpedFont17\">Valor Global: <\/span><\/span><span class=\"s3\"><span class=\"bumpedFont17\">R$<\/span><\/span> <span class=\"s3\"><span class=\"bumpedFont17\">163.836,00<\/span><\/span> <span class=\"s3\"><span class=\"bumpedFont17\">&#8211; <\/span><\/span><span class=\"s3\"><span class=\"bumpedFont17\">Vig\u00eancia: <\/span><\/span><span class=\"s3\"><span class=\"bumpedFont17\">12<\/span><\/span><span class=\"s3\"><span class=\"bumpedFont17\"> meses<\/span><\/span> <span class=\"s3\"><span class=\"bumpedFont17\">&#8211;<\/span><\/span><span class=\"s3\"><span class=\"bumpedFont17\">Dot<\/span><\/span> <span class=\"s3\"><span class=\"bumpedFont17\">or\u00e7<\/span><\/span><span class=\"s3\"><span class=\"bumpedFont17\">:<\/span><\/span><span class=\"s3\"><span class=\"bumpedFont17\">02.005.001.10.122.0002.2083.339030.00\/500<\/span><\/span><span class=\"s3\"><span class=\"bumpedFont17\"> &#8211; <\/span><\/span><span class=\"s3\"><span class=\"bumpedFont17\">Ass<\/span><\/span><span class=\"s3\"><span class=\"bumpedFont17\">:<\/span><\/span> <span class=\"s3\"><span class=\"bumpedFont17\">1<\/span><\/span><span class=\"s3\"><span class=\"bumpedFont17\">6\/<\/span><\/span><span class=\"s3\"><span class=\"bumpedFont17\">06<\/span><\/span><span class=\"s3\"><span class=\"bumpedFont17\">\/202<\/span><\/span><span class=\"s3\"><span class=\"bumpedFont17\">5<\/span><\/span> <span class=\"s3\"><span class=\"bumpedFont17\">&#8211; Foro: S\u00e3o Jo\u00e3o Nepomuceno\/MG.<\/span><\/span><\/p>\n<p class=\"s7\">\n<p class=\"s5\">\n<p class=\"s5\">\n<p class=\"s5\">\n<p class=\"s4\">\n<p class=\"s4\"><span class=\"s3\"><span class=\"bumpedFont17\">Lu\u00eds Fernando de Oliveira<\/span><\/span><\/p>\n<p class=\"s4\"><span class=\"s3\"><span class=\"bumpedFont17\">Prefeito <\/span><\/span><span class=\"s3\"><span class=\"bumpedFont17\">Municipal <\/span><\/span><\/p>\n<p class=\"s4\">\n","protected":false},"excerpt":{"rendered":"<p>EXTRATO DE PRIMEIRO TERMO ADITIVO ATA 131\/2024 1\u00ba Termo Aditivo. Prefeitura Municipal de Descoberto x Oxi+ MaisCom\u00e9rcio de Gases Medicinais e Industriais Ltda &#8211; Objeto:Constitui objeto do presente termo aditivo a modifica\u00e7\u00e3o do prazo de vig\u00eancia do contrato, que passar\u00e1 a vigorar de 16\/06\/25 a 16\/06\/2026&#8211; Fundamento: Preg\u00e3o Presencial n\u00ba 012\/2024 &#8211; Valor Global: R$ [&hellip;]<\/p>\n","protected":false},"author":246,"featured_media":0,"comment_status":"closed","ping_status":"closed","sticky":false,"template":"","format":"standard","meta":{"footnotes":""},"categories":[307],"tags":[],"class_list":["post-229587","post","type-post","status-publish","format-standard","hentry","category-editais"],"_links":{"self":[{"href":"https:\/\/diarioregionaldigital.com.br\/index.php?rest_route=\/wp\/v2\/posts\/229587","targetHints":{"allow":["GET"]}}],"collection":[{"href":"https:\/\/diarioregionaldigital.com.br\/index.php?rest_route=\/wp\/v2\/posts"}],"about":[{"href":"https:\/\/diarioregionaldigital.com.br\/index.php?rest_route=\/wp\/v2\/types\/post"}],"author":[{"embeddable":true,"href":"https:\/\/diarioregionaldigital.com.br\/index.php?rest_route=\/wp\/v2\/users\/246"}],"replies":[{"embeddable":true,"href":"https:\/\/diarioregionaldigital.com.br\/index.php?rest_route=%2Fwp%2Fv2%2Fcomments&post=229587"}],"version-history":[{"count":1,"href":"https:\/\/diarioregionaldigital.com.br\/index.php?rest_route=\/wp\/v2\/posts\/229587\/revisions"}],"predecessor-version":[{"id":229588,"href":"https:\/\/diarioregionaldigital.com.br\/index.php?rest_route=\/wp\/v2\/posts\/229587\/revisions\/229588"}],"wp:attachment":[{"href":"https:\/\/diarioregionaldigital.com.br\/index.php?rest_route=%2Fwp%2Fv2%2Fmedia&parent=229587"}],"wp:term":[{"taxonomy":"category","embeddable":true,"href":"https:\/\/diarioregionaldigital.com.br\/index.php?rest_route=%2Fwp%2Fv2%2Fcategories&post=229587"},{"taxonomy":"post_tag","embeddable":true,"href":"https:\/\/diarioregionaldigital.com.br\/index.php?rest_route=%2Fwp%2Fv2%2Ftags&post=229587"}],"curies":[{"name":"wp","href":"https:\/\/api.w.org\/{rel}","templated":true}]}}