{"id":229585,"date":"2025-07-31T13:31:41","date_gmt":"2025-07-31T16:31:41","guid":{"rendered":"https:\/\/diarioregionaldigital.com.br\/?p=229585"},"modified":"2025-07-31T13:31:41","modified_gmt":"2025-07-31T16:31:41","slug":"aviso-de-licitacao-n-060-2025-31-07-2025","status":"publish","type":"post","link":"https:\/\/diarioregionaldigital.com.br\/?p=229585","title":{"rendered":"AVISO DE LICITA\u00c7\u00c3O N\u00b0 060\/2025 &#8211; 31\/07\/2025"},"content":{"rendered":"<p class=\"s6\"><span class=\"s5\"><span class=\"bumpedFont15\">PREFEITURA MUNICIPAL DE DESCOBERTO<\/span><\/span><\/p>\n<p class=\"s6\">\n<p class=\"s6\"><span class=\"s5\"><span class=\"bumpedFont15\">AVISO DE LICITA\u00c7\u00c3O<\/span><\/span><\/p>\n<p class=\"s6\">\n<p class=\"s6\"><span class=\"s5\"><span class=\"bumpedFont15\">Licita\u00e7\u00e3o n\u00b0 <\/span><\/span><span class=\"s5\"><span class=\"bumpedFont15\">060<\/span><\/span><span class=\"s5\"><span class=\"bumpedFont15\">\/202<\/span><\/span><span class=\"s5\"><span class=\"bumpedFont15\">5<\/span><\/span><\/p>\n<p class=\"s6\"><span class=\"s5\"><span class=\"bumpedFont15\">Moda<\/span><\/span><span class=\"s5\"><span class=\"bumpedFont15\">l<\/span><\/span><span class=\"s5\"><span class=\"bumpedFont15\">idade de Dispensa<\/span><\/span><span class=\"s5\"><span class=\"bumpedFont15\"> Presencial <\/span><\/span><span class=\"s5\"><span class=\"bumpedFont15\">n\u00b0 <\/span><\/span><span class=\"s5\"><span class=\"bumpedFont15\">01<\/span><\/span><span class=\"s5\"><span class=\"bumpedFont15\">7<\/span><\/span><span class=\"s5\"><span class=\"bumpedFont15\">\/202<\/span><\/span><span class=\"s5\"><span class=\"bumpedFont15\">5<\/span><\/span><\/p>\n<p class=\"s13\"><span class=\"s7\"><span class=\"bumpedFont15\">O Munic\u00edpio de DESCOBERTO, na forma da lei, faz saber a todos quantos o presente edital virem, ou dele conhecimento tiverem, que a p<\/span><\/span><span class=\"s7\"><span class=\"bumpedFont15\">artir das <\/span><\/span><span class=\"s7\"><span class=\"bumpedFont15\">1<\/span><\/span><span class=\"s7\"><span class=\"bumpedFont15\">5<\/span><\/span><span class=\"s7\"><span class=\"bumpedFont15\">:00<\/span><\/span><span class=\"s7\"><span class=\"bumpedFont15\">h do dia <\/span><\/span><span class=\"s7\"><span class=\"bumpedFont15\">1<\/span><\/span><span class=\"s7\"><span class=\"bumpedFont15\">2<\/span><\/span><span class=\"s7\"><span class=\"bumpedFont15\"> de <\/span><\/span><span class=\"s7\"><span class=\"bumpedFont15\">agosto<\/span><\/span><span class=\"s7\"><span class=\"bumpedFont15\"> de 202<\/span><\/span><span class=\"s7\"><span class=\"bumpedFont15\">5<\/span><\/span><span class=\"s7\"><span class=\"bumpedFont15\">, na Prefeitura Municipal na sala da comiss\u00e3o de licita\u00e7\u00e3o, localizada na <\/span><\/span><span class=\"s7\"><span class=\"bumpedFont15\">R<\/span><\/span><span class=\"s7\"><span class=\"bumpedFont15\">ua C<\/span><\/span><span class=\"s7\"><span class=\"bumpedFont15\">apit\u00e3o<\/span><\/span><span class=\"s7\"><span class=\"bumpedFont15\"> B<\/span><\/span><span class=\"s7\"><span class=\"bumpedFont15\">as\u00edlio<\/span><\/span><span class=\"s7\"><span class=\"bumpedFont15\">, n\u00b0 39, <\/span><\/span><span class=\"s7\"><span class=\"bumpedFont15\">B<\/span><\/span><span class=\"s7\"><span class=\"bumpedFont15\">airro C<\/span><\/span><span class=\"s7\"><span class=\"bumpedFont15\">entro<\/span><\/span><span class=\"s7\"><span class=\"bumpedFont15\">, munic\u00edpio de DESCOBERTO, ser\u00e1 realizada licita\u00e7\u00e3o <\/span><\/span><span class=\"s7\"><span class=\"bumpedFont15\">na modalidade <\/span><\/span><span class=\"s7\"><span class=\"bumpedFont15\">DISPENSA<\/span><\/span><span class=\"s7\"><span class=\"bumpedFont15\"> PRESENCIAL, objetivand<\/span><\/span><span class=\"s7\"><span class=\"bumpedFont15\">o<\/span><\/span><span class=\"s7\"><span class=\"bumpedFont15\">a <\/span><\/span><span class=\"s7\"><span class=\"bumpedFont15\">contrata\u00e7\u00e3o direta de empresa<\/span><\/span> <span class=\"s7\"><span class=\"bumpedFont15\">PARA<\/span><\/span><span class=\"s7\"><span class=\"bumpedFont15\">FORNECIMENTO DE MATERIAIS GR\u00c1FICOS E DE PAPELARIA, PARA REALIZA\u00c7\u00c3O DE CAMPANHA DE SA\u00daDE P\u00daBLICA, MOBILIZA\u00c7\u00c3O SOCIAL DE COMBATE \u00c0 DENGUE<\/span><\/span><span class=\"s9\"><span class=\"bumpedFont15\">,<\/span><\/span><span class=\"s7\"><span class=\"bumpedFont15\"> para atender as necessidades das unidades<\/span><\/span> <span class=\"s7\"><span class=\"bumpedFont15\">da Secretaria Municipal de Sa\u00fade,<\/span><\/span> <span class=\"s7\"><span class=\"bumpedFont15\">tipo<\/span><\/span> <span class=\"s11\"><span class=\"bumpedFont15\">MENOR PRE\u00c7O<\/span><\/span> <span class=\"s11\"><span class=\"bumpedFont15\">GLOBAL<\/span><\/span><span class=\"s7\"><span class=\"bumpedFont15\">, <\/span><\/span><span class=\"s7\"><span class=\"bumpedFont15\">conforme consta no edital que se encontra \u00a0a disposi\u00e7\u00e3o de todos \u00a0os interessados na Prefeitura Municipal, onde poder\u00e3o obt\u00ea-lo<\/span><\/span><span class=\"s7\"><span class=\"bumpedFont15\"> ou atrav\u00e9s do site<\/span><\/span><a href=\"http:\/\/www.descoberto.mg.gov.br\/\"><span class=\"s12\"><span class=\"bumpedFont15\">http:\/\/www.descoberto.mg.gov.br<\/span><\/span><\/a> <span class=\"s7\"><span class=\"bumpedFont15\">. Para <\/span><\/span><span class=\"s7\"><span class=\"bumpedFont15\">c<\/span><\/span><span class=\"s7\"><span class=\"bumpedFont15\">o<\/span><\/span><span class=\"s7\"><span class=\"bumpedFont15\">nhecimento de todos os interessados, expediu-se o presente que ser\u00e1 afixado no lugar de costume, publicando-se na forma da lei. <\/span><\/span><span class=\"s7\"><span class=\"bumpedFont15\">DESCOBERTO, <\/span><\/span><span class=\"s7\"><span class=\"bumpedFont15\">31<\/span><\/span><span class=\"s7\"><span class=\"bumpedFont15\">de <\/span><\/span><span class=\"s7\"><span class=\"bumpedFont15\">j<\/span><\/span><span class=\"s7\"><span class=\"bumpedFont15\">ulho<\/span><\/span><span class=\"s7\"><span class=\"bumpedFont15\"> de 202<\/span><\/span><span class=\"s7\"><span class=\"bumpedFont15\">5<\/span><\/span><span class=\"s7\"><span class=\"bumpedFont15\">.<\/span><\/span><\/p>\n<p class=\"s14\">\n","protected":false},"excerpt":{"rendered":"<p>PREFEITURA MUNICIPAL DE DESCOBERTO AVISO DE LICITA\u00c7\u00c3O Licita\u00e7\u00e3o n\u00b0 060\/2025 Modalidade de Dispensa Presencial n\u00b0 017\/2025 O Munic\u00edpio de DESCOBERTO, na forma da lei, faz saber a todos quantos o presente edital virem, ou dele conhecimento tiverem, que a partir das 15:00h do dia 12 de agosto de 2025, na Prefeitura Municipal na sala da [&hellip;]<\/p>\n","protected":false},"author":246,"featured_media":0,"comment_status":"closed","ping_status":"closed","sticky":false,"template":"","format":"standard","meta":{"footnotes":""},"categories":[307],"tags":[],"class_list":["post-229585","post","type-post","status-publish","format-standard","hentry","category-editais"],"_links":{"self":[{"href":"https:\/\/diarioregionaldigital.com.br\/index.php?rest_route=\/wp\/v2\/posts\/229585","targetHints":{"allow":["GET"]}}],"collection":[{"href":"https:\/\/diarioregionaldigital.com.br\/index.php?rest_route=\/wp\/v2\/posts"}],"about":[{"href":"https:\/\/diarioregionaldigital.com.br\/index.php?rest_route=\/wp\/v2\/types\/post"}],"author":[{"embeddable":true,"href":"https:\/\/diarioregionaldigital.com.br\/index.php?rest_route=\/wp\/v2\/users\/246"}],"replies":[{"embeddable":true,"href":"https:\/\/diarioregionaldigital.com.br\/index.php?rest_route=%2Fwp%2Fv2%2Fcomments&post=229585"}],"version-history":[{"count":1,"href":"https:\/\/diarioregionaldigital.com.br\/index.php?rest_route=\/wp\/v2\/posts\/229585\/revisions"}],"predecessor-version":[{"id":229586,"href":"https:\/\/diarioregionaldigital.com.br\/index.php?rest_route=\/wp\/v2\/posts\/229585\/revisions\/229586"}],"wp:attachment":[{"href":"https:\/\/diarioregionaldigital.com.br\/index.php?rest_route=%2Fwp%2Fv2%2Fmedia&parent=229585"}],"wp:term":[{"taxonomy":"category","embeddable":true,"href":"https:\/\/diarioregionaldigital.com.br\/index.php?rest_route=%2Fwp%2Fv2%2Fcategories&post=229585"},{"taxonomy":"post_tag","embeddable":true,"href":"https:\/\/diarioregionaldigital.com.br\/index.php?rest_route=%2Fwp%2Fv2%2Ftags&post=229585"}],"curies":[{"name":"wp","href":"https:\/\/api.w.org\/{rel}","templated":true}]}}