{"id":229583,"date":"2025-07-31T13:31:01","date_gmt":"2025-07-31T16:31:01","guid":{"rendered":"https:\/\/diarioregionaldigital.com.br\/?p=229583"},"modified":"2025-07-31T13:31:01","modified_gmt":"2025-07-31T16:31:01","slug":"aviso-de-licitacao-n-058-2025-31-07-2025","status":"publish","type":"post","link":"https:\/\/diarioregionaldigital.com.br\/?p=229583","title":{"rendered":"AVISO DE LICITA\u00c7\u00c3O  N\u00b0 058\/2025 &#8211; 31\/07\/2025"},"content":{"rendered":"<p class=\"s6\"><span class=\"s5\"><span class=\"bumpedFont15\">PREFEITURA MUNICIPAL DE DESCOBERTO<\/span><\/span><\/p>\n<p class=\"s6\">\n<p class=\"s6\"><span class=\"s5\"><span class=\"bumpedFont15\">AVISO DE LICITA\u00c7\u00c3O<\/span><\/span><\/p>\n<p class=\"s6\">\n<p class=\"s6\"><span class=\"s5\"><span class=\"bumpedFont15\">Processo <\/span><\/span><span class=\"s5\"><span class=\"bumpedFont15\">Licita<\/span><\/span><span class=\"s5\"><span class=\"bumpedFont15\">t\u00f3rio<\/span><\/span><span class=\"s5\"><span class=\"bumpedFont15\"> n\u00b0 <\/span><\/span><span class=\"s5\"><span class=\"bumpedFont15\">0<\/span><\/span><span class=\"s5\"><span class=\"bumpedFont15\">5<\/span><\/span><span class=\"s5\"><span class=\"bumpedFont15\">8<\/span><\/span><span class=\"s5\"><span class=\"bumpedFont15\">\/202<\/span><\/span><span class=\"s5\"><span class=\"bumpedFont15\">5<\/span><\/span><\/p>\n<p class=\"s6\"><span class=\"s5\"><span class=\"bumpedFont15\">Moda<\/span><\/span><span class=\"s5\"><span class=\"bumpedFont15\">li<\/span><\/span><span class=\"s5\"><span class=\"bumpedFont15\">dade de Preg\u00e3o Presencial n<\/span><\/span><span class=\"s5\"><span class=\"bumpedFont15\">\u00b0 <\/span><\/span><span class=\"s5\"><span class=\"bumpedFont15\">0<\/span><\/span><span class=\"s5\"><span class=\"bumpedFont15\">1<\/span><\/span><span class=\"s5\"><span class=\"bumpedFont15\">2<\/span><\/span><span class=\"s5\"><span class=\"bumpedFont15\">\/202<\/span><\/span><span class=\"s5\"><span class=\"bumpedFont15\">5<\/span><\/span><\/p>\n<p class=\"s10\"><span class=\"s7\"><span class=\"bumpedFont15\">O Munic\u00edpio de DESCOBERTO, na forma da lei, faz saber a todos quantos o presente edital virem, ou dele conhecimento tiverem<\/span><\/span><span class=\"s7\"><span class=\"bumpedFont15\">,<\/span><\/span> <span class=\"s7\"><span class=\"bumpedFont15\">que a par<\/span><\/span><span class=\"s7\"><span class=\"bumpedFont15\">tir das <\/span><\/span><span class=\"s7\"><span class=\"bumpedFont15\">13<\/span><\/span><span class=\"s7\"><span class=\"bumpedFont15\">:<\/span><\/span><span class=\"s7\"><span class=\"bumpedFont15\">3<\/span><\/span><span class=\"s7\"><span class=\"bumpedFont15\">0h<\/span><\/span><span class=\"s7\"><span class=\"bumpedFont15\">do dia <\/span><\/span><span class=\"s7\"><span class=\"bumpedFont15\">12<\/span><\/span><span class=\"s7\"><span class=\"bumpedFont15\"> de<\/span><\/span><span class=\"s7\"><span class=\"bumpedFont15\"> Ago<\/span><\/span><span class=\"s7\"><span class=\"bumpedFont15\">sto<\/span><\/span><span class=\"s7\"><span class=\"bumpedFont15\"> de 202<\/span><\/span><span class=\"s7\"><span class=\"bumpedFont15\">5<\/span><\/span><span class=\"s7\"><span class=\"bumpedFont15\">,<\/span><\/span><span class=\"s7\"><span class=\"bumpedFont15\"> na Prefeitura Municipal na sala da comiss\u00e3o de licita\u00e7\u00e3o, localizada na <\/span><\/span><span class=\"s7\"><span class=\"bumpedFont15\">R<\/span><\/span><span class=\"s7\"><span class=\"bumpedFont15\">ua C<\/span><\/span><span class=\"s7\"><span class=\"bumpedFont15\">apit\u00e3o<\/span><\/span><span class=\"s7\"><span class=\"bumpedFont15\"> B<\/span><\/span><span class=\"s7\"><span class=\"bumpedFont15\">as\u00edlio<\/span><\/span><span class=\"s7\"><span class=\"bumpedFont15\">, n\u00b0 39, <\/span><\/span><span class=\"s7\"><span class=\"bumpedFont15\">B<\/span><\/span><span class=\"s7\"><span class=\"bumpedFont15\">airro C<\/span><\/span><span class=\"s7\"><span class=\"bumpedFont15\">entro<\/span><\/span><span class=\"s7\"><span class=\"bumpedFont15\">, munic\u00edpio de DESCOBERTO, ser\u00e1 realizada licita\u00e7\u00e3o <\/span><\/span><span class=\"s7\"><span class=\"bumpedFont15\">na modalidade <\/span><\/span><span class=\"s7\"><span class=\"bumpedFont15\">PREG\u00c3O PRESENCIAL<\/span><\/span><span class=\"s7\"><span class=\"bumpedFont15\">,<\/span><\/span> <span class=\"s7\"><span class=\"bumpedFont15\">o<\/span><\/span><span class=\"s7\"><span class=\"bumpedFont15\">bj<\/span><\/span><span class=\"s7\"><span class=\"bumpedFont15\">e<\/span><\/span><span class=\"s7\"><span class=\"bumpedFont15\">ti<\/span><\/span><span class=\"s7\"><span class=\"bumpedFont15\">v<\/span><\/span><span class=\"s7\"><span class=\"bumpedFont15\">ando <\/span><\/span><span class=\"s7\"><span class=\"bumpedFont15\">o<\/span><\/span><span class=\"s7\"><span class=\"bumpedFont15\">REGISTRO DE <\/span><\/span><span class=\"s7\"><span class=\"bumpedFont15\">PRE\u00c7OS<\/span><\/span> <span class=\"s7\"><span class=\"bumpedFont15\">PARA A <\/span><\/span><span class=\"s7\"><span class=\"bumpedFont15\">C<\/span><\/span><span class=\"s7\"><span class=\"bumpedFont15\">ONTRATA\u00c7\u00c3O DE EMPRESA <\/span><\/span><span class=\"s7\"><span class=\"bumpedFont15\">PARA <\/span><\/span><span class=\"s7\"><span class=\"bumpedFont15\">FORNECIMENTO DE RECARGA E EVENTUAL AQUISI\u00c7\u00c3O DE BOTIJ\u00c3O DE G\u00c1S DE COZINHA<\/span><\/span><span class=\"s7\"><span class=\"bumpedFont15\">, PARA ATENDER AS NECESSIDADES DO MUNIC\u00cdPIO DE DESCOBERTO-MG<\/span><\/span><span class=\"s7\"><span class=\"bumpedFont15\">, <\/span><\/span><span class=\"s7\"><span class=\"bumpedFont15\">tipo <\/span><\/span><span class=\"s8\"><span class=\"bumpedFont15\">Menor Pre\u00e7o<\/span><\/span><span class=\"s8\"><span class=\"bumpedFont15\"> por ITEM<\/span><\/span><span class=\"s7\"><span class=\"bumpedFont15\">, <\/span><\/span><span class=\"s7\"><span class=\"bumpedFont15\">conforme consta no edital que<\/span><\/span><span class=\"s7\"><span class=\"bumpedFont15\"> se encon<\/span><\/span><span class=\"s7\"><span class=\"bumpedFont15\">tr<\/span><\/span><span class=\"s7\"><span class=\"bumpedFont15\">a \u00a0a disp<\/span><\/span><span class=\"s7\"><span class=\"bumpedFont15\">osi\u00e7<\/span><\/span><span class=\"s7\"><span class=\"bumpedFont15\">\u00e3o de <\/span><\/span><span class=\"s7\"><span class=\"bumpedFont15\">to<\/span><\/span><span class=\"s7\"><span class=\"bumpedFont15\">dos \u00a0os interessados na Prefeitura Mun<\/span><\/span><span class=\"s7\"><span class=\"bumpedFont15\">i<\/span><\/span><span class=\"s7\"><span class=\"bumpedFont15\">cipal, onde poder\u00e3o obt\u00ea-lo<\/span><\/span><span class=\"s7\"><span class=\"bumpedFont15\"> ou atrav\u00e9s do site<\/span><\/span><a href=\"http:\/\/www.descoberto.mg.gov.br\/\"><span class=\"s9\"><span class=\"bumpedFont15\">http:\/\/www.descoberto.mg.gov.br<\/span><\/span><\/a><span class=\"s7\"><span class=\"bumpedFont15\">. Para conhecimento de todos os interessados, expediu-se o <\/span><\/span><span class=\"s7\"><span class=\"bumpedFont15\">presente<\/span><\/span><span class=\"s7\"><span class=\"bumpedFont15\"> q<\/span><\/span><span class=\"s7\"><span class=\"bumpedFont15\">ue ser\u00e1 af<\/span><\/span><span class=\"s7\"><span class=\"bumpedFont15\">ixad<\/span><\/span><span class=\"s7\"><span class=\"bumpedFont15\">o no l<\/span><\/span><span class=\"s7\"><span class=\"bumpedFont15\">ug<\/span><\/span><span class=\"s7\"><span class=\"bumpedFont15\">ar de costume, publicando-se na forma <\/span><\/span><span class=\"s7\"><span class=\"bumpedFont15\">d<\/span><\/span><span class=\"s7\"><span class=\"bumpedFont15\">a lei. <\/span><\/span><span class=\"s7\"><span class=\"bumpedFont15\">DESCOBERTO, <\/span><\/span><span class=\"s7\"><span class=\"bumpedFont15\">3<\/span><\/span><span class=\"s7\"><span class=\"bumpedFont15\">0<\/span><\/span><span class=\"s7\"><span class=\"bumpedFont15\">de <\/span><\/span><span class=\"s7\"><span class=\"bumpedFont15\">j<\/span><\/span><span class=\"s7\"><span class=\"bumpedFont15\">ulho<\/span><\/span><span class=\"s7\"><span class=\"bumpedFont15\"> de 202<\/span><\/span><span class=\"s7\"><span class=\"bumpedFont15\">5<\/span><\/span><span class=\"s7\"><span class=\"bumpedFont15\">.<\/span><\/span><\/p>\n<p class=\"s10\">\n<p class=\"s10\">\n<p class=\"s12\"><span class=\"s11\"><span class=\"bumpedFont15\">_______________________________<\/span><\/span><\/p>\n","protected":false},"excerpt":{"rendered":"<p>PREFEITURA MUNICIPAL DE DESCOBERTO AVISO DE LICITA\u00c7\u00c3O Processo Licitat\u00f3rio n\u00b0 058\/2025 Modalidade de Preg\u00e3o Presencial n\u00b0 012\/2025 O Munic\u00edpio de DESCOBERTO, na forma da lei, faz saber a todos quantos o presente edital virem, ou dele conhecimento tiverem, que a partir das 13:30hdo dia 12 de Agosto de 2025, na Prefeitura Municipal na sala da [&hellip;]<\/p>\n","protected":false},"author":246,"featured_media":0,"comment_status":"closed","ping_status":"closed","sticky":false,"template":"","format":"standard","meta":{"footnotes":""},"categories":[307],"tags":[],"class_list":["post-229583","post","type-post","status-publish","format-standard","hentry","category-editais"],"_links":{"self":[{"href":"https:\/\/diarioregionaldigital.com.br\/index.php?rest_route=\/wp\/v2\/posts\/229583","targetHints":{"allow":["GET"]}}],"collection":[{"href":"https:\/\/diarioregionaldigital.com.br\/index.php?rest_route=\/wp\/v2\/posts"}],"about":[{"href":"https:\/\/diarioregionaldigital.com.br\/index.php?rest_route=\/wp\/v2\/types\/post"}],"author":[{"embeddable":true,"href":"https:\/\/diarioregionaldigital.com.br\/index.php?rest_route=\/wp\/v2\/users\/246"}],"replies":[{"embeddable":true,"href":"https:\/\/diarioregionaldigital.com.br\/index.php?rest_route=%2Fwp%2Fv2%2Fcomments&post=229583"}],"version-history":[{"count":1,"href":"https:\/\/diarioregionaldigital.com.br\/index.php?rest_route=\/wp\/v2\/posts\/229583\/revisions"}],"predecessor-version":[{"id":229584,"href":"https:\/\/diarioregionaldigital.com.br\/index.php?rest_route=\/wp\/v2\/posts\/229583\/revisions\/229584"}],"wp:attachment":[{"href":"https:\/\/diarioregionaldigital.com.br\/index.php?rest_route=%2Fwp%2Fv2%2Fmedia&parent=229583"}],"wp:term":[{"taxonomy":"category","embeddable":true,"href":"https:\/\/diarioregionaldigital.com.br\/index.php?rest_route=%2Fwp%2Fv2%2Fcategories&post=229583"},{"taxonomy":"post_tag","embeddable":true,"href":"https:\/\/diarioregionaldigital.com.br\/index.php?rest_route=%2Fwp%2Fv2%2Ftags&post=229583"}],"curies":[{"name":"wp","href":"https:\/\/api.w.org\/{rel}","templated":true}]}}