{"id":229581,"date":"2025-07-31T13:30:19","date_gmt":"2025-07-31T16:30:19","guid":{"rendered":"https:\/\/diarioregionaldigital.com.br\/?p=229581"},"modified":"2025-07-31T13:30:19","modified_gmt":"2025-07-31T16:30:19","slug":"aviso-de-licitacao-n-059-2025-31-07-2025","status":"publish","type":"post","link":"https:\/\/diarioregionaldigital.com.br\/?p=229581","title":{"rendered":"AVISO DE LICITA\u00c7\u00c3O  n\u00b0 059\/2025 &#8211; 31\/07\/2025"},"content":{"rendered":"<p class=\"s6\"><span class=\"s5\"><span class=\"bumpedFont15\">PREFEITURA MUNICIPAL DE DESCOBERTO<\/span><\/span><\/p>\n<p class=\"s6\">\n<p class=\"s6\"><span class=\"s5\"><span class=\"bumpedFont15\">AVISO DE LICITA\u00c7\u00c3O<\/span><\/span><\/p>\n<p class=\"s6\">\n<p class=\"s6\"><span class=\"s5\"><span class=\"bumpedFont15\">Processo L<\/span><\/span><span class=\"s5\"><span class=\"bumpedFont15\">icitat\u00f3rio<\/span><\/span><span class=\"s5\"><span class=\"bumpedFont15\"> n\u00b0 <\/span><\/span><span class=\"s5\"><span class=\"bumpedFont15\">0<\/span><\/span><span class=\"s5\"><span class=\"bumpedFont15\">59<\/span><\/span><span class=\"s5\"><span class=\"bumpedFont15\">\/202<\/span><\/span><span class=\"s5\"><span class=\"bumpedFont15\">5<\/span><\/span><\/p>\n<p class=\"s6\"><span class=\"s5\"><span class=\"bumpedFont15\">Moda<\/span><\/span><span class=\"s5\"><span class=\"bumpedFont15\">l<\/span><\/span><span class=\"s5\"><span class=\"bumpedFont15\">idade de Dispensa<\/span><\/span><span class=\"s5\"><span class=\"bumpedFont15\"> Presencial n\u00b0<\/span><\/span> <span class=\"s5\"><span class=\"bumpedFont15\">16<\/span><\/span><span class=\"s5\"><span class=\"bumpedFont15\">\/202<\/span><\/span><span class=\"s5\"><span class=\"bumpedFont15\">5<\/span><\/span><\/p>\n<p class=\"s6\">\n<p class=\"s10\"><span class=\"s7\"><span class=\"bumpedFont15\">O Munic\u00edpio de DESCOBERTO<\/span><\/span><span class=\"s7\"><span class=\"bumpedFont15\">-MG<\/span><\/span><span class=\"s7\"><span class=\"bumpedFont15\">, na forma da lei, faz saber a todos quantos o presente edital virem, ou dele conhecimento ti<\/span><\/span><span class=\"s7\"><span class=\"bumpedFont15\">v<\/span><\/span><span class=\"s7\"><span class=\"bumpedFont15\">e<\/span><\/span><span class=\"s7\"><span class=\"bumpedFont15\">rem, que <\/span><\/span><span class=\"s7\"><span class=\"bumpedFont15\">a p<\/span><\/span><span class=\"s7\"><span class=\"bumpedFont15\">ar<\/span><\/span><span class=\"s7\"><span class=\"bumpedFont15\">tir das <\/span><\/span><span class=\"s7\"><span class=\"bumpedFont15\">1<\/span><\/span><span class=\"s7\"><span class=\"bumpedFont15\">0<\/span><\/span><span class=\"s7\"><span class=\"bumpedFont15\">:00<\/span><\/span><span class=\"s7\"><span class=\"bumpedFont15\">h<\/span><\/span><span class=\"s7\"><span class=\"bumpedFont15\">do <\/span><\/span><span class=\"s7\"><span class=\"bumpedFont15\">dia <\/span><\/span><span class=\"s7\"><span class=\"bumpedFont15\">12<\/span><\/span> <span class=\"s7\"><span class=\"bumpedFont15\">de A<\/span><\/span><span class=\"s7\"><span class=\"bumpedFont15\">gosto<\/span><\/span><span class=\"s7\"><span class=\"bumpedFont15\"> de 202<\/span><\/span><span class=\"s7\"><span class=\"bumpedFont15\">5<\/span><\/span><span class=\"s7\"><span class=\"bumpedFont15\">,<\/span><\/span><span class=\"s7\"><span class=\"bumpedFont15\"> na Prefeitura Municipal na sala da comiss\u00e3o de licita\u00e7\u00e3o, localizada na <\/span><\/span><span class=\"s7\"><span class=\"bumpedFont15\">R<\/span><\/span><span class=\"s7\"><span class=\"bumpedFont15\">ua C<\/span><\/span><span class=\"s7\"><span class=\"bumpedFont15\">apit\u00e3o<\/span><\/span><span class=\"s7\"><span class=\"bumpedFont15\"> B<\/span><\/span><span class=\"s7\"><span class=\"bumpedFont15\">as\u00edlio<\/span><\/span><span class=\"s7\"><span class=\"bumpedFont15\">, n\u00b0 39, <\/span><\/span><span class=\"s7\"><span class=\"bumpedFont15\">B<\/span><\/span><span class=\"s7\"><span class=\"bumpedFont15\">airro C<\/span><\/span><span class=\"s7\"><span class=\"bumpedFont15\">entro<\/span><\/span><span class=\"s7\"><span class=\"bumpedFont15\">, munic\u00edpio de DESCOBERTO, ser\u00e1 realizada licita\u00e7\u00e3o <\/span><\/span><span class=\"s7\"><span class=\"bumpedFont15\">na modalidade DISPENSA<\/span><\/span><span class=\"s7\"><span class=\"bumpedFont15\"> PRESEN<\/span><\/span><span class=\"s7\"><span class=\"bumpedFont15\">CI<\/span><\/span><span class=\"s7\"><span class=\"bumpedFont15\">A<\/span><\/span><span class=\"s7\"><span class=\"bumpedFont15\">L<\/span><\/span><span class=\"s7\"><span class=\"bumpedFont15\">, <\/span><\/span><span class=\"s7\"><span class=\"bumpedFont15\">objeti<\/span><\/span><span class=\"s7\"><span class=\"bumpedFont15\">vando<\/span><\/span><span class=\"s7\"><span class=\"bumpedFont15\">a <\/span><\/span><span class=\"s7\"><span class=\"bumpedFont15\">contrata\u00e7\u00e3o<\/span><\/span><span class=\"s7\"><span class=\"bumpedFont15\"> de <\/span><\/span><span class=\"s7\"><span class=\"bumpedFont15\">empresa especializada para presta\u00e7\u00e3o de servi\u00e7o de controle integrado de pragas urbanas, englobando dedetiza\u00e7\u00e3o, desratiza\u00e7\u00e3o, incluindo o material e o servi\u00e7o<\/span><\/span><span class=\"s7\"><span class=\"bumpedFont15\">,<\/span><\/span> <span class=\"s7\"><span class=\"bumpedFont15\">p<\/span><\/span><span class=\"s7\"><span class=\"bumpedFont15\">a<\/span><\/span><span class=\"s7\"><span class=\"bumpedFont15\">r<\/span><\/span><span class=\"s7\"><span class=\"bumpedFont15\">a<\/span><\/span><span class=\"s7\"><span class=\"bumpedFont15\">a<\/span><\/span><span class=\"s7\"><span class=\"bumpedFont15\">t<\/span><\/span><span class=\"s7\"><span class=\"bumpedFont15\">e<\/span><\/span><span class=\"s7\"><span class=\"bumpedFont15\">n<\/span><\/span><span class=\"s7\"><span class=\"bumpedFont15\">d<\/span><\/span><span class=\"s7\"><span class=\"bumpedFont15\">e<\/span><\/span><span class=\"s7\"><span class=\"bumpedFont15\">r<\/span><\/span> <span class=\"s7\"><span class=\"bumpedFont15\">a<\/span><\/span><span class=\"s7\"><span class=\"bumpedFont15\">s n<\/span><\/span><span class=\"s7\"><span class=\"bumpedFont15\">ecessidad<\/span><\/span><span class=\"s7\"><span class=\"bumpedFont15\">es <\/span><\/span><span class=\"s7\"><span class=\"bumpedFont15\">d<\/span><\/span><span class=\"s7\"><span class=\"bumpedFont15\">o Departamento Municipal de <\/span><\/span><span class=\"s7\"><span class=\"bumpedFont15\">Educa<\/span><\/span><span class=\"s7\"><span class=\"bumpedFont15\">\u00e7\u00e3o<\/span><\/span><span class=\"s8\"><span class=\"bumpedFont15\">,<\/span><\/span> <span class=\"s7\"><span class=\"bumpedFont15\">tipo <\/span><\/span><span class=\"s7\"><span class=\"bumpedFont15\">MENOR PRE\u00c7O<\/span><\/span><span class=\"s7\"><span class=\"bumpedFont15\">, <\/span><\/span><span class=\"s7\"><span class=\"bumpedFont15\">conforme consta<\/span><\/span><span class=\"s7\"><span class=\"bumpedFont15\"> no edital qu<\/span><\/span><span class=\"s7\"><span class=\"bumpedFont15\">e<\/span><\/span><span class=\"s7\"><span class=\"bumpedFont15\"> se <\/span><\/span><span class=\"s7\"><span class=\"bumpedFont15\">e<\/span><\/span><span class=\"s7\"><span class=\"bumpedFont15\">ncontra \u00a0a disposi\u00e7\u00e3o de t<\/span><\/span><span class=\"s7\"><span class=\"bumpedFont15\">od<\/span><\/span><span class=\"s7\"><span class=\"bumpedFont15\">os \u00a0os int<\/span><\/span><span class=\"s7\"><span class=\"bumpedFont15\">eressados na Prefeitura Municipal, onde poder\u00e3o obt\u00ea-lo<\/span><\/span><span class=\"s7\"><span class=\"bumpedFont15\"> ou atrav\u00e9s do site<\/span><\/span><a href=\"http:\/\/www.descoberto.mg.gov.br\/\"><span class=\"s9\"><span class=\"bumpedFont15\">http:\/\/www.descoberto.mg.gov.br<\/span><\/span><\/a><span class=\"s7\"><span class=\"bumpedFont15\">. Para c<\/span><\/span><span class=\"s7\"><span class=\"bumpedFont15\">onhe<\/span><\/span><span class=\"s7\"><span class=\"bumpedFont15\">cimento de todos os interessados, <\/span><\/span><span class=\"s7\"><span class=\"bumpedFont15\">expediu-se o<\/span><\/span><span class=\"s7\"><span class=\"bumpedFont15\"> p<\/span><\/span><span class=\"s7\"><span class=\"bumpedFont15\">res<\/span><\/span><span class=\"s7\"><span class=\"bumpedFont15\">e<\/span><\/span><span class=\"s7\"><span class=\"bumpedFont15\">nte que ser\u00e1 afixado no lug<\/span><\/span><span class=\"s7\"><span class=\"bumpedFont15\">ar<\/span><\/span><span class=\"s7\"><span class=\"bumpedFont15\"> de costu<\/span><\/span><span class=\"s7\"><span class=\"bumpedFont15\">me, publicando-se na forma da lei. DESCOBERTO<\/span><\/span><span class=\"s7\"><span class=\"bumpedFont15\">-MG<\/span><\/span><span class=\"s7\"><span class=\"bumpedFont15\">, <\/span><\/span><span class=\"s7\"><span class=\"bumpedFont15\">31<\/span><\/span><span class=\"s7\"><span class=\"bumpedFont15\"> de <\/span><\/span><span class=\"s7\"><span class=\"bumpedFont15\">j<\/span><\/span><span class=\"s7\"><span class=\"bumpedFont15\">ulho<\/span><\/span><span class=\"s7\"><span class=\"bumpedFont15\"> de 202<\/span><\/span><span class=\"s7\"><span class=\"bumpedFont15\">5<\/span><\/span><span class=\"s7\"><span class=\"bumpedFont15\">.<\/span><\/span><\/p>\n<p class=\"s11\">\n","protected":false},"excerpt":{"rendered":"<p>PREFEITURA MUNICIPAL DE DESCOBERTO AVISO DE LICITA\u00c7\u00c3O Processo Licitat\u00f3rio n\u00b0 059\/2025 Modalidade de Dispensa Presencial n\u00b0 16\/2025 O Munic\u00edpio de DESCOBERTO-MG, na forma da lei, faz saber a todos quantos o presente edital virem, ou dele conhecimento tiverem, que a partir das 10:00hdo dia 12 de Agosto de 2025, na Prefeitura Municipal na sala da [&hellip;]<\/p>\n","protected":false},"author":246,"featured_media":0,"comment_status":"closed","ping_status":"closed","sticky":false,"template":"","format":"standard","meta":{"footnotes":""},"categories":[307],"tags":[],"class_list":["post-229581","post","type-post","status-publish","format-standard","hentry","category-editais"],"_links":{"self":[{"href":"https:\/\/diarioregionaldigital.com.br\/index.php?rest_route=\/wp\/v2\/posts\/229581","targetHints":{"allow":["GET"]}}],"collection":[{"href":"https:\/\/diarioregionaldigital.com.br\/index.php?rest_route=\/wp\/v2\/posts"}],"about":[{"href":"https:\/\/diarioregionaldigital.com.br\/index.php?rest_route=\/wp\/v2\/types\/post"}],"author":[{"embeddable":true,"href":"https:\/\/diarioregionaldigital.com.br\/index.php?rest_route=\/wp\/v2\/users\/246"}],"replies":[{"embeddable":true,"href":"https:\/\/diarioregionaldigital.com.br\/index.php?rest_route=%2Fwp%2Fv2%2Fcomments&post=229581"}],"version-history":[{"count":1,"href":"https:\/\/diarioregionaldigital.com.br\/index.php?rest_route=\/wp\/v2\/posts\/229581\/revisions"}],"predecessor-version":[{"id":229582,"href":"https:\/\/diarioregionaldigital.com.br\/index.php?rest_route=\/wp\/v2\/posts\/229581\/revisions\/229582"}],"wp:attachment":[{"href":"https:\/\/diarioregionaldigital.com.br\/index.php?rest_route=%2Fwp%2Fv2%2Fmedia&parent=229581"}],"wp:term":[{"taxonomy":"category","embeddable":true,"href":"https:\/\/diarioregionaldigital.com.br\/index.php?rest_route=%2Fwp%2Fv2%2Fcategories&post=229581"},{"taxonomy":"post_tag","embeddable":true,"href":"https:\/\/diarioregionaldigital.com.br\/index.php?rest_route=%2Fwp%2Fv2%2Ftags&post=229581"}],"curies":[{"name":"wp","href":"https:\/\/api.w.org\/{rel}","templated":true}]}}