{"id":229577,"date":"2025-07-30T20:31:22","date_gmt":"2025-07-30T23:31:22","guid":{"rendered":"https:\/\/diarioregionaldigital.com.br\/?p=229577"},"modified":"2025-07-30T20:31:22","modified_gmt":"2025-07-30T23:31:22","slug":"linha-729-paula-lima-se-torna-semiexpressa-e-outras-37-linhas-de-onibus-recebem-melhorias-em-horarios-a-partir-desta-sexta-feira-1","status":"publish","type":"post","link":"https:\/\/diarioregionaldigital.com.br\/?p=229577","title":{"rendered":"Linha 729 &#8211; Paula Lima se torna semiexpressa e outras 37 linhas de \u00f4nibus recebem melhorias em hor\u00e1rios, a partir desta sexta-feira, 1"},"content":{"rendered":"<p>Segundo informa\u00e7\u00f5es do site da Prefeitura de Juiz de Fora (PJF), a PJF implementar\u00e1 melhorias nos quadros de hor\u00e1rios de 37 linhas de \u00f4nibus a partir desta sexta-feira, 1. Junto \u00e0s mudan\u00e7as, a linha 729 &#8211; Paula Lima passa a operar de forma semiexpressa para otimizar o atendimento \u00e0 comunidade.<\/p>\n<div id=\"box_texto_noticia\">\n<p>A Secretaria de Mobilidade Urbana (SMU) realiza as adequa\u00e7\u00f5es para garantir a pontualidade dos hor\u00e1rios dos \u00f4nibus, assim como melhorias na oferta de ve\u00edculos e a qualidade do servi\u00e7o. Atualiza\u00e7\u00f5es nos quadros de hor\u00e1rios sempre s\u00e3o analisadas para assegurar o cumprimento efetivo das viagens, levando em conta as quest\u00f5es operacionais do transporte no dia a dia da cidade.<\/p>\n<p>Estes ajustes s\u00e3o revis\u00f5es nos quadros de hor\u00e1rios, muitas vezes impactados pelo crescimento da cidade, para coincidirem com o que \u00e9 praticado hoje. As adequa\u00e7\u00f5es s\u00e3o fruto tamb\u00e9m das demandas da popula\u00e7\u00e3o, discutidas atrav\u00e9s do Gabinete de A\u00e7\u00e3o e Di\u00e1logo Comunit\u00e1rio da Secretaria de Desenvolvimento Urbano com Participa\u00e7\u00e3o Popular (Sedupp).<\/p>\n<p>No caso da linha 729 &#8211; Paula Lima, a mudan\u00e7a para o modelo semiexpresso visa aumentar a velocidade operacional, reduzir o tempo de viagem e otimizar o atendimento \u00e0 comunidade. Os usu\u00e1rios devem se atentar \u00e0s mudan\u00e7as para evitar transtornos. Confira:<\/p>\n<p>Sentido Bairro \/ Centro: Sa\u00edda de Paula Lima com embarque at\u00e9 \u00faltimo ponto antes da passagem em n\u00edvel no Bairro Miguel Marinho e desembarque permitido em todo o itiner\u00e1rio at\u00e9 o Centro.<\/p>\n<p>Sentido Centro \/ Bairro: Sa\u00edda do Centro com embarque permitido em todos os pontos de \u00f4nibus e o desembarque somente ap\u00f3s a passagem em n\u00edvel no Bairro Miguel Marinho.<\/p>\n<p>Na regi\u00e3o central, nos pontos localizados na Avenida Get\u00falio Vargas e Travessa Doutor Prisco, ser\u00e1 poss\u00edvel embarcar e desembarcar.<\/p>\n<p>Os novos quadros de hor\u00e1rios est\u00e3o dispon\u00edveis no anexo. Confira as linhas com mudan\u00e7as:<\/p>\n<p>103 &#8211; Filgueiras: Ajustes de hor\u00e1rios nos dias \u00fateis, s\u00e1bados, domingos e feriados.<br \/>\n105 &#8211; Filgueiras: Ajustes de hor\u00e1rios nos dias \u00fateis, s\u00e1bados, domingos e feriados.<br \/>\n107 &#8211; Vila Montanhesa: Ajustes de hor\u00e1rios nos dias \u00fateis, s\u00e1bados, domingos e feriados.<br \/>\n109 &#8211; Granjas Triunfo: Ajustes de hor\u00e1rios nos dias \u00fateis, s\u00e1bados, domingos e feriados.<br \/>\n113 &#8211; Vila Montanhesa \/ Jardim Ga\u00facho: Ajustes de hor\u00e1rios nos dias \u00fateis, s\u00e1bados, domingos e feriados.<br \/>\n121 &#8211; Nossa Senhora das Gra\u00e7as \/ Santa Luzia: Ajustes de hor\u00e1rios nos dias \u00fateis, s\u00e1bados, domingos e feriados.<br \/>\n130 &#8211; Bandeirantes \/ Via Garganta do Dilermando \/ Alto S\u00e3o Geraldo: Ajustes de hor\u00e1rios nos dias \u00fateis, s\u00e1bados, domingos e feriados.<br \/>\n150 &#8211; Grama: Ajuste de hor\u00e1rios nos dias \u00fateis.<br \/>\n151 &#8211; Filgueiras: Ajustes de hor\u00e1rios nos dias \u00fateis, s\u00e1bados, domingos e feriados.<br \/>\n204 &#8211; Santa Paula: Ajuste de hor\u00e1rios nos dias \u00fateis.<br \/>\n205 &#8211; Santa Paula: Ajustes de hor\u00e1rios nos dias \u00fateis, s\u00e1bados, domingos e feriados.<br \/>\n210 &#8211; Santa Paula: Ajustes de hor\u00e1rios nos dias \u00fateis, s\u00e1bados, domingos e feriados.<br \/>\n303 &#8211; Jardim Esperan\u00e7a: Ajustes de hor\u00e1rios nos dias \u00fateis, s\u00e1bados, domingos e feriados.<br \/>\n315 &#8211; Jardim Esperan\u00e7a: Ajustes de hor\u00e1rios nos dias \u00fateis, s\u00e1bados, domingos e feriados.<br \/>\n404 &#8211; Santa Rita: Ajustes de hor\u00e1rios nos dias \u00fateis, s\u00e1bados, domingos e feriados.<br \/>\n405 &#8211; Santa Rita: Ajustes de hor\u00e1rios nos dias \u00fateis, s\u00e1bados, domingos e feriados.<br \/>\n406 &#8211; Santa Rita \/ Via Sr. Nen\u00e9m: Ajustes de hor\u00e1rios nos dias \u00fateis, s\u00e1bados, domingos e feriados.<br \/>\n412 &#8211; Parque Burnier: Ajustes de hor\u00e1rios nos dias \u00fateis, s\u00e1bados, domingos e feriados.<br \/>\n500 &#8211; Maril\u00e2ndia: Ajustes de hor\u00e1rios nos dias \u00fateis, s\u00e1bados, domingos e feriados.<br \/>\n501 &#8211; Padre Caf\u00e9 \/ Jardim Gl\u00f3ria: Ajustes de hor\u00e1rios nos dias \u00fateis, s\u00e1bados, domingos e feriados.<br \/>\n519 &#8211; Torre\u00f5es: Ajustes de hor\u00e1rios nos dias \u00fateis e s\u00e1bados.<br \/>\n526 &#8211; Cascatinha \/ Vale do Ip\u00ea: Inclus\u00e3o de hor\u00e1rio nos dias \u00fateis, s\u00e1bados, domingos e feriados.<br \/>\n529 &#8211; Torre\u00f5es: Ajustes de hor\u00e1rios nos dias \u00fateis.<br \/>\n535 &#8211; Universidade: Ajustes de hor\u00e1rios nos dias \u00fateis.<br \/>\n615 &#8211; Encosta do Sol: Ajustes de hor\u00e1rios nos dias \u00fateis.<br \/>\n705 &#8211; J\u00f3quei Clube: Unifica\u00e7\u00e3o das linhas 704 e 705 nos dias \u00fateis, s\u00e1bados, domingos e feriados.<br \/>\n717 &#8211; Benfica: Ajustes de hor\u00e1rios nos dias \u00fateis, s\u00e1bados, domingos e feriados.<br \/>\n719 &#8211; Nova Era: Ajustes de hor\u00e1rios nos dias \u00fateis, s\u00e1bados, domingos e feriados.<br \/>\n721 &#8211; Nova Era: Ajustes de hor\u00e1rios nos dias \u00fateis, s\u00e1bados, domingos e feriados.<br \/>\n728 &#8211; Nova Benfica: Ajustes de hor\u00e1rios nos dias \u00fateis, s\u00e1bados, domingos e feriados.<br \/>\n731 &#8211; BR-040: Ajustes de hor\u00e1rios nos dias \u00fateis, s\u00e1bados, domingos e feriados.<br \/>\n733 &#8211; Santa Cruz: Ajustes de hor\u00e1rios nos dias \u00fateis, s\u00e1bados, domingos e feriados.<br \/>\n736 &#8211; Nova Benfica: Ajustes de hor\u00e1rios nos dias \u00fateis, s\u00e1bados, domingos e feriados.<br \/>\n739 &#8211; Nova Era: Ajustes de hor\u00e1rios nos dias \u00fateis e s\u00e1bados.<br \/>\n741 &#8211; Valadares: Ajustes de hor\u00e1rios nos dias \u00fateis, s\u00e1bados, domingos e feriados.<br \/>\n755 &#8211; Zona Norte \/ UFJF: Ajustes de hor\u00e1rios nos dias \u00fateis.<br \/>\n766 &#8211; Zona Norte \/ Centro: Ajustes de hor\u00e1rios nos dias \u00fateis, s\u00e1bados, domingos e feriados.<\/p>\n<p>&nbsp;<\/p>\n<\/div>\n<p>&nbsp;<\/p>\n<div class=\"texto_anexo\"><img loading=\"lazy\" decoding=\"async\" src=\"https:\/\/www.pjf.mg.gov.br\/imagens\/clips.jpg\" width=\"22\" height=\"20\" \/>\u00a0<a href=\"https:\/\/www.pjf.mg.gov.br\/noticias\/anexo\/NovosQuadros_01_08.pdf.pdf\" target=\"_blank\" rel=\"noopener\">Veja o anexo<\/a><\/div>\n","protected":false},"excerpt":{"rendered":"<p>Segundo informa\u00e7\u00f5es do site da Prefeitura de Juiz de Fora (PJF), a PJF implementar\u00e1 melhorias nos quadros de hor\u00e1rios de 37 linhas de \u00f4nibus a partir desta sexta-feira, 1. Junto \u00e0s mudan\u00e7as, a linha 729 &#8211; Paula Lima passa a operar de forma semiexpressa para otimizar o atendimento \u00e0 comunidade. A Secretaria de Mobilidade Urbana [&hellip;]<\/p>\n","protected":false},"author":246,"featured_media":229578,"comment_status":"closed","ping_status":"closed","sticky":false,"template":"","format":"standard","meta":{"footnotes":""},"categories":[253,436,439],"tags":[],"class_list":["post-229577","post","type-post","status-publish","format-standard","has-post-thumbnail","hentry","category-cidade","category-destaque-da-semana","category-ultima-hora"],"_links":{"self":[{"href":"https:\/\/diarioregionaldigital.com.br\/index.php?rest_route=\/wp\/v2\/posts\/229577","targetHints":{"allow":["GET"]}}],"collection":[{"href":"https:\/\/diarioregionaldigital.com.br\/index.php?rest_route=\/wp\/v2\/posts"}],"about":[{"href":"https:\/\/diarioregionaldigital.com.br\/index.php?rest_route=\/wp\/v2\/types\/post"}],"author":[{"embeddable":true,"href":"https:\/\/diarioregionaldigital.com.br\/index.php?rest_route=\/wp\/v2\/users\/246"}],"replies":[{"embeddable":true,"href":"https:\/\/diarioregionaldigital.com.br\/index.php?rest_route=%2Fwp%2Fv2%2Fcomments&post=229577"}],"version-history":[{"count":1,"href":"https:\/\/diarioregionaldigital.com.br\/index.php?rest_route=\/wp\/v2\/posts\/229577\/revisions"}],"predecessor-version":[{"id":229579,"href":"https:\/\/diarioregionaldigital.com.br\/index.php?rest_route=\/wp\/v2\/posts\/229577\/revisions\/229579"}],"wp:featuredmedia":[{"embeddable":true,"href":"https:\/\/diarioregionaldigital.com.br\/index.php?rest_route=\/wp\/v2\/media\/229578"}],"wp:attachment":[{"href":"https:\/\/diarioregionaldigital.com.br\/index.php?rest_route=%2Fwp%2Fv2%2Fmedia&parent=229577"}],"wp:term":[{"taxonomy":"category","embeddable":true,"href":"https:\/\/diarioregionaldigital.com.br\/index.php?rest_route=%2Fwp%2Fv2%2Fcategories&post=229577"},{"taxonomy":"post_tag","embeddable":true,"href":"https:\/\/diarioregionaldigital.com.br\/index.php?rest_route=%2Fwp%2Fv2%2Ftags&post=229577"}],"curies":[{"name":"wp","href":"https:\/\/api.w.org\/{rel}","templated":true}]}}