{"id":229569,"date":"2025-07-30T20:28:27","date_gmt":"2025-07-30T23:28:27","guid":{"rendered":"https:\/\/diarioregionaldigital.com.br\/?p=229569"},"modified":"2025-07-30T20:28:27","modified_gmt":"2025-07-30T23:28:27","slug":"cesama-e-prefeitura-instalam-bebedouros-publicos-em-dez-pracas-da-cidade","status":"publish","type":"post","link":"https:\/\/diarioregionaldigital.com.br\/?p=229569","title":{"rendered":"Cesama e Prefeitura instalam bebedouros p\u00fablicos em dez pra\u00e7as da cidade"},"content":{"rendered":"<p>Segundo informa\u00e7\u00f5es do site da Prefeitura de Juiz de Fora (PJF), a Companhia de Saneamento Municipal (Cesama), em parceria com a Prefeitura de Juiz de Fora, est\u00e1 realizando, esta semana, a instala\u00e7\u00e3o de bebedouros p\u00fablicos em dez pra\u00e7as da cidade. As esta\u00e7\u00f5es oferecem \u00e1gua pot\u00e1vel gratuita, nas vers\u00f5es natural e gelada, al\u00e9m de incluir um espa\u00e7o exclusivo para a hidrata\u00e7\u00e3o de pets e acess\u00edvel para cadeirantes.<\/p>\n<p>&#8220;A novidade representa um passo importante da Cesama e da gest\u00e3o municipal no sentido de materializar, cada vez mais, um compromisso com o saneamento b\u00e1sico de qualidade, tendo a \u00e1gua como uma das protagonistas na promo\u00e7\u00e3o do bem-estar da popula\u00e7\u00e3o e no incentivo de h\u00e1bitos mais saud\u00e1veis&#8221;, afirma o diretor-presidente da Cesama, Lincoln Santos Lima.<\/p>\n<p>Conforme explica a gerente de Infraestrutura (GEIN) da Cesama, Juliane Nogueira, as esta\u00e7\u00f5es de hidrata\u00e7\u00e3o s\u00e3o certificadas pelo\u00a0Instituto Nacional de Metrologia, Qualidade e Tecnologia\u00a0(Inmetro) e foram escolhidas de modo a garantir seguran\u00e7a, acessibilidade e conforto \u00e0 popula\u00e7\u00e3o. \u201cA implanta\u00e7\u00e3o das esta\u00e7\u00f5es de hidrata\u00e7\u00e3o \u00e9 resultado da contrata\u00e7\u00e3o de empresa especializada para o fornecimento completo dos equipamentos, incluindo transporte, personaliza\u00e7\u00e3o, instala\u00e7\u00e3o, garantia e um plano de manuten\u00e7\u00e3o preventiva e corretiva por 60 meses\u201d, detalha Juliane. Esse cuidado, segundo ela, visa garantir o pleno funcionamento das estruturas, \u201cmesmo diante das adversidades t\u00edpicas dos espa\u00e7os p\u00fablicos, como exposi\u00e7\u00e3o clim\u00e1tica e tempo de uso\u201d.<\/p>\n<p>As pra\u00e7as que est\u00e3o recebendo os novos bebedouros s\u00e3o: Pra\u00e7a Coronel Jeremias Garcia e Pra\u00e7a CEU (ambas em Benfica), Pra\u00e7a Poeta Daltemar Lima (Bom Pastor), Pra\u00e7a do Cruzeiro (Paineiras), Pra\u00e7a Manoel Nunes (Santa Cruz), Pra\u00e7a Agassis (Mariano Proc\u00f3pio), Via S\u00e3o Pedro, Pra\u00e7a em frente \u00e0 ponte Carlos Otto, pr\u00f3ximo \u00e0 Esdeva (Po\u00e7o Rico), Pra\u00e7a Jarbas de Lery Santos (S\u00e3o Mateus) e Pra\u00e7a Menelick de Carvalho (Santa Helena).<\/p>\n","protected":false},"excerpt":{"rendered":"<p>Segundo informa\u00e7\u00f5es do site da Prefeitura de Juiz de Fora (PJF), a Companhia de Saneamento Municipal (Cesama), em parceria com a Prefeitura de Juiz de Fora, est\u00e1 realizando, esta semana, a instala\u00e7\u00e3o de bebedouros p\u00fablicos em dez pra\u00e7as da cidade. As esta\u00e7\u00f5es oferecem \u00e1gua pot\u00e1vel gratuita, nas vers\u00f5es natural e gelada, al\u00e9m de incluir um [&hellip;]<\/p>\n","protected":false},"author":246,"featured_media":229571,"comment_status":"closed","ping_status":"closed","sticky":false,"template":"","format":"standard","meta":{"footnotes":""},"categories":[253,436,440,439],"tags":[],"class_list":["post-229569","post","type-post","status-publish","format-standard","has-post-thumbnail","hentry","category-cidade","category-destaque-da-semana","category-destaques-do-dia","category-ultima-hora"],"_links":{"self":[{"href":"https:\/\/diarioregionaldigital.com.br\/index.php?rest_route=\/wp\/v2\/posts\/229569","targetHints":{"allow":["GET"]}}],"collection":[{"href":"https:\/\/diarioregionaldigital.com.br\/index.php?rest_route=\/wp\/v2\/posts"}],"about":[{"href":"https:\/\/diarioregionaldigital.com.br\/index.php?rest_route=\/wp\/v2\/types\/post"}],"author":[{"embeddable":true,"href":"https:\/\/diarioregionaldigital.com.br\/index.php?rest_route=\/wp\/v2\/users\/246"}],"replies":[{"embeddable":true,"href":"https:\/\/diarioregionaldigital.com.br\/index.php?rest_route=%2Fwp%2Fv2%2Fcomments&post=229569"}],"version-history":[{"count":1,"href":"https:\/\/diarioregionaldigital.com.br\/index.php?rest_route=\/wp\/v2\/posts\/229569\/revisions"}],"predecessor-version":[{"id":229572,"href":"https:\/\/diarioregionaldigital.com.br\/index.php?rest_route=\/wp\/v2\/posts\/229569\/revisions\/229572"}],"wp:featuredmedia":[{"embeddable":true,"href":"https:\/\/diarioregionaldigital.com.br\/index.php?rest_route=\/wp\/v2\/media\/229571"}],"wp:attachment":[{"href":"https:\/\/diarioregionaldigital.com.br\/index.php?rest_route=%2Fwp%2Fv2%2Fmedia&parent=229569"}],"wp:term":[{"taxonomy":"category","embeddable":true,"href":"https:\/\/diarioregionaldigital.com.br\/index.php?rest_route=%2Fwp%2Fv2%2Fcategories&post=229569"},{"taxonomy":"post_tag","embeddable":true,"href":"https:\/\/diarioregionaldigital.com.br\/index.php?rest_route=%2Fwp%2Fv2%2Ftags&post=229569"}],"curies":[{"name":"wp","href":"https:\/\/api.w.org\/{rel}","templated":true}]}}