{"id":229551,"date":"2025-07-30T20:11:03","date_gmt":"2025-07-30T23:11:03","guid":{"rendered":"https:\/\/diarioregionaldigital.com.br\/?p=229551"},"modified":"2025-07-30T20:11:03","modified_gmt":"2025-07-30T23:11:03","slug":"artesaos-mineiros-ultrapassam-r-780-mil-comercializados-na-maior-feira-de-artesanato-da-america-latina","status":"publish","type":"post","link":"https:\/\/diarioregionaldigital.com.br\/?p=229551","title":{"rendered":"Artes\u00e3os mineiros ultrapassam R$ 780 mil comercializados na maior feira de artesanato da Am\u00e9rica Latina"},"content":{"rendered":"<p>Artes\u00e3os mineiros ultrapassaram R$ 780 mil em produtos comercializados durante a 25\u00aa Feira Nacional de Neg\u00f3cios do Artesanato (Fenearte), em Pernambuco, alcan\u00e7ando o maior valor\u00a0desde 2023. Ao todo, foram comercializadas mais de 9,4 mil pe\u00e7as.<\/p>\n<p>A gera\u00e7\u00e3o de renda s\u00f3 foi poss\u00edvel gra\u00e7as ao apoio do\u00a0<a href=\"https:\/\/www.mg.gov.br\/\" target=\"_blank\" rel=\"noopener\">Governo\u00a0de Minas<\/a>, por meio da\u00a0<a href=\"https:\/\/desenvolvimento.mg.gov.br\/\" target=\"_blank\" rel=\"noopener\">Secretaria de Estado de Desenvolvimento Econ\u00f4mico de Minas Gerais (Sede-MG)<\/a>,\u00a0em parceria com o Sebrae Minas, e o Programa do Artesanato Brasileiro (PAB), do Minist\u00e9rio do Empreendedorismo, da Microempresa e da Empresa de Pequeno Porte (Memp).<\/p>\n<figure class=\"image\"><img decoding=\"async\" src=\"https:\/\/www.agenciaminas.mg.gov.br\/ckeditor_assets\/pictures\/23228\/content_sede.jpeg\" alt=\"\" \/><figcaption><sub><em>Sede-MG \/ Divulga\u00e7\u00e3o\u00a0<\/em><\/sub><\/figcaption><\/figure>\n<p>A feira\u00a0contou com a comercializa\u00e7\u00e3o do trabalho de mais de 200 artes\u00e3os e de entidades representativas de Belo Horizonte e de outros 18 munic\u00edpios mineiros, que foram selecionados por meio de edital de chamamento p\u00fablico da Sede-MG.<\/p>\n<p>Na avalia\u00e7\u00e3o da secret\u00e1ria da Sede-MG, Mila Corr\u00eaa da Costa, o apoio do Governo de Minas demonstra o compromisso com o desenvolvimento e valoriza\u00e7\u00e3o do setor artesanal.<\/p>\n<p>\u201cA participa\u00e7\u00e3o de Minas Gerais na Fenearte \u00e9 uma oportunidade para que artes\u00e3os mineiros mostrem seus produtos a um p\u00fablico diversificado, valorizando e fortalecendo a imagem do estado como um polo de artesanato de qualidade, bem como de garantirem uma renda por meio vendas que s\u00e3o realizadas&#8221;, destaca a secret\u00e1ria.<\/p>\n<p><strong>Apoio transformado em tradi\u00e7\u00e3o<\/strong><\/p>\n<p>Desde 2004, o Governo de Minas Gerais, em parceria com o Sebrae Minas, est\u00e1 presente de forma ininterrupta em todas as edi\u00e7\u00f5es da Fenearte por meio da Diretoria do Artesanato Mineiro, da Sede-MG. Assim, o governo cumpre seu papel de fomentar e desenvolver o artesanato mineiro, sendo o segundo maior estado em representatividade no evento.<\/p>\n<figure class=\"image\"><img decoding=\"async\" src=\"https:\/\/www.agenciaminas.mg.gov.br\/ckeditor_assets\/pictures\/23230\/content_sede_2.jpeg\" alt=\"\" \/><figcaption><sub><em>Sede-MG \/ Divulga\u00e7\u00e3o\u00a0<\/em><\/sub><\/figcaption><\/figure>\n<p>\u201cJ\u00e1 s\u00e3o 21 anos que o Estado est\u00e1 presente de forma ininterrupta na Fenearte, cumprindo nosso papel de fomentar o artesanato local. O Governo de Minas valoriza e segue apoiando esse setor que tamb\u00e9m promove gera\u00e7\u00e3o de renda e dignidade para os mineiros\u201d, destaca o subsecret\u00e1rio de Liberdade Econ\u00f4mica e Empreendedorismo, Rodrigo Melo.<\/p>\n<p>A Fenearte \u00e9 a maior feira de artesanato da Am\u00e9rica Latina e este ano celebra 25 anos de hist\u00f3ria com o tema: \u201cFeira das Feiras\u201d. Esta edi\u00e7\u00e3o ocorreu ente os dias 9 e 20\/7 e\u00a0contou com a participa\u00e7\u00e3o de cerca de 5 mil artes\u00e3os de todo o Brasil e do exterior, al\u00e9m da presen\u00e7a de 340 mil visitantes.<\/p>\n<p>Fonte: Ag\u00eancia Minas<\/p>\n","protected":false},"excerpt":{"rendered":"<p>Artes\u00e3os mineiros ultrapassaram R$ 780 mil em produtos comercializados durante a 25\u00aa Feira Nacional de Neg\u00f3cios do Artesanato (Fenearte), em Pernambuco, alcan\u00e7ando o maior valor\u00a0desde 2023. Ao todo, foram comercializadas mais de 9,4 mil pe\u00e7as. A gera\u00e7\u00e3o de renda s\u00f3 foi poss\u00edvel gra\u00e7as ao apoio do\u00a0Governo\u00a0de Minas, por meio da\u00a0Secretaria de Estado de Desenvolvimento Econ\u00f4mico [&hellip;]<\/p>\n","protected":false},"author":246,"featured_media":229552,"comment_status":"closed","ping_status":"closed","sticky":false,"template":"","format":"standard","meta":{"footnotes":""},"categories":[436,440,261,254,439],"tags":[],"class_list":["post-229551","post","type-post","status-publish","format-standard","has-post-thumbnail","hentry","category-destaque-da-semana","category-destaques-do-dia","category-economia","category-politica","category-ultima-hora"],"_links":{"self":[{"href":"https:\/\/diarioregionaldigital.com.br\/index.php?rest_route=\/wp\/v2\/posts\/229551","targetHints":{"allow":["GET"]}}],"collection":[{"href":"https:\/\/diarioregionaldigital.com.br\/index.php?rest_route=\/wp\/v2\/posts"}],"about":[{"href":"https:\/\/diarioregionaldigital.com.br\/index.php?rest_route=\/wp\/v2\/types\/post"}],"author":[{"embeddable":true,"href":"https:\/\/diarioregionaldigital.com.br\/index.php?rest_route=\/wp\/v2\/users\/246"}],"replies":[{"embeddable":true,"href":"https:\/\/diarioregionaldigital.com.br\/index.php?rest_route=%2Fwp%2Fv2%2Fcomments&post=229551"}],"version-history":[{"count":1,"href":"https:\/\/diarioregionaldigital.com.br\/index.php?rest_route=\/wp\/v2\/posts\/229551\/revisions"}],"predecessor-version":[{"id":229553,"href":"https:\/\/diarioregionaldigital.com.br\/index.php?rest_route=\/wp\/v2\/posts\/229551\/revisions\/229553"}],"wp:featuredmedia":[{"embeddable":true,"href":"https:\/\/diarioregionaldigital.com.br\/index.php?rest_route=\/wp\/v2\/media\/229552"}],"wp:attachment":[{"href":"https:\/\/diarioregionaldigital.com.br\/index.php?rest_route=%2Fwp%2Fv2%2Fmedia&parent=229551"}],"wp:term":[{"taxonomy":"category","embeddable":true,"href":"https:\/\/diarioregionaldigital.com.br\/index.php?rest_route=%2Fwp%2Fv2%2Fcategories&post=229551"},{"taxonomy":"post_tag","embeddable":true,"href":"https:\/\/diarioregionaldigital.com.br\/index.php?rest_route=%2Fwp%2Fv2%2Ftags&post=229551"}],"curies":[{"name":"wp","href":"https:\/\/api.w.org\/{rel}","templated":true}]}}