{"id":229548,"date":"2025-07-29T20:08:34","date_gmt":"2025-07-29T23:08:34","guid":{"rendered":"https:\/\/diarioregionaldigital.com.br\/?p=229548"},"modified":"2025-07-29T20:08:34","modified_gmt":"2025-07-29T23:08:34","slug":"espetaculo-da-oficina-de-teatro-da-praca-ceu-conquista-tres-premios-no-festival-de-artes-cenicas-de-conselheiro-lafaiete","status":"publish","type":"post","link":"https:\/\/diarioregionaldigital.com.br\/?p=229548","title":{"rendered":"Espet\u00e1culo da Oficina de Teatro da Pra\u00e7a CEU conquista tr\u00eas pr\u00eamios no Festival de Artes C\u00eanicas de Conselheiro Lafaiete"},"content":{"rendered":"<p>Segundo informa\u00e7\u00f5es do site da Prefeitura de Juiz de Fora (PJF), o espet\u00e1culo &#8220;Luz Ancestral&#8221;, apresentado pela oficina de teatro da Pra\u00e7a CEU, foi um dos grandes destaques do Festival de Artes C\u00eanicas de Conselheiro Lafaiete (FACE), realizado na \u00faltima semana. A montagem, criada por jovens da zona norte de Juiz de Fora, recebeu quatro indica\u00e7\u00f5es e conquistou tr\u00eas pr\u00eamios, incluindo o Pr\u00eamio Especial do J\u00fari, concedido a apenas uma obra por edi\u00e7\u00e3o.<\/p>\n<div id=\"box_texto_noticia\">\n<p>As premia\u00e7\u00f5es foram:<\/p>\n<p>Melhor Maquiagem \u2013 L\u00edvia Andrade<\/p>\n<p>Melhor Atriz Coadjuvante \u2013 Elo\u00e1 Caldas<\/p>\n<p>Pr\u00eamio Especial do J\u00fari<\/p>\n<p>A pe\u00e7a tamb\u00e9m foi indicada nas categorias de Melhor Ator Coadjuvante (Victor Miranda) e Melhor Atriz (Laura Titonelli), destacando a expressiva atua\u00e7\u00e3o do elenco formado por alunos da oficina.<\/p>\n<p>Durante a cerim\u00f4nia de encerramento, os jurados exaltaram o simbolismo da montagem e o impacto emocional da narrativa. \u201cMais que uma pe\u00e7a: um chamado, um gesto de rever\u00eancia \u00e0s vozes que vieram antes de n\u00f3s\u201d, afirmou um dos membros do j\u00fari.<\/p>\n<p>Com enredo sens\u00edvel e criativo, \u201cLuz Ancestral\u201d acompanha a personagem Ben\u00e7a, que precisa enfrentar o monstro do orgulho ao embarcar para Ancestr\u00e1lia, um universo simb\u00f3lico onde outras pessoas tamb\u00e9m lidam com seus pr\u00f3prios fantasmas familiares. Com o aux\u00edlio da Lua e das conex\u00f5es ancestrais, ela busca a cura para si e para os outros \u2014 numa hist\u00f3ria que entrela\u00e7a afeto, passado e liberta\u00e7\u00e3o.<\/p>\n<p>A conquista no FACE refor\u00e7a a relev\u00e2ncia da oficina de teatro da Pra\u00e7a CEU, projeto gratuito que oferece forma\u00e7\u00e3o art\u00edstica para a comunidade. As aulas s\u00e3o voltadas a pessoas a partir dos 6 anos de idade e acontecem semanalmente, sob orienta\u00e7\u00e3o do articulador cultural Gabriel Oliveira.<\/p>\n<p>Al\u00e9m de desenvolver habilidades c\u00eanicas, a oficina atua diretamente na valoriza\u00e7\u00e3o da autoestima, da express\u00e3o e da identidade cultural dos participantes \u2014 revelando novos talentos e ampliando o acesso \u00e0 arte e \u00e0 cidadania na zona norte da cidade.<\/p>\n<p>Servi\u00e7o:<br \/>\nOficina de Teatro \u2013 Pra\u00e7a CEU<br \/>\nTurmas \u00e0s ter\u00e7as, quartas e quintas-feiras<br \/>\nAberta a pessoas a partir de 6 anos<br \/>\nGratuita, mediante disponibilidade de vagas<br \/>\nMais informa\u00e7\u00f5es podem ser obtidas diretamente na Pra\u00e7a CEU (Av. Juscelino Kubitschek, 5.899 \u2013 Benfica)<\/p>\n<\/div>\n<p>&nbsp;<\/p>\n<div class=\"texto_anexo\"><img loading=\"lazy\" decoding=\"async\" src=\"https:\/\/www.pjf.mg.gov.br\/imagens\/clips.jpg\" width=\"22\" height=\"20\" \/>\u00a0<a href=\"https:\/\/www.pjf.mg.gov.br\/noticias\/anexo\/ElencoEspetaculoLuzAncestral-PracaCEU.pdf.pdf\" target=\"_blank\" rel=\"noopener\">Veja o anexo<\/a><\/div>\n","protected":false},"excerpt":{"rendered":"<p>Segundo informa\u00e7\u00f5es do site da Prefeitura de Juiz de Fora (PJF), o espet\u00e1culo &#8220;Luz Ancestral&#8221;, apresentado pela oficina de teatro da Pra\u00e7a CEU, foi um dos grandes destaques do Festival de Artes C\u00eanicas de Conselheiro Lafaiete (FACE), realizado na \u00faltima semana. A montagem, criada por jovens da zona norte de Juiz de Fora, recebeu quatro [&hellip;]<\/p>\n","protected":false},"author":246,"featured_media":229549,"comment_status":"closed","ping_status":"closed","sticky":false,"template":"","format":"standard","meta":{"footnotes":""},"categories":[253,436,440,439],"tags":[],"class_list":["post-229548","post","type-post","status-publish","format-standard","has-post-thumbnail","hentry","category-cidade","category-destaque-da-semana","category-destaques-do-dia","category-ultima-hora"],"_links":{"self":[{"href":"https:\/\/diarioregionaldigital.com.br\/index.php?rest_route=\/wp\/v2\/posts\/229548","targetHints":{"allow":["GET"]}}],"collection":[{"href":"https:\/\/diarioregionaldigital.com.br\/index.php?rest_route=\/wp\/v2\/posts"}],"about":[{"href":"https:\/\/diarioregionaldigital.com.br\/index.php?rest_route=\/wp\/v2\/types\/post"}],"author":[{"embeddable":true,"href":"https:\/\/diarioregionaldigital.com.br\/index.php?rest_route=\/wp\/v2\/users\/246"}],"replies":[{"embeddable":true,"href":"https:\/\/diarioregionaldigital.com.br\/index.php?rest_route=%2Fwp%2Fv2%2Fcomments&post=229548"}],"version-history":[{"count":1,"href":"https:\/\/diarioregionaldigital.com.br\/index.php?rest_route=\/wp\/v2\/posts\/229548\/revisions"}],"predecessor-version":[{"id":229550,"href":"https:\/\/diarioregionaldigital.com.br\/index.php?rest_route=\/wp\/v2\/posts\/229548\/revisions\/229550"}],"wp:featuredmedia":[{"embeddable":true,"href":"https:\/\/diarioregionaldigital.com.br\/index.php?rest_route=\/wp\/v2\/media\/229549"}],"wp:attachment":[{"href":"https:\/\/diarioregionaldigital.com.br\/index.php?rest_route=%2Fwp%2Fv2%2Fmedia&parent=229548"}],"wp:term":[{"taxonomy":"category","embeddable":true,"href":"https:\/\/diarioregionaldigital.com.br\/index.php?rest_route=%2Fwp%2Fv2%2Fcategories&post=229548"},{"taxonomy":"post_tag","embeddable":true,"href":"https:\/\/diarioregionaldigital.com.br\/index.php?rest_route=%2Fwp%2Fv2%2Ftags&post=229548"}],"curies":[{"name":"wp","href":"https:\/\/api.w.org\/{rel}","templated":true}]}}