{"id":229541,"date":"2025-07-29T20:06:25","date_gmt":"2025-07-29T23:06:25","guid":{"rendered":"https:\/\/diarioregionaldigital.com.br\/?p=229541"},"modified":"2025-07-29T20:06:25","modified_gmt":"2025-07-29T23:06:25","slug":"governador-em-exercicio-participa-do-lancamento-da-cartilha-sobre-foruns-digitais","status":"publish","type":"post","link":"https:\/\/diarioregionaldigital.com.br\/?p=229541","title":{"rendered":"Governador em exerc\u00edcio participa do lan\u00e7amento da cartilha sobre F\u00f3runs Digitais"},"content":{"rendered":"<p><main class=\"clear margin-md-bottom-3\"><\/p>\n<div class=\"clear \">\n<p>O governador em exerc\u00edcio e presidente do Tribunal de Justi\u00e7a de Minas Gerais (TJMG), desembargador Luiz Carlos Corr\u00eaa Junior, participou do lan\u00e7amento da cartilha &#8220;F\u00f3rum Digital:\u00a0Conectando voc\u00ea \u00e0 Justi\u00e7a&#8221;. A solenidade foi realizada na manh\u00e3 desta ter\u00e7a-feira (29\/7), na Cidade Administrativa, em Belo Horizonte.<\/p>\n<p>O governador em exerc\u00edcio destacou os benef\u00edcios que os f\u00f3runs digitais ir\u00e3o proporcionar para a popula\u00e7\u00e3o que vive longe da sede da comarca e precisa de atendimento do poder judici\u00e1rio.<\/p>\n<p>&#8220;Os F\u00f3runs Digitais s\u00e3o aqueles estabelecimentos que o tribunal constr\u00f3i e instala em locais que n\u00e3o s\u00e3o sede de comarca. Nestes locais, as pessoas n\u00e3o precisam se deslocar at\u00e9 sede para receber os servi\u00e7os do poder judici\u00e1rio o que garante mais praticidade e facilidade para quem precisa resolver algum tipo de situa\u00e7\u00e3o com o Judici\u00e1rio&#8221;,\u00a0explicou o desembargador Luiz Carlos Corr\u00eaa Junior.<\/p>\n<p>Nessas unidades, o cidad\u00e3o pode receber atendimento e solucionar diversas demandas, como concilia\u00e7\u00f5es processuais e pr\u00e9-processuais, orienta\u00e7\u00f5es e encaminhamentos, emitir certid\u00f5es e participar em audi\u00eancias por meio de videoconfer\u00eancia. A cartilha traz locais, endere\u00e7os e telefones de contato, servi\u00e7os oferecidos, entre outras informa\u00e7\u00f5es.<\/p>\n<p>Os F\u00f3runs Digitais t\u00eam equipe pr\u00f3pria e viabilizam a presta\u00e7\u00e3o de servi\u00e7os pelo TJMG e \u00f3rg\u00e3os conveniados, como as Justi\u00e7as eleitoral, federal, militar e trabalhista, o Minist\u00e9rio P\u00fablico de Minas Gerais (MPMG), a Defensoria P\u00fablica de Minas Gerais (DPMG) e a\u00a0<a href=\"https:\/\/www.policiamilitar.mg.gov.br\/\" target=\"_blank\" rel=\"noopener\">Pol\u00edcia Militar de Minas Gerais (PMMG)<\/a>. Eles funcionam como espa\u00e7os de apoio ao f\u00f3rum principal da comarca, facilitando o acesso dos jurisdicionados aos servi\u00e7os judiciais.<\/p>\n<figure class=\"image\"><img decoding=\"async\" src=\"https:\/\/www.agenciaminas.mg.gov.br\/ckeditor_assets\/pictures\/23221\/content_38-_ap_9540.jpg\" alt=\"\" \/><figcaption><em><sub>Governador em exerc\u00edcio foi recebido pelos secret\u00e1rios (Dirceu Aur\u00e9lio \/ Imprensa MG)<\/sub><\/em><\/figcaption><\/figure>\n<p>Com exce\u00e7\u00e3o da capital, essas unidades contemplam munic\u00edpios com at\u00e9 50 mil habitantes a pelo menos 40 quil\u00f4metros da sede da comarca ou de qualquer unidade f\u00edsica do Poder Judici\u00e1rio ou que se situem em uma comarca de dif\u00edcil acesso. Elas contam tamb\u00e9m com um Centro Judici\u00e1rio de Solu\u00e7\u00e3o de Conflitos e Cidadania digital (Cejusc Digital).<\/p>\n<p>Atualmente, Minas conta com seis F\u00f3runs Digitais: Padre Para\u00edso, na comarca de Ara\u00e7ua\u00ed; Papagaios, na comarca de Pitangui; Lagoa Grande, na comarca de Presidente Oleg\u00e1rio; Venda Nova, na comarca de Belo Horizonte; Coluna, na comarca de S\u00e3o Jo\u00e3o Evangelista; e Fronteira, na comarca de Frutal.<\/p>\n<p><strong>Recep\u00e7\u00e3o<\/strong><\/p>\n<p>Ao chegar \u00e0 Cidade Administrativa,\u00a0sede do\u00a0<a href=\"https:\/\/www.mg.gov.br\/\" target=\"_blank\" rel=\"noopener\">Governo de Minas<\/a>, para as primeiras agendas oficiais como governador em exerc\u00edcio, o desembargador Luiz Carlos\u00a0Corr\u00eaa Junior\u00a0foi recebido pelos secret\u00e1rios de Estado de\u00a0<a href=\"https:\/\/www.governo.mg.gov.br\/\" target=\"_blank\" rel=\"noopener\">Governo (Segov)<\/a>, Marcelo Aro, de\u00a0<a href=\"https:\/\/www.comunicacao.mg.gov.br\/\" target=\"_blank\" rel=\"noopener\">Comunica\u00e7\u00e3o Social (Secom)<\/a>, Bernardo Santos, da\u00a0<a href=\"https:\/\/www.secretariageral.mg.gov.br\/\" target=\"_blank\" rel=\"noopener\">Secretaria-Geral<\/a>, Marcel Beghini, e pelo advogado-geral do Estado\u00a0<a href=\"https:\/\/advocaciageral.mg.gov.br\/\" target=\"_blank\" rel=\"noopener\">(AGE-MG)<\/a>, S\u00e9rgio Pessoa.<\/p>\n<p>&#8220;A rela\u00e7\u00e3o do Governo de Minas com o Tribunal de Justi\u00e7a de Minas Gerais \u00e9 algo hist\u00f3rico. Seja bem-vindo ao Poder Executivo,\u00a0que o senhor tenha uma boa estadia como governador do Estado&#8221;, deu as boas-vindas o secret\u00e1rio\u00a0Marcelo Aro.<\/p>\n<p>Fonte: Ag\u00eancia Minas<\/p>\n<\/div>\n<p><\/main><\/p>\n","protected":false},"excerpt":{"rendered":"<p>O governador em exerc\u00edcio e presidente do Tribunal de Justi\u00e7a de Minas Gerais (TJMG), desembargador Luiz Carlos Corr\u00eaa Junior, participou do lan\u00e7amento da cartilha &#8220;F\u00f3rum Digital:\u00a0Conectando voc\u00ea \u00e0 Justi\u00e7a&#8221;. A solenidade foi realizada na manh\u00e3 desta ter\u00e7a-feira (29\/7), na Cidade Administrativa, em Belo Horizonte. O governador em exerc\u00edcio destacou os benef\u00edcios que os f\u00f3runs digitais [&hellip;]<\/p>\n","protected":false},"author":246,"featured_media":229542,"comment_status":"closed","ping_status":"closed","sticky":false,"template":"","format":"standard","meta":{"footnotes":""},"categories":[436,440,261,254,439],"tags":[],"class_list":["post-229541","post","type-post","status-publish","format-standard","has-post-thumbnail","hentry","category-destaque-da-semana","category-destaques-do-dia","category-economia","category-politica","category-ultima-hora"],"_links":{"self":[{"href":"https:\/\/diarioregionaldigital.com.br\/index.php?rest_route=\/wp\/v2\/posts\/229541","targetHints":{"allow":["GET"]}}],"collection":[{"href":"https:\/\/diarioregionaldigital.com.br\/index.php?rest_route=\/wp\/v2\/posts"}],"about":[{"href":"https:\/\/diarioregionaldigital.com.br\/index.php?rest_route=\/wp\/v2\/types\/post"}],"author":[{"embeddable":true,"href":"https:\/\/diarioregionaldigital.com.br\/index.php?rest_route=\/wp\/v2\/users\/246"}],"replies":[{"embeddable":true,"href":"https:\/\/diarioregionaldigital.com.br\/index.php?rest_route=%2Fwp%2Fv2%2Fcomments&post=229541"}],"version-history":[{"count":1,"href":"https:\/\/diarioregionaldigital.com.br\/index.php?rest_route=\/wp\/v2\/posts\/229541\/revisions"}],"predecessor-version":[{"id":229543,"href":"https:\/\/diarioregionaldigital.com.br\/index.php?rest_route=\/wp\/v2\/posts\/229541\/revisions\/229543"}],"wp:featuredmedia":[{"embeddable":true,"href":"https:\/\/diarioregionaldigital.com.br\/index.php?rest_route=\/wp\/v2\/media\/229542"}],"wp:attachment":[{"href":"https:\/\/diarioregionaldigital.com.br\/index.php?rest_route=%2Fwp%2Fv2%2Fmedia&parent=229541"}],"wp:term":[{"taxonomy":"category","embeddable":true,"href":"https:\/\/diarioregionaldigital.com.br\/index.php?rest_route=%2Fwp%2Fv2%2Fcategories&post=229541"},{"taxonomy":"post_tag","embeddable":true,"href":"https:\/\/diarioregionaldigital.com.br\/index.php?rest_route=%2Fwp%2Fv2%2Ftags&post=229541"}],"curies":[{"name":"wp","href":"https:\/\/api.w.org\/{rel}","templated":true}]}}