{"id":229535,"date":"2025-07-28T19:55:23","date_gmt":"2025-07-28T22:55:23","guid":{"rendered":"https:\/\/diarioregionaldigital.com.br\/?p=229535"},"modified":"2025-07-28T19:55:23","modified_gmt":"2025-07-28T22:55:23","slug":"prefeita-margarida-salomao-reune-prefeitos-para-avancar-em-pautas-prioritarias-da-zona-da-mata","status":"publish","type":"post","link":"https:\/\/diarioregionaldigital.com.br\/?p=229535","title":{"rendered":"Prefeita Margarida Salom\u00e3o re\u00fane prefeitos para avan\u00e7ar em pautas priorit\u00e1rias da Zona da Mata"},"content":{"rendered":"<p>Segundo informa\u00e7\u00f5es do site da Prefeitura de Juiz de Fora (PJF), a prefeita de Juiz de Fora, Margarida Salom\u00e3o, recebeu em seu gabinete, nesta segunda-feira, 28, prefeitos e representantes de munic\u00edpios da Zona da Mata para uma plen\u00e1ria regional, dando continuidade ao encontro de lideran\u00e7as<a href=\"https:\/\/pjf.mg.gov.br\/noticias\/view.php?modo=link2&amp;idnoticia2=86018\"> realizado em abril<\/a>. Em destaque, a qualifica\u00e7\u00e3o da oferta de voos no Aeroporto Regional Itamar Franco.<\/p>\n<p>\u201cEsta nova reuni\u00e3o \u00e9 uma presta\u00e7\u00e3o de contas quanto ao retorno que obtivemos junto ao governo federal. Encontramos apoio \u00e0 nossa pauta. Mas ainda temos desafios a superar, nesse momento de fazer com que as companhias a\u00e9reas estejam cientes de nossas necessidades\u201d, afirmou a prefeita Margarida Salom\u00e3o.<\/p>\n<p>Segundo o relato do secret\u00e1rio de Desenvolvimento Sustent\u00e1vel e Inclusivo, da Inova\u00e7\u00e3o e Competitividade (Sedic), Ignacio Delgado, o contato com as companhias Azul e GOL j\u00e1 foi iniciado. O encontro desta segunda serviu para que esse procedimento seja repetido por mais munic\u00edpios.<\/p>\n<p>Para tanto, foram formadas comiss\u00f5es de articula\u00e7\u00e3o. Na interlocu\u00e7\u00e3o com a GOL, est\u00e3o os prefeitos de Rio Preto, Argirita (Victor Simas) e Vi\u00e7osa. Na articula\u00e7\u00e3o com a Azul, os munic\u00edpios de Vi\u00e7osa, Rio Novo e Goian\u00e1 estar\u00e3o representados. Por fim, os prefeitos de Rio Preto (Ant\u00f4nio M\u00e1rcio), Rio Novo (Guilherme Nogueira) e Vi\u00e7osa (\u00c2ngelo Chequer) atuar\u00e3o diretamente junto ao Governo do Estado em busca de melhorias nas estradas de acesso ao Aeroporto Regional. Uma nova reuni\u00e3o entre os prefeitos deve ocorrer at\u00e9 o m\u00eas de setembro.<\/p>\n<p><strong>Estiveram presentes no encontro os prefeitos de:<\/strong><\/p>\n<p>Rio Pomba: Fernando Macedo<br \/>\nRio Novo: Ant\u00f4nio M\u00e1rcio e Guilherme Nogueira<br \/>\nVi\u00e7osa: \u00c2ngelo Chequer<br \/>\nArgirita: Victor Simas<br \/>\nLima Duarte: Elenice Delgado<br \/>\nMerc\u00eas: Carlos Henrique<br \/>\nMatias Barbosa: Maur\u00edcio Domingos<br \/>\nGoian\u00e1: Paulo Roberto (Pav\u00e3ozinho)<br \/>\nBom Jardim de Minas: Jos\u00e9 Francisco (Chiquinho)<br \/>\nBelmiro Braga: Jos\u00e9 Paulo<br \/>\nSantos Dumont: Pac\u00edfico J\u00fanior<br \/>\nRepresentando Ub\u00e1, participou o secret\u00e1rio de Governo, Salom\u00e3o J\u00fanior Curi.<\/p>\n","protected":false},"excerpt":{"rendered":"<p>Segundo informa\u00e7\u00f5es do site da Prefeitura de Juiz de Fora (PJF), a prefeita de Juiz de Fora, Margarida Salom\u00e3o, recebeu em seu gabinete, nesta segunda-feira, 28, prefeitos e representantes de munic\u00edpios da Zona da Mata para uma plen\u00e1ria regional, dando continuidade ao encontro de lideran\u00e7as realizado em abril. Em destaque, a qualifica\u00e7\u00e3o da oferta de [&hellip;]<\/p>\n","protected":false},"author":246,"featured_media":229536,"comment_status":"closed","ping_status":"closed","sticky":false,"template":"","format":"standard","meta":{"footnotes":""},"categories":[253,436,440,439],"tags":[],"class_list":["post-229535","post","type-post","status-publish","format-standard","has-post-thumbnail","hentry","category-cidade","category-destaque-da-semana","category-destaques-do-dia","category-ultima-hora"],"_links":{"self":[{"href":"https:\/\/diarioregionaldigital.com.br\/index.php?rest_route=\/wp\/v2\/posts\/229535","targetHints":{"allow":["GET"]}}],"collection":[{"href":"https:\/\/diarioregionaldigital.com.br\/index.php?rest_route=\/wp\/v2\/posts"}],"about":[{"href":"https:\/\/diarioregionaldigital.com.br\/index.php?rest_route=\/wp\/v2\/types\/post"}],"author":[{"embeddable":true,"href":"https:\/\/diarioregionaldigital.com.br\/index.php?rest_route=\/wp\/v2\/users\/246"}],"replies":[{"embeddable":true,"href":"https:\/\/diarioregionaldigital.com.br\/index.php?rest_route=%2Fwp%2Fv2%2Fcomments&post=229535"}],"version-history":[{"count":1,"href":"https:\/\/diarioregionaldigital.com.br\/index.php?rest_route=\/wp\/v2\/posts\/229535\/revisions"}],"predecessor-version":[{"id":229537,"href":"https:\/\/diarioregionaldigital.com.br\/index.php?rest_route=\/wp\/v2\/posts\/229535\/revisions\/229537"}],"wp:featuredmedia":[{"embeddable":true,"href":"https:\/\/diarioregionaldigital.com.br\/index.php?rest_route=\/wp\/v2\/media\/229536"}],"wp:attachment":[{"href":"https:\/\/diarioregionaldigital.com.br\/index.php?rest_route=%2Fwp%2Fv2%2Fmedia&parent=229535"}],"wp:term":[{"taxonomy":"category","embeddable":true,"href":"https:\/\/diarioregionaldigital.com.br\/index.php?rest_route=%2Fwp%2Fv2%2Fcategories&post=229535"},{"taxonomy":"post_tag","embeddable":true,"href":"https:\/\/diarioregionaldigital.com.br\/index.php?rest_route=%2Fwp%2Fv2%2Ftags&post=229535"}],"curies":[{"name":"wp","href":"https:\/\/api.w.org\/{rel}","templated":true}]}}