{"id":229529,"date":"2025-07-28T19:50:20","date_gmt":"2025-07-28T22:50:20","guid":{"rendered":"https:\/\/diarioregionaldigital.com.br\/?p=229529"},"modified":"2025-07-28T19:50:20","modified_gmt":"2025-07-28T22:50:20","slug":"governo-de-minas-entrega-notebooks-a-jovens-rurais-para-fortalecer-a-gestao-nas-propriedades","status":"publish","type":"post","link":"https:\/\/diarioregionaldigital.com.br\/?p=229529","title":{"rendered":"Governo de Minas entrega notebooks a jovens rurais para fortalecer a gest\u00e3o nas propriedades"},"content":{"rendered":"<p>O <a href=\"https:\/\/www.mg.gov.br\/\" target=\"_blank\" rel=\"noopener\">Governo de Minas<\/a>, por meio da <a href=\"https:\/\/www.emater.mg.gov.br\/\" target=\"_blank\" rel=\"noopener\">Empresa de Assist\u00eancia T\u00e9cnica e Extens\u00e3o Rural de Minas Gerais (Emater-MG)<\/a> iniciou a entrega de notebooks a 121 jovens participantes do programa Futuro no Campo, em diversas regi\u00f5es do estado. O objetivo da iniciativa \u00e9 incentivar a sucess\u00e3o familiar no meio rural, com capacita\u00e7\u00e3o, assist\u00eancia t\u00e9cnica e ferramentas de gest\u00e3o.<\/p>\n<p>Os beneficiados com os notebooks fazem parte dos projetos Jovens do Caf\u00e9 e Jovens do Leite, duas frentes de trabalho do Futuro no Campo. Os equipamentos entregues ser\u00e3o utilizados para a organiza\u00e7\u00e3o e controle das atividades nas propriedades, por meio de planilhas e sistemas de gest\u00e3o espec\u00edficos para as cadeias do leite e do caf\u00e9.<\/p>\n<p>Al\u00e9m disso, os notebooks permitem o acesso a plataformas de ensino e a conte\u00fados t\u00e9cnicos, essenciais para que os jovens coloquem em pr\u00e1tica os conhecimentos adquiridos durante o programa.<\/p>\n<p>Antes da entrega dos notebooks, os jovens passam por uma capacita\u00e7\u00e3o on-line, com carga hor\u00e1ria de quatro horas e por treinamentos presenciais, com 16 horas de dura\u00e7\u00e3o, em temas relacionados \u00e0 cafeicultura e \u00e0 bovinocultura de leite. Os cursos foram elaborados por especialistas da Emater-MG e aplicados com apoio dos t\u00e9cnicos locais.<\/p>\n<p>Segundo a coordenadora estadual do programa, Luziane Dias de Oliveira, o fornecimento dos notebooks garante as condi\u00e7\u00f5es para que os jovens possam empreender, aumentar a renda familiar e permanecer no meio rural com perspectivas de futuro.<\/p>\n<p>\u201cS\u00e3o jovens cujas fam\u00edlias t\u00eam a atividade da cafeicultura ou da bovinocultura de leite j\u00e1 estabelecidas. Eles poder\u00e3o fazer toda a gest\u00e3o com as ferramentas e planilhas oferecidas pela Emater-MG, al\u00e9m do acompanhamento t\u00e9cnico\u201d, explica.<\/p>\n<p>&nbsp;<\/p>\n<p><strong>Sucess\u00e3o na queijaria<\/strong><\/p>\n<p>O jovem Mateus Correia Queiroz, de 17 anos, mora com os pais em uma propriedade de Materl\u00e2ndia, no Vale do Rio Doce. Ele \u00e9 o mais novo entre cinco irm\u00e3os e foi selecionado pelo Futuro no Campo na \u00e1rea de pecu\u00e1ria leiteira. Mateus e os irm\u00e3os ajudam o pai no trabalho di\u00e1rio da Queijaria Queiroz e Filhos.<\/p>\n<p>Agora, com um notebook em m\u00e3os, Mateus afirma que vai ser mais f\u00e1cil contribuir com os neg\u00f3cios da fam\u00edlia.<\/p>\n<p>\u201cEu tinha apenas o celular para assistir \u00e0s aulas, era mais complicado. Com o computador que eu recebi agora, consigo ter maior flexibilidade para estudar e pesquisar coisas novas. E, principalmente, trabalhar na gest\u00e3o da propriedade para ajudar meus irm\u00e3os e meu pai a seguir adiante na ro\u00e7a\u201d, declara.<\/p>\n<p><strong>Outras atividades<\/strong><\/p>\n<p>A chamada p\u00fablica do programa Futuro no Campo recebeu mais de 1,4 inscri\u00e7\u00f5es. Foram selecionados 506 jovens entre 16 e 29 anos, em todas as regi\u00f5es de Minas Gerais, de fam\u00edlias atendidas pela Emater-MG. O programa \u00e9 composto por tr\u00eas projetos principais: Jovens do Caf\u00e9, Jovens do Leite e Jovem Empreendedor Rural, com a\u00e7\u00f5es pr\u00e1ticas em avicultura de postura, apicultura, fruticultura e olericultura.<\/p>\n<p>Para os jovens que integram o projeto Jovem Empreendedor Rural, os kits de fomento come\u00e7am a ser entregues em breve. Eles incluem itens como ra\u00e7\u00e3o, ferramentas, sementes, mudas, colmeias e sistemas de irriga\u00e7\u00e3o, conforme a cadeia produtiva escolhida por cada participante.<\/p>\n<p>O investimento inicial no Futuro no Campo foi de R$ 1,9 milh\u00e3o, com recursos pr\u00f3prios da Emater-MG. A expectativa \u00e9 que o programa seja ampliado com o apoio de parcerias p\u00fablicas e privadas.<\/p>\n<p>&nbsp;<\/p>\n<p>Fonte: Ag\u00eancia Minas<\/p>\n","protected":false},"excerpt":{"rendered":"<p>O Governo de Minas, por meio da Empresa de Assist\u00eancia T\u00e9cnica e Extens\u00e3o Rural de Minas Gerais (Emater-MG) iniciou a entrega de notebooks a 121 jovens participantes do programa Futuro no Campo, em diversas regi\u00f5es do estado. O objetivo da iniciativa \u00e9 incentivar a sucess\u00e3o familiar no meio rural, com capacita\u00e7\u00e3o, assist\u00eancia t\u00e9cnica e ferramentas [&hellip;]<\/p>\n","protected":false},"author":246,"featured_media":229530,"comment_status":"closed","ping_status":"closed","sticky":false,"template":"","format":"standard","meta":{"footnotes":""},"categories":[436,440,261,254,439],"tags":[],"class_list":["post-229529","post","type-post","status-publish","format-standard","has-post-thumbnail","hentry","category-destaque-da-semana","category-destaques-do-dia","category-economia","category-politica","category-ultima-hora"],"_links":{"self":[{"href":"https:\/\/diarioregionaldigital.com.br\/index.php?rest_route=\/wp\/v2\/posts\/229529","targetHints":{"allow":["GET"]}}],"collection":[{"href":"https:\/\/diarioregionaldigital.com.br\/index.php?rest_route=\/wp\/v2\/posts"}],"about":[{"href":"https:\/\/diarioregionaldigital.com.br\/index.php?rest_route=\/wp\/v2\/types\/post"}],"author":[{"embeddable":true,"href":"https:\/\/diarioregionaldigital.com.br\/index.php?rest_route=\/wp\/v2\/users\/246"}],"replies":[{"embeddable":true,"href":"https:\/\/diarioregionaldigital.com.br\/index.php?rest_route=%2Fwp%2Fv2%2Fcomments&post=229529"}],"version-history":[{"count":1,"href":"https:\/\/diarioregionaldigital.com.br\/index.php?rest_route=\/wp\/v2\/posts\/229529\/revisions"}],"predecessor-version":[{"id":229531,"href":"https:\/\/diarioregionaldigital.com.br\/index.php?rest_route=\/wp\/v2\/posts\/229529\/revisions\/229531"}],"wp:featuredmedia":[{"embeddable":true,"href":"https:\/\/diarioregionaldigital.com.br\/index.php?rest_route=\/wp\/v2\/media\/229530"}],"wp:attachment":[{"href":"https:\/\/diarioregionaldigital.com.br\/index.php?rest_route=%2Fwp%2Fv2%2Fmedia&parent=229529"}],"wp:term":[{"taxonomy":"category","embeddable":true,"href":"https:\/\/diarioregionaldigital.com.br\/index.php?rest_route=%2Fwp%2Fv2%2Fcategories&post=229529"},{"taxonomy":"post_tag","embeddable":true,"href":"https:\/\/diarioregionaldigital.com.br\/index.php?rest_route=%2Fwp%2Fv2%2Ftags&post=229529"}],"curies":[{"name":"wp","href":"https:\/\/api.w.org\/{rel}","templated":true}]}}