{"id":229526,"date":"2025-07-28T19:41:23","date_gmt":"2025-07-28T22:41:23","guid":{"rendered":"https:\/\/diarioregionaldigital.com.br\/?p=229526"},"modified":"2025-07-28T19:41:23","modified_gmt":"2025-07-28T22:41:23","slug":"governo-de-minas-investe-na-saude-do-vetor-norte-de-belo-horizonte","status":"publish","type":"post","link":"https:\/\/diarioregionaldigital.com.br\/?p=229526","title":{"rendered":"Governo de Minas investe na sa\u00fade do Vetor Norte de Belo Horizonte"},"content":{"rendered":"<p dir=\"ltr\">O secret\u00e1rio de Estado de <a href=\"https:\/\/www.saude.mg.gov.br\/\" target=\"_blank\" rel=\"noopener\">Sa\u00fade<\/a> de Minas Gerais, F\u00e1bio Baccheretti, visitou nesta\u00a0segunda-feira (28\/7), as obras de reforma e amplia\u00e7\u00e3o do Hospital de Deus, em Vespasiano.<\/p>\n<p>Em fase de acabamento, a amplia\u00e7\u00e3o e reforma do hospital &#8211; administrado pela Funda\u00e7\u00e3o Vespasianense de Sa\u00fade &#8211; recebeu do <a href=\"https:\/\/www.mg.gov.br\/\" target=\"_blank\" rel=\"noopener\">Governo de Minas<\/a> cerca de R$ 70 milh\u00f5es para reforma, amplia\u00e7\u00e3o e aquisi\u00e7\u00e3o de equipamentos, o que representa um grande avan\u00e7o para a sa\u00fade da regi\u00e3o.<\/p>\n<p>Segundo o secret\u00e1rio, o Hospital de Deus ser\u00e1 uma alternativa de atendimento \u00e0 popula\u00e7\u00e3o do Vetor Norte, desafogando o atendimento de unidades de Sa\u00fade da capital, por exemplo. \u201cAs melhorias t\u00eam como objetivo fazer com que o Hospital de Vespasiano seja refer\u00eancia em sa\u00fade para os demais munic\u00edpios do Vetor Norte, reduzindo a ida de pacientes para Belo Horizonte\u201d, disse Baccheretti.<\/p>\n<p>Al\u00e9m de prestar um servi\u00e7os de m\u00e9dia complexidade em\u00a0 \u00e1reas como Cl\u00ednica M\u00e9dica, Pediatria, Ginecologia, Cirurgia geral, Ortopedia, Angiologia e Anestesiologia, o Hospital de Deus contar\u00e1 com um novo bloco cir\u00fargico e modernos equipamentos de tomografia e ultrassom.<\/p>\n<p>F\u00e1bio Baccheretti enfatizou a import\u00e2ncia das novas instala\u00e7\u00f5es e equipamentos hospitalares. \u201cSabemos como faz diferen\u00e7a uma tomografia nos casos de um Acidente Vascular Cerebral (AVC) ou de um trauma que necessita de cirurgia. Esse espa\u00e7o, um novo tom\u00f3grafo, al\u00e9m do Raio X digital que ser\u00e1 adquirido, ir\u00e1 mudar completamente o atendimento em sa\u00fade da regi\u00e3o\u201d, afirmou.<\/p>\n<p>Ainda sobre as melhorias na sa\u00fade, o secret\u00e1rio elogiou a atual capacidade do bloco cir\u00fargico do Hospital &#8211; que mais que dobrou seu n\u00famero de cirurgias, chegando a 200 procedimentos realizados por m\u00eas.<\/p>\n<p dir=\"ltr\">Com o andamento da obra, j\u00e1 na fase de acabamento, a instala\u00e7\u00e3o dos pisos das salas encontra-se realizada. Os banheiros j\u00e1 receberam azulejos, a primeira fase da pintura j\u00e1 foi iniciada e a rede de gases medicinais tamb\u00e9m j\u00e1 passou por instala\u00e7\u00f5es.<\/p>\n<p>O secret\u00e1rio municipal de Sa\u00fade de Vespasiano, Marcelo Alc\u00e2ntara, tamb\u00e9m enfatizou o atual momento de melhorias na sa\u00fade para o munic\u00edpio e todo o Vetor Norte. \u201cVivemos um outro momento, com novas possibilidades para a sa\u00fade, e no cuidado com a popula\u00e7\u00e3o. Em breve esse espa\u00e7o estar\u00e1 pronto, ent\u00e3o s\u00f3 agradecemos a todos os envolvidos por essa conquista\u201d, disse.<\/p>\n<p>&nbsp;<\/p>\n<p>Fonte: Ag\u00eancia Minas<\/p>\n","protected":false},"excerpt":{"rendered":"<p>O secret\u00e1rio de Estado de Sa\u00fade de Minas Gerais, F\u00e1bio Baccheretti, visitou nesta\u00a0segunda-feira (28\/7), as obras de reforma e amplia\u00e7\u00e3o do Hospital de Deus, em Vespasiano. Em fase de acabamento, a amplia\u00e7\u00e3o e reforma do hospital &#8211; administrado pela Funda\u00e7\u00e3o Vespasianense de Sa\u00fade &#8211; recebeu do Governo de Minas cerca de R$ 70 milh\u00f5es para [&hellip;]<\/p>\n","protected":false},"author":246,"featured_media":229527,"comment_status":"closed","ping_status":"closed","sticky":false,"template":"","format":"standard","meta":{"footnotes":""},"categories":[436,440,261,254,439],"tags":[],"class_list":["post-229526","post","type-post","status-publish","format-standard","has-post-thumbnail","hentry","category-destaque-da-semana","category-destaques-do-dia","category-economia","category-politica","category-ultima-hora"],"_links":{"self":[{"href":"https:\/\/diarioregionaldigital.com.br\/index.php?rest_route=\/wp\/v2\/posts\/229526","targetHints":{"allow":["GET"]}}],"collection":[{"href":"https:\/\/diarioregionaldigital.com.br\/index.php?rest_route=\/wp\/v2\/posts"}],"about":[{"href":"https:\/\/diarioregionaldigital.com.br\/index.php?rest_route=\/wp\/v2\/types\/post"}],"author":[{"embeddable":true,"href":"https:\/\/diarioregionaldigital.com.br\/index.php?rest_route=\/wp\/v2\/users\/246"}],"replies":[{"embeddable":true,"href":"https:\/\/diarioregionaldigital.com.br\/index.php?rest_route=%2Fwp%2Fv2%2Fcomments&post=229526"}],"version-history":[{"count":1,"href":"https:\/\/diarioregionaldigital.com.br\/index.php?rest_route=\/wp\/v2\/posts\/229526\/revisions"}],"predecessor-version":[{"id":229528,"href":"https:\/\/diarioregionaldigital.com.br\/index.php?rest_route=\/wp\/v2\/posts\/229526\/revisions\/229528"}],"wp:featuredmedia":[{"embeddable":true,"href":"https:\/\/diarioregionaldigital.com.br\/index.php?rest_route=\/wp\/v2\/media\/229527"}],"wp:attachment":[{"href":"https:\/\/diarioregionaldigital.com.br\/index.php?rest_route=%2Fwp%2Fv2%2Fmedia&parent=229526"}],"wp:term":[{"taxonomy":"category","embeddable":true,"href":"https:\/\/diarioregionaldigital.com.br\/index.php?rest_route=%2Fwp%2Fv2%2Fcategories&post=229526"},{"taxonomy":"post_tag","embeddable":true,"href":"https:\/\/diarioregionaldigital.com.br\/index.php?rest_route=%2Fwp%2Fv2%2Ftags&post=229526"}],"curies":[{"name":"wp","href":"https:\/\/api.w.org\/{rel}","templated":true}]}}