{"id":229524,"date":"2025-07-25T21:11:38","date_gmt":"2025-07-26T00:11:38","guid":{"rendered":"https:\/\/diarioregionaldigital.com.br\/?p=229524"},"modified":"2025-07-25T21:11:38","modified_gmt":"2025-07-26T00:11:38","slug":"acaso-ou-intencional-qual-e-a-causa-da-existencia","status":"publish","type":"post","link":"https:\/\/diarioregionaldigital.com.br\/?p=229524","title":{"rendered":"Acaso ou Intencional: qual \u00e9 a causa da exist\u00eancia"},"content":{"rendered":"<p class=\"s3\">O que deu in\u00edcio a todas as coisas que existem? Essa resposta essencial passa por apenas duas hip\u00f3teses: ou tudo surgiu por acaso ou foi criado intencionalmente.<\/p>\n<p class=\"s3\">Ent\u00e3o refletimos: observando o n\u00edvel de complexidade e engenhosidade de cada coisa existente, qual das duas hip\u00f3teses parece ser mais cr\u00edvel?<\/p>\n<p class=\"s3\">Como as leis naturais, t\u00e3o exatas e est\u00e1veis, poderiam supostamente derivar de processos desconexos e aleat\u00f3rios? O DNA, por exemplo, que possui as caracter\u00edsticas de um c\u00f3digo deliberado, poderia ter surgido expontaneamente? Ou os finos ajustes das constantes cosmol\u00f3gicas? Ou a precis\u00e3o das particular biomoleculares?\u2026 Tamanha ordem, beleza e funcionalidade definitivamente n\u00e3o podem ser resultados de for\u00e7as aleat\u00f3rias.<\/p>\n<p class=\"s3\">Imagine que voc\u00ea encontre um celular no meio de uma floresta deserta. Jamais especularia que aquele objeto \u2013 com sua carca\u00e7a precisa, componentes internos complexos e software funcional \u2013 tenha surgido por causas aleat\u00f3rias. \u00d3bvio seria concluir que alguma mente inteligente projetou e fabricou aquele dispositivo. Da mesma forma, se um pesquisador se deparar com uma pir\u00e2mide em algum local inexplorado, mesmo que n\u00e3o haja nenhuma inscri\u00e7\u00e3o ou identifica\u00e7\u00e3o expl\u00edcita, ele n\u00e3o cogirar\u00e1 que for\u00e7as naturais aleat\u00f3rias, como movimentos s\u00edsmicos, vento ou eros\u00e3o, tenham movido blocos imensos para formar um monumento t\u00e3o bem estruturados. Ele saber\u00e1, imediatamente, que aquela edifica\u00e7\u00e3o \u00e9 produto de um planejador e que \u00e9 obra de um construtor inteligente. Ora, se para objetos artificiais como celulares e pir\u00e2mides atribu\u00edmos de forma \u00f3bvia a exist\u00eancia a uma mente racional, por que hesitar\u00edamos em aplicar a mesma l\u00f3gica ao universo e \u00e0 vida, que s\u00e3o infinitamente mais sofisticados?<\/p>\n<p class=\"s3\">\u00c9 um fato que a complexidade observ\u00e1vel aponta para a exist\u00eancia de uma mente criadora, que planejou cada mecanismo com prop\u00f3sito.<\/p>\n<p class=\"s3\">Essa discuss\u00e3o, contudo, n\u00e3o se limita ao aspecto cient\u00edfico. As implica\u00e7\u00f5es filos\u00f3ficas e existenciais da quest\u00e3o s\u00e3o imensas. Se o mundo \u00e9 fruto apenas de acidentes c\u00f3smicos, \u00e9 dif\u00edcil justificar a exist\u00eancia de prop\u00f3sito, moralidade objetiva ou significado \u00faltimo para a vida. No entanto, se o universo \u00e9 produto de um Criador, nossa exist\u00eancia automaticamente ganha uma nova dimens\u00e3o: somos parte de um plano maior, projetados com um prop\u00f3sito espec\u00edfico e em harmonia com o cosmos.<\/p>\n<p class=\"s3\">Ao enxergar em cada coisa uma raz\u00e3o de ser, examinamos a nossa pr\u00f3pria exist\u00eancia como um milagre e um privil\u00e9gio. Reconhecer que fomos criados nos leva a constatar que possu\u00edmos um significado, uma raz\u00e3o para existir e mais, uma finalidade sublime, visto que habitamos um mundo maravilhoso e reunimos como esp\u00e9cie atributos magn\u00edficos como pensar, falar, criar e amar.<\/p>\n<p class=\"s4\">\n","protected":false},"excerpt":{"rendered":"<p>O que deu in\u00edcio a todas as coisas que existem? Essa resposta essencial passa por apenas duas hip\u00f3teses: ou tudo surgiu por acaso ou foi criado intencionalmente. Ent\u00e3o refletimos: observando o n\u00edvel de complexidade e engenhosidade de cada coisa existente, qual das duas hip\u00f3teses parece ser mais cr\u00edvel? Como as leis naturais, t\u00e3o exatas e [&hellip;]<\/p>\n","protected":false},"author":246,"featured_media":0,"comment_status":"closed","ping_status":"closed","sticky":false,"template":"","format":"standard","meta":{"footnotes":""},"categories":[1244],"tags":[],"class_list":["post-229524","post","type-post","status-publish","format-standard","hentry","category-oleg-abramov"],"_links":{"self":[{"href":"https:\/\/diarioregionaldigital.com.br\/index.php?rest_route=\/wp\/v2\/posts\/229524","targetHints":{"allow":["GET"]}}],"collection":[{"href":"https:\/\/diarioregionaldigital.com.br\/index.php?rest_route=\/wp\/v2\/posts"}],"about":[{"href":"https:\/\/diarioregionaldigital.com.br\/index.php?rest_route=\/wp\/v2\/types\/post"}],"author":[{"embeddable":true,"href":"https:\/\/diarioregionaldigital.com.br\/index.php?rest_route=\/wp\/v2\/users\/246"}],"replies":[{"embeddable":true,"href":"https:\/\/diarioregionaldigital.com.br\/index.php?rest_route=%2Fwp%2Fv2%2Fcomments&post=229524"}],"version-history":[{"count":1,"href":"https:\/\/diarioregionaldigital.com.br\/index.php?rest_route=\/wp\/v2\/posts\/229524\/revisions"}],"predecessor-version":[{"id":229525,"href":"https:\/\/diarioregionaldigital.com.br\/index.php?rest_route=\/wp\/v2\/posts\/229524\/revisions\/229525"}],"wp:attachment":[{"href":"https:\/\/diarioregionaldigital.com.br\/index.php?rest_route=%2Fwp%2Fv2%2Fmedia&parent=229524"}],"wp:term":[{"taxonomy":"category","embeddable":true,"href":"https:\/\/diarioregionaldigital.com.br\/index.php?rest_route=%2Fwp%2Fv2%2Fcategories&post=229524"},{"taxonomy":"post_tag","embeddable":true,"href":"https:\/\/diarioregionaldigital.com.br\/index.php?rest_route=%2Fwp%2Fv2%2Ftags&post=229524"}],"curies":[{"name":"wp","href":"https:\/\/api.w.org\/{rel}","templated":true}]}}