{"id":229518,"date":"2025-07-25T17:25:16","date_gmt":"2025-07-25T20:25:16","guid":{"rendered":"https:\/\/diarioregionaldigital.com.br\/?p=229518"},"modified":"2025-07-25T17:25:16","modified_gmt":"2025-07-25T20:25:16","slug":"funalfa-prepara-regulamentacao-para-ocupacao-artistica-do-mercado-cultural-aice","status":"publish","type":"post","link":"https:\/\/diarioregionaldigital.com.br\/?p=229518","title":{"rendered":"Funalfa prepara regulamenta\u00e7\u00e3o para ocupa\u00e7\u00e3o art\u00edstica do Mercado Cultural AICE"},"content":{"rendered":"<p>Segundo informa\u00e7\u00f5es do site da Prefeitura de Juiz de Fora (PJF), a Funda\u00e7\u00e3o Cultural Alfredo Ferreira Lage (Funalfa) est\u00e1 finalizando a regulamenta\u00e7\u00e3o para a cess\u00e3o de pauta do audit\u00f3rio do Mercado Cultural AICE, localizado no segundo piso do Mercado Municipal de Juiz de Fora. A iniciativa faz parte da pol\u00edtica de democratiza\u00e7\u00e3o do acesso \u00e0 arte e valoriza\u00e7\u00e3o dos artistas locais.<\/p>\n<p>O an\u00fancio ocorre na reta final do FestivAice, evento que vem movimentando o espa\u00e7o desde o \u00faltimo dia 17 de julho com uma programa\u00e7\u00e3o gratuita e diversificada. Realizado pela Funalfa, o festival \u00e9 uma releitura contempor\u00e2nea do tradicional Festival de Inverno, reunindo express\u00f5es art\u00edsticas como m\u00fasica, cinema, literatura, dan\u00e7a e artes visuais, com destaque para a produ\u00e7\u00e3o cultural juiz-forana e a forma\u00e7\u00e3o de p\u00fablico.<\/p>\n<p>Desde sua inaugura\u00e7\u00e3o, em abril deste ano, o Mercado Cultural AICE vem consolidando-se como novo ponto de encontro da cena art\u00edstica da cidade.\u00a0\u201cDesde abril, fizemos uma programa\u00e7\u00e3o cont\u00ednua para aquecer o espa\u00e7o e estimular a presen\u00e7a do p\u00fablico. O retorno tem sido muito positivo. O FestivAice tamb\u00e9m tem sido bastante celebrado e efetivo nesse processo\u201d, destaca Saulo Machado, gerente do Departamento de Gest\u00e3o de Espa\u00e7os Culturais e Forma\u00e7\u00e3o de P\u00fablico da Funalfa.<\/p>\n<p><strong>Resolu\u00e7\u00e3o ser\u00e1 publicada em agosto<\/strong><\/p>\n<p>A resolu\u00e7\u00e3o que regulamenta o uso art\u00edstico e cultural do audit\u00f3rio ser\u00e1 publicada ainda em agosto. Ap\u00f3s a publica\u00e7\u00e3o, artistas e produtores culturais poder\u00e3o apresentar suas propostas, pleiteando datas para uso do espa\u00e7o.<\/p>\n<p>\u201cA nova etapa ser\u00e1 marcada pela participa\u00e7\u00e3o ativa da popula\u00e7\u00e3o. Queremos contemplar todas as linguagens art\u00edsticas \u2014 literatura, cinema, m\u00fasica, teatro, dan\u00e7a \u2014 e seguir ampliando, porque a arte est\u00e1 sempre em movimento\u201d, afirma Saulo.<\/p>\n<p>A Funalfa refor\u00e7a que as atualiza\u00e7\u00f5es e editais ser\u00e3o divulgados pelo site oficial e pelas redes sociais da Funda\u00e7\u00e3o. O objetivo \u00e9 fortalecer o ecossistema cultural local, promovendo o uso p\u00fablico de espa\u00e7os culturais e criando novas oportunidades de frui\u00e7\u00e3o e produ\u00e7\u00e3o art\u00edstica.<\/p>\n<p>&nbsp;<\/p>\n","protected":false},"excerpt":{"rendered":"<p>Segundo informa\u00e7\u00f5es do site da Prefeitura de Juiz de Fora (PJF), a Funda\u00e7\u00e3o Cultural Alfredo Ferreira Lage (Funalfa) est\u00e1 finalizando a regulamenta\u00e7\u00e3o para a cess\u00e3o de pauta do audit\u00f3rio do Mercado Cultural AICE, localizado no segundo piso do Mercado Municipal de Juiz de Fora. A iniciativa faz parte da pol\u00edtica de democratiza\u00e7\u00e3o do acesso \u00e0 [&hellip;]<\/p>\n","protected":false},"author":246,"featured_media":229519,"comment_status":"closed","ping_status":"closed","sticky":false,"template":"","format":"standard","meta":{"footnotes":""},"categories":[253,436,440,439],"tags":[],"class_list":["post-229518","post","type-post","status-publish","format-standard","has-post-thumbnail","hentry","category-cidade","category-destaque-da-semana","category-destaques-do-dia","category-ultima-hora"],"_links":{"self":[{"href":"https:\/\/diarioregionaldigital.com.br\/index.php?rest_route=\/wp\/v2\/posts\/229518","targetHints":{"allow":["GET"]}}],"collection":[{"href":"https:\/\/diarioregionaldigital.com.br\/index.php?rest_route=\/wp\/v2\/posts"}],"about":[{"href":"https:\/\/diarioregionaldigital.com.br\/index.php?rest_route=\/wp\/v2\/types\/post"}],"author":[{"embeddable":true,"href":"https:\/\/diarioregionaldigital.com.br\/index.php?rest_route=\/wp\/v2\/users\/246"}],"replies":[{"embeddable":true,"href":"https:\/\/diarioregionaldigital.com.br\/index.php?rest_route=%2Fwp%2Fv2%2Fcomments&post=229518"}],"version-history":[{"count":1,"href":"https:\/\/diarioregionaldigital.com.br\/index.php?rest_route=\/wp\/v2\/posts\/229518\/revisions"}],"predecessor-version":[{"id":229520,"href":"https:\/\/diarioregionaldigital.com.br\/index.php?rest_route=\/wp\/v2\/posts\/229518\/revisions\/229520"}],"wp:featuredmedia":[{"embeddable":true,"href":"https:\/\/diarioregionaldigital.com.br\/index.php?rest_route=\/wp\/v2\/media\/229519"}],"wp:attachment":[{"href":"https:\/\/diarioregionaldigital.com.br\/index.php?rest_route=%2Fwp%2Fv2%2Fmedia&parent=229518"}],"wp:term":[{"taxonomy":"category","embeddable":true,"href":"https:\/\/diarioregionaldigital.com.br\/index.php?rest_route=%2Fwp%2Fv2%2Fcategories&post=229518"},{"taxonomy":"post_tag","embeddable":true,"href":"https:\/\/diarioregionaldigital.com.br\/index.php?rest_route=%2Fwp%2Fv2%2Ftags&post=229518"}],"curies":[{"name":"wp","href":"https:\/\/api.w.org\/{rel}","templated":true}]}}