{"id":229512,"date":"2025-07-25T17:20:12","date_gmt":"2025-07-25T20:20:12","guid":{"rendered":"https:\/\/diarioregionaldigital.com.br\/?p=229512"},"modified":"2025-07-25T17:20:12","modified_gmt":"2025-07-25T20:20:12","slug":"passaporte-mineiro-do-conhecimento-estudantes-da-rede-publica-iniciam-intercambio-internacional-em-projeto-do-governo-de-minas","status":"publish","type":"post","link":"https:\/\/diarioregionaldigital.com.br\/?p=229512","title":{"rendered":"Passaporte Mineiro do Conhecimento: estudantes da rede p\u00fablica iniciam interc\u00e2mbio internacional em projeto do Governo de Minas"},"content":{"rendered":"<p><main class=\"clear margin-md-bottom-3\"><\/p>\n<div class=\"clear \">\n<p>Novos\u00a0estudantes selecionados da primeira edi\u00e7\u00e3o do Passaporte Mineiro do Conhecimento j\u00e1 est\u00e3o com o p\u00e9 no avi\u00e3o e o cora\u00e7\u00e3o cheio de expectativa. Na noite de\u00a0quinta-feira (24\/7), tr\u00eas alunos da rede p\u00fablica estadual embarcaram rumo ao Chile, onde v\u00e3o cursar o 2\u00ba ano do ensino m\u00e9dio com todas as despesas custeadas pelo\u00a0<a href=\"https:\/\/www.mg.gov.br\/\" target=\"_blank\" rel=\"noopener\">Governo de Minas<\/a>.<\/p>\n<p>Ana Oliveira, da Escola Estadual\u00a0Alfredo do Carmo (Amparo do Serra), David Veloso, da E.E. Presidente Tancredo Neves (Belo Oriente), e Kleber Barboza, da E.E. Professor Il\u00eddio Alves de Carvalho (S\u00e3o Sebasti\u00e3o do Anta), s\u00e3o os primeiros, de um novo grupo no total de 107 jovens de 57 munic\u00edpios mineiros, a iniciarem a jornada internacional neste segundo semestre.<\/p>\n<p>&nbsp;<\/p>\n<table border=\"0\" cellspacing=\"1\" cellpadding=\"1\" align=\"center\">\n<tbody>\n<tr>\n<td colspan=\"5\"><img decoding=\"async\" src=\"https:\/\/www.agenciaminas.mg.gov.br\/ckeditor_assets\/pictures\/20949\/content_2_olho_topo.jpg\" alt=\"\" \/><\/td>\n<\/tr>\n<tr>\n<td><\/td>\n<td colspan=\"3\" rowspan=\"3\">\n<h1><strong>&#8220;O Passaporte Mineiro do Conhecimento \u00e9 um projeto inovador, com o impacto transformador,\u00a0comprovado em edi\u00e7\u00f5es anteriores com menor n\u00famero de participantes. Agora, n\u00f3s ampliamos o programa\u00a0para abrir as portas para que mais de cem\u00a0estudantes da rede p\u00fablica realizem um interc\u00e2mbio internacional, com a oportunidade de estudar em outro pa\u00eds e retornar a Minas Gerais com a bagagem cheia de experi\u00eancias enriquecedoras&#8221;,\u00a0 destacou o vice-governador Mateus Sim\u00f5es.<\/strong><\/h1>\n<\/td>\n<td><\/td>\n<\/tr>\n<tr>\n<td><\/td>\n<td><\/td>\n<\/tr>\n<tr>\n<td><\/td>\n<td><\/td>\n<\/tr>\n<tr>\n<td colspan=\"5\"><img decoding=\"async\" src=\"https:\/\/www.agenciaminas.mg.gov.br\/ckeditor_assets\/pictures\/20950\/content_2_olho_inferior.jpg\" alt=\"\" \/><\/td>\n<\/tr>\n<\/tbody>\n<\/table>\n<p>&nbsp;<\/p>\n<p>Representando diferentes regi\u00f5es do estado, os estudantes levaram na bagagem o orgulho de fazer parte da rede p\u00fablica e o sonho de viver uma experi\u00eancia transformadora. Outros 40 alunos de escolas estaduais de Ibirit\u00e9, j\u00e1 haviam iniciado o embarque em janeiro e hoje estudam em diversos pa\u00edses.<br \/>\n&nbsp;<\/p>\n<table border=\"0\" cellspacing=\"1\" cellpadding=\"1\" align=\"center\">\n<tbody>\n<tr>\n<td colspan=\"5\"><img decoding=\"async\" src=\"https:\/\/www.agenciaminas.mg.gov.br\/ckeditor_assets\/pictures\/20949\/content_2_olho_topo.jpg\" alt=\"\" \/><\/td>\n<\/tr>\n<tr>\n<td><\/td>\n<td colspan=\"3\" rowspan=\"3\">\n<h1><strong>&#8220;Ver nossos estudantes embarcando para viver uma experi\u00eancia internacional como essa \u00e9 motivo de grande orgulho. \u00c9 o resultado de um trabalho s\u00e9rio, comprometido com a valoriza\u00e7\u00e3o da educa\u00e7\u00e3o p\u00fablica e com a constru\u00e7\u00e3o de oportunidades reais para a juventude mineira&#8221;, destaca o secret\u00e1rio de\u00a0<a href=\"https:\/\/www.educacao.mg.gov.br\/\" target=\"_blank\" rel=\"noopener\">Estado de Educa\u00e7\u00e3o (SEE-MG)<\/a>, Igor de Alvarenga.<\/strong><\/h1>\n<\/td>\n<td><\/td>\n<\/tr>\n<tr>\n<td><\/td>\n<td><\/td>\n<\/tr>\n<tr>\n<td><\/td>\n<td><\/td>\n<\/tr>\n<tr>\n<td colspan=\"5\"><img decoding=\"async\" src=\"https:\/\/www.agenciaminas.mg.gov.br\/ckeditor_assets\/pictures\/20950\/content_2_olho_inferior.jpg\" alt=\"\" \/><\/td>\n<\/tr>\n<\/tbody>\n<\/table>\n<p>&nbsp;<\/p>\n<p>O projeto cobre todos os custos da experi\u00eancia: passagens, vistos, passaporte, seguro sa\u00fade, hospedagem, taxas escolares e ajuda de custo. Os embarques seguem de forma escalonada, com suporte da Secretaria de Estado de Educa\u00e7\u00e3o (SEE\/MG) e da Funda\u00e7\u00e3o Helena Antipoff (FHA), garantindo uma transi\u00e7\u00e3o segura e bem acompanhada para os estudantes.<\/p>\n<p><strong>Jornada transformadora<\/strong><\/p>\n<p>Mais do que um interc\u00e2mbio, o Passaporte Mineiro do Conhecimento promove uma forma\u00e7\u00e3o integral. Ao vivenciar novas culturas e idiomas, os estudantes ampliam horizontes, desenvolvem compet\u00eancias socioemocionais e fortalecem a empatia, a autonomia e o pensamento cr\u00edtico.<\/p>\n<p>Para Kleber, de 17 anos, a viagem \u00e9 a realiza\u00e7\u00e3o de um sonho. \u201cDesde o come\u00e7o do projeto, percebi que essa oportunidade que o Governo de Minas deu pra gente era algo que eu nem imaginava viver um dia. Um interc\u00e2mbio, a chance de conhecer uma nova cultura, novas pessoas, uma nova culin\u00e1ria e ainda levar um pouco de Minas pra l\u00e1\u201d, conta o estudante.<\/p>\n<p>A sele\u00e7\u00e3o dos participantes foi criteriosa, considerando desempenho escolar, engajamento social e perfil de lideran\u00e7a. Todos passaram por uma Trilha Formativa, com palestras e oficinas baseadas nos 17 Objetivos de Desenvolvimento Sustent\u00e1vel (ODS) da ONU.<\/p>\n<p>Os destinos incluem pa\u00edses como Canad\u00e1, Alemanha, Su\u00ed\u00e7a, Austr\u00e1lia, Jap\u00e3o, Costa Rica, \u00c1frica do Sul, entre outros.<\/p>\n<p><strong>Investimento para a juventude mineira<\/strong><\/p>\n<p>Em 2024, o Passaporte Mineiro do Conhecimento foi ampliado. A iniciativa, pioneira no pa\u00eds em abrang\u00eancia e impacto social, garante interc\u00e2mbio internacional gratuito para estudantes da rede estadual de escolas de Ensino M\u00e9dio em Tempo Integral (EMTI).<\/p>\n<p>Na primeira edi\u00e7\u00e3o, lan\u00e7ada no ano passado, quase 150 alunos foram contemplados, com um investimento de R$ 26 milh\u00f5es. A a\u00e7\u00e3o refor\u00e7a o compromisso do Governo de Minas com uma educa\u00e7\u00e3o p\u00fablica de qualidade e com a cria\u00e7\u00e3o de oportunidades que transformam vidas. A segunda edi\u00e7\u00e3o do projeto j\u00e1 est\u00e1 em andamento e prev\u00ea a concess\u00e3o de outras 150 bolsas para estudantes do EMTI em 2026.<\/p>\n<p>Fonte: Ag\u00eancia Minas<\/p>\n<\/div>\n<p><\/main><\/p>\n","protected":false},"excerpt":{"rendered":"<p>Novos\u00a0estudantes selecionados da primeira edi\u00e7\u00e3o do Passaporte Mineiro do Conhecimento j\u00e1 est\u00e3o com o p\u00e9 no avi\u00e3o e o cora\u00e7\u00e3o cheio de expectativa. Na noite de\u00a0quinta-feira (24\/7), tr\u00eas alunos da rede p\u00fablica estadual embarcaram rumo ao Chile, onde v\u00e3o cursar o 2\u00ba ano do ensino m\u00e9dio com todas as despesas custeadas pelo\u00a0Governo de Minas. Ana [&hellip;]<\/p>\n","protected":false},"author":246,"featured_media":229513,"comment_status":"closed","ping_status":"closed","sticky":false,"template":"","format":"standard","meta":{"footnotes":""},"categories":[436,261,254,439],"tags":[],"class_list":["post-229512","post","type-post","status-publish","format-standard","has-post-thumbnail","hentry","category-destaque-da-semana","category-economia","category-politica","category-ultima-hora"],"_links":{"self":[{"href":"https:\/\/diarioregionaldigital.com.br\/index.php?rest_route=\/wp\/v2\/posts\/229512","targetHints":{"allow":["GET"]}}],"collection":[{"href":"https:\/\/diarioregionaldigital.com.br\/index.php?rest_route=\/wp\/v2\/posts"}],"about":[{"href":"https:\/\/diarioregionaldigital.com.br\/index.php?rest_route=\/wp\/v2\/types\/post"}],"author":[{"embeddable":true,"href":"https:\/\/diarioregionaldigital.com.br\/index.php?rest_route=\/wp\/v2\/users\/246"}],"replies":[{"embeddable":true,"href":"https:\/\/diarioregionaldigital.com.br\/index.php?rest_route=%2Fwp%2Fv2%2Fcomments&post=229512"}],"version-history":[{"count":1,"href":"https:\/\/diarioregionaldigital.com.br\/index.php?rest_route=\/wp\/v2\/posts\/229512\/revisions"}],"predecessor-version":[{"id":229514,"href":"https:\/\/diarioregionaldigital.com.br\/index.php?rest_route=\/wp\/v2\/posts\/229512\/revisions\/229514"}],"wp:featuredmedia":[{"embeddable":true,"href":"https:\/\/diarioregionaldigital.com.br\/index.php?rest_route=\/wp\/v2\/media\/229513"}],"wp:attachment":[{"href":"https:\/\/diarioregionaldigital.com.br\/index.php?rest_route=%2Fwp%2Fv2%2Fmedia&parent=229512"}],"wp:term":[{"taxonomy":"category","embeddable":true,"href":"https:\/\/diarioregionaldigital.com.br\/index.php?rest_route=%2Fwp%2Fv2%2Fcategories&post=229512"},{"taxonomy":"post_tag","embeddable":true,"href":"https:\/\/diarioregionaldigital.com.br\/index.php?rest_route=%2Fwp%2Fv2%2Ftags&post=229512"}],"curies":[{"name":"wp","href":"https:\/\/api.w.org\/{rel}","templated":true}]}}