{"id":229509,"date":"2025-07-25T17:18:55","date_gmt":"2025-07-25T20:18:55","guid":{"rendered":"https:\/\/diarioregionaldigital.com.br\/?p=229509"},"modified":"2025-07-25T17:18:55","modified_gmt":"2025-07-25T20:18:55","slug":"governo-de-minas-vistoria-equipamentos-de-saude-e-obras-de-hospitais-na-zona-da-mata","status":"publish","type":"post","link":"https:\/\/diarioregionaldigital.com.br\/?p=229509","title":{"rendered":"Governo de Minas vistoria equipamentos de sa\u00fade e obras de hospitais na Zona da Mata"},"content":{"rendered":"<p>Levar a sa\u00fade cada vez mais perto dos mineiros, especialmente dos que vivem no interior. Esse \u00e9 um dos principais objetivos do\u00a0<a href=\"https:\/\/www.mg.gov.br\/\" target=\"_blank\" rel=\"noopener\">Governo de Minas<\/a>, que por meio da\u00a0<a href=\"https:\/\/www.saude.mg.gov.br\/\" target=\"_blank\" rel=\"noopener\">Secretaria de Estado de Sa\u00fade (SES-MG)<\/a>, tem investido em hospitais, equipamentos, e profissionais de sa\u00fade, para que os servi\u00e7os sejam oferecidos aos cidad\u00e3os mais perto de casa.<\/p>\n<p>Nessa quinta-feira (24\/7), o secret\u00e1rio de Estado de Sa\u00fade, F\u00e1bio Baccheretti, esteve em Manhumirim para vistoriar as obras no Hospital Padre J\u00falio Maria, onde ser\u00e1 instalado um novo tom\u00f3grafo adquirido com recursos do Governo de Minas no valor de R$ 1,5 milh\u00e3o.<\/p>\n<p>Al\u00e9m do tom\u00f3grafo, o hospital tamb\u00e9m foi contemplado com equipamentos essenciais, como arco cir\u00fargico, foco cir\u00fargico e aparelhos de anestesia, totalizando mais de R$ 1 milh\u00e3o em investimentos. Alguns desses equipamentos j\u00e1 est\u00e3o em opera\u00e7\u00e3o, e outros, como o arco cir\u00fargico e o tom\u00f3grafo, ser\u00e3o instalados em breve, ampliando a capacidade de exames e procedimentos cir\u00fargicos no hospital.<\/p>\n<p>\u201cEste hospital \u00e9 uma grande oportunidade para a regi\u00e3o, pois tem CTI aberto, novos equipamentos e uma equipe capaz de fazer cirurgias eletivas, algo que estamos precisando ampliar na regi\u00e3o\u201d, afirmou Baccheretti.<\/p>\n<p>Desde 2021, com o programa Valora Minas, uma pol\u00edtica hospitalar do Governo de Minas voltada \u00e0 qualifica\u00e7\u00e3o e amplia\u00e7\u00e3o do acesso aos servi\u00e7os de sa\u00fade, a SES-MG repassou mais de R$ 11,1 milh\u00f5es ao Hospital Padre J\u00falio Maria.<\/p>\n<p>O secret\u00e1rio tamb\u00e9m inaugurou uma nova ala de enfermaria, com parte da obra realizada com recursos do Estado.\u00a0 \u201cMinha expectativa \u00e9 de que consigamos zerar v\u00e1rias cirurgias eletivas, entre elas a oftalmologia e acelerar tamb\u00e9m as cirurgias ortop\u00e9dicas\u201d, disse o secret\u00e1rio. Desde 2019, por meio do programa Opera Mais, que incentiva a realiza\u00e7\u00e3o de cirurgias eletivas, o hospital j\u00e1 realizou mais de 2,1 mil cirurgias em Manhumirim.<\/p>\n<figure class=\"image\"><img decoding=\"async\" src=\"https:\/\/www.agenciaminas.mg.gov.br\/ckeditor_assets\/pictures\/23212\/content_2_visita_do_secretario_nas_obras_do_hospital_de_matipo_-_antonio_cotta_-_2025_7_24.jpg\" alt=\"\" \/><figcaption><sub><em>Ant\u00f4nio Cotta \/ SES-MG<\/em><\/sub><\/figcaption><\/figure>\n<p><strong>Visita a Matip\u00f3<\/strong><\/p>\n<p>Em Matip\u00f3, tamb\u00e9m na Zona da Mata, o secret\u00e1rio F\u00e1bio Baccheretti visitou as obras do Hospital do Centro Universit\u00e1rio Univertix, uma institui\u00e7\u00e3o privada que em breve contar\u00e1 com 500 leitos, dez salas de cirurgia, sala de hemodin\u00e2mica e maternidade. A nova unidade tem como objetivo desafogar as demandas de cirurgias eletivas na regi\u00e3o.<\/p>\n<p>\u201cOs hospitais da regi\u00e3o est\u00e3o normalmente estrangulados pela urg\u00eancia e emerg\u00eancia. O novo hospital vai ajudar a melhorar a rede de assist\u00eancia e a ampliar as cirurgias eletivas\u201d, avaliou Baccheretti. \u201cAl\u00e9m disso, por ser um hospital ligado ao centro universit\u00e1rio, vai ajudar a formar profissionais da \u00e1rea de sa\u00fade e especialistas, com resid\u00eancias em diversas especialidades\u201d, completou o secret\u00e1rio.<\/p>\n<p>Desde 2019, os investimentos do Governo de Minas na sa\u00fade do munic\u00edpio somam quase R$ 7 milh\u00f5es somente em Aten\u00e7\u00e3o Prim\u00e1ria \u00e0 Sa\u00fade, incluindo R$ 420 mil para a reforma de uma Unidade B\u00e1sica de Sa\u00fade (UBS). No mesmo per\u00edodo, a atual gest\u00e3o j\u00e1 repassou mais de R$ 19,7 milh\u00f5es ao Fundo Municipal de Sa\u00fade de Matip\u00f3.<\/p>\n<p>Fonte: Ag\u00eancia Minas<\/p>\n","protected":false},"excerpt":{"rendered":"<p>Levar a sa\u00fade cada vez mais perto dos mineiros, especialmente dos que vivem no interior. Esse \u00e9 um dos principais objetivos do\u00a0Governo de Minas, que por meio da\u00a0Secretaria de Estado de Sa\u00fade (SES-MG), tem investido em hospitais, equipamentos, e profissionais de sa\u00fade, para que os servi\u00e7os sejam oferecidos aos cidad\u00e3os mais perto de casa. Nessa [&hellip;]<\/p>\n","protected":false},"author":246,"featured_media":229510,"comment_status":"closed","ping_status":"closed","sticky":false,"template":"","format":"standard","meta":{"footnotes":""},"categories":[436,440,261,254,439],"tags":[],"class_list":["post-229509","post","type-post","status-publish","format-standard","has-post-thumbnail","hentry","category-destaque-da-semana","category-destaques-do-dia","category-economia","category-politica","category-ultima-hora"],"_links":{"self":[{"href":"https:\/\/diarioregionaldigital.com.br\/index.php?rest_route=\/wp\/v2\/posts\/229509","targetHints":{"allow":["GET"]}}],"collection":[{"href":"https:\/\/diarioregionaldigital.com.br\/index.php?rest_route=\/wp\/v2\/posts"}],"about":[{"href":"https:\/\/diarioregionaldigital.com.br\/index.php?rest_route=\/wp\/v2\/types\/post"}],"author":[{"embeddable":true,"href":"https:\/\/diarioregionaldigital.com.br\/index.php?rest_route=\/wp\/v2\/users\/246"}],"replies":[{"embeddable":true,"href":"https:\/\/diarioregionaldigital.com.br\/index.php?rest_route=%2Fwp%2Fv2%2Fcomments&post=229509"}],"version-history":[{"count":1,"href":"https:\/\/diarioregionaldigital.com.br\/index.php?rest_route=\/wp\/v2\/posts\/229509\/revisions"}],"predecessor-version":[{"id":229511,"href":"https:\/\/diarioregionaldigital.com.br\/index.php?rest_route=\/wp\/v2\/posts\/229509\/revisions\/229511"}],"wp:featuredmedia":[{"embeddable":true,"href":"https:\/\/diarioregionaldigital.com.br\/index.php?rest_route=\/wp\/v2\/media\/229510"}],"wp:attachment":[{"href":"https:\/\/diarioregionaldigital.com.br\/index.php?rest_route=%2Fwp%2Fv2%2Fmedia&parent=229509"}],"wp:term":[{"taxonomy":"category","embeddable":true,"href":"https:\/\/diarioregionaldigital.com.br\/index.php?rest_route=%2Fwp%2Fv2%2Fcategories&post=229509"},{"taxonomy":"post_tag","embeddable":true,"href":"https:\/\/diarioregionaldigital.com.br\/index.php?rest_route=%2Fwp%2Fv2%2Ftags&post=229509"}],"curies":[{"name":"wp","href":"https:\/\/api.w.org\/{rel}","templated":true}]}}