{"id":229503,"date":"2025-07-24T20:21:58","date_gmt":"2025-07-24T23:21:58","guid":{"rendered":"https:\/\/diarioregionaldigital.com.br\/?p=229503"},"modified":"2025-07-24T20:21:58","modified_gmt":"2025-07-24T23:21:58","slug":"pjf-e-ufjf-firmarao-parceria-para-criacao-de-laboratorio-voltado-aos-apls-do-queijo-minas-do-caminho-novo-e-da-charcutaria","status":"publish","type":"post","link":"https:\/\/diarioregionaldigital.com.br\/?p=229503","title":{"rendered":"PJF e UFJF firmar\u00e3o parceria para cria\u00e7\u00e3o de laborat\u00f3rio voltado aos APLs do Queijo Minas do Caminho Novo e da Charcutaria"},"content":{"rendered":"<p>Segundo informa\u00e7\u00f5es do site da Prefeitura de Juiz de Fora (PJF),\u00a0 a PJF, por meio da Secretaria de Desenvolvimento Agr\u00e1rio (SDA), avan\u00e7a em mais uma iniciativa de fortalecimento da produ\u00e7\u00e3o rural regional. Em reuni\u00e3o realizada nesta quinta-feira, 24, representantes da Prefeitura e da Universidade Federal de Juiz de Fora (UFJF) alinharam os termos de um conv\u00eanio para cria\u00e7\u00e3o de um laborat\u00f3rio de suporte t\u00e9cnico aos Arranjos Produtivos Locais (APLs) do Queijo Minas do Caminho Novo e da futura Charcutaria da Zona da Mata.<\/p>\n<p>O encontro contou com a presen\u00e7a da secret\u00e1ria de Desenvolvimento Agr\u00e1rio, Valdeane Dias Cerqueira, do professor Dr. Leonardo Lara e Lanna, chefe do Departamento de Medicina Veterin\u00e1ria e vice-diretor da Faculdade de Medicina da UFJF, al\u00e9m das professoras Em\u00edlia Maricato, especialista em inspe\u00e7\u00e3o e tecnologia de carnes, e Vanessa Teodoro, especialista em inspe\u00e7\u00e3o e tecnologia de leite e derivados.<\/p>\n<p>O futuro laborat\u00f3rio ter\u00e1 como finalidade a realiza\u00e7\u00e3o de an\u00e1lises t\u00e9cnicas e sanit\u00e1rias, garantindo a seguran\u00e7a e qualidade dos produtos fabricados por agroind\u00fastrias locais, especialmente aquelas inspecionadas pelo Servi\u00e7o de Inspe\u00e7\u00e3o Municipal (SIM). A estrutura tamb\u00e9m ser\u00e1 voltada para a oferta de capacita\u00e7\u00f5es e treinamentos aos produtores, contribuindo diretamente para a regulariza\u00e7\u00e3o, o aprimoramento dos processos produtivos e o acesso a mercados mais amplos.<\/p>\n<p>\u201cO laborat\u00f3rio ser\u00e1 um importante instrumento de apoio aos produtores rurais e \u00e0s agroind\u00fastrias, oferecendo an\u00e1lises, capacita\u00e7\u00e3o t\u00e9cnica e suporte para adequa\u00e7\u00e3o \u00e0s normas sanit\u00e1rias. Essa parceria \u00e9 estrat\u00e9gica e reafirma nosso compromisso com o fortalecimento da cadeia produtiva e a valoriza\u00e7\u00e3o da produ\u00e7\u00e3o local\u201d, destacou a secret\u00e1ria Valdeane Dias Cerqueira.<\/p>\n","protected":false},"excerpt":{"rendered":"<p>Segundo informa\u00e7\u00f5es do site da Prefeitura de Juiz de Fora (PJF),\u00a0 a PJF, por meio da Secretaria de Desenvolvimento Agr\u00e1rio (SDA), avan\u00e7a em mais uma iniciativa de fortalecimento da produ\u00e7\u00e3o rural regional. Em reuni\u00e3o realizada nesta quinta-feira, 24, representantes da Prefeitura e da Universidade Federal de Juiz de Fora (UFJF) alinharam os termos de um [&hellip;]<\/p>\n","protected":false},"author":246,"featured_media":229504,"comment_status":"closed","ping_status":"closed","sticky":false,"template":"","format":"standard","meta":{"footnotes":""},"categories":[253,436,439],"tags":[],"class_list":["post-229503","post","type-post","status-publish","format-standard","has-post-thumbnail","hentry","category-cidade","category-destaque-da-semana","category-ultima-hora"],"_links":{"self":[{"href":"https:\/\/diarioregionaldigital.com.br\/index.php?rest_route=\/wp\/v2\/posts\/229503","targetHints":{"allow":["GET"]}}],"collection":[{"href":"https:\/\/diarioregionaldigital.com.br\/index.php?rest_route=\/wp\/v2\/posts"}],"about":[{"href":"https:\/\/diarioregionaldigital.com.br\/index.php?rest_route=\/wp\/v2\/types\/post"}],"author":[{"embeddable":true,"href":"https:\/\/diarioregionaldigital.com.br\/index.php?rest_route=\/wp\/v2\/users\/246"}],"replies":[{"embeddable":true,"href":"https:\/\/diarioregionaldigital.com.br\/index.php?rest_route=%2Fwp%2Fv2%2Fcomments&post=229503"}],"version-history":[{"count":1,"href":"https:\/\/diarioregionaldigital.com.br\/index.php?rest_route=\/wp\/v2\/posts\/229503\/revisions"}],"predecessor-version":[{"id":229505,"href":"https:\/\/diarioregionaldigital.com.br\/index.php?rest_route=\/wp\/v2\/posts\/229503\/revisions\/229505"}],"wp:featuredmedia":[{"embeddable":true,"href":"https:\/\/diarioregionaldigital.com.br\/index.php?rest_route=\/wp\/v2\/media\/229504"}],"wp:attachment":[{"href":"https:\/\/diarioregionaldigital.com.br\/index.php?rest_route=%2Fwp%2Fv2%2Fmedia&parent=229503"}],"wp:term":[{"taxonomy":"category","embeddable":true,"href":"https:\/\/diarioregionaldigital.com.br\/index.php?rest_route=%2Fwp%2Fv2%2Fcategories&post=229503"},{"taxonomy":"post_tag","embeddable":true,"href":"https:\/\/diarioregionaldigital.com.br\/index.php?rest_route=%2Fwp%2Fv2%2Ftags&post=229503"}],"curies":[{"name":"wp","href":"https:\/\/api.w.org\/{rel}","templated":true}]}}