{"id":229500,"date":"2025-07-24T20:21:04","date_gmt":"2025-07-24T23:21:04","guid":{"rendered":"https:\/\/diarioregionaldigital.com.br\/?p=229500"},"modified":"2025-07-24T20:21:04","modified_gmt":"2025-07-24T23:21:04","slug":"workshop-consolida-juiz-de-fora-como-polo-de-inovacao-em-energia-limpa-e-gestao-de-residuos","status":"publish","type":"post","link":"https:\/\/diarioregionaldigital.com.br\/?p=229500","title":{"rendered":"Workshop consolida Juiz de Fora como polo de inova\u00e7\u00e3o em energia limpa e gest\u00e3o de res\u00edduos"},"content":{"rendered":"<p>Segundo informa\u00e7\u00f5es do site da Prefeitura de Juiz de Fora (PJF), mais de 200 pessoas participaram do Workshop \u201cIntelig\u00eancia Aplicada \u00e0 Gest\u00e3o de Res\u00edduos e Energias\u201d, realizado nos dias 21 e 22 de julho, pela Prefeitura de Juiz de Fora (PJF), por meio do grupo de trabalho \u201cNovas Energias\u201d. O evento in\u00e9dito reuniu especialistas, representantes do setor p\u00fablico e privado, institui\u00e7\u00f5es de pesquisa e empresas nacionais e internacionais, com o objetivo de debater solu\u00e7\u00f5es tecnol\u00f3gicas e sustent\u00e1veis para os desafios da transi\u00e7\u00e3o energ\u00e9tica e da economia circular no munic\u00edpio.<br \/>\nAbertura com destaque para a inova\u00e7\u00e3o na mobilidade urbana<\/p>\n<p>A abertura contou com a presen\u00e7a da prefeita Margarida Salom\u00e3o, que assinou um Termo de Coopera\u00e7\u00e3o entre a PJF e a Marcopolo, viabilizando a circula\u00e7\u00e3o, em car\u00e1ter experimental, de um \u00f4nibus movido a biog\u00e1s na cidade.<\/p>\n<p>\u201cEstamos usando um problema para resolver outro, e h\u00e1 um ainda mais importante: a mobilidade urbana. O direito \u00e0 cidade depende do acesso universal ao transporte coletivo como alternativa ao individual, grande emissor de carbono. Com essa colabora\u00e7\u00e3o com o setor privado, esperamos que, em breve, a frota de Juiz de Fora seja uma frota limpa\u201d, afirmou a prefeita.<\/p>\n<p>A palestra de abertura, com a economista Paula Pereda (Universidade de S\u00e3o Paulo), abordou o mercado de carbono e as oportunidades para os munic\u00edpios que investem em solu\u00e7\u00f5es ambientais. Usando analogias simples, como o churrasco do vizinho que precisa compensar suas emiss\u00f5es, Paula explicou o funcionamento do sistema de cr\u00e9ditos de carbono e refor\u00e7ou que Juiz de Fora est\u00e1 se antecipando a um cen\u00e1rio regulat\u00f3rio em constru\u00e7\u00e3o no Brasil.<\/p>\n<h3><em>Destaques locais e iniciativas em andamento<\/em><\/h3>\n<h3>O primeiro dia do evento tamb\u00e9m apresentou iniciativas j\u00e1 em curso no munic\u00edpio:<\/h3>\n<p>Vin\u00edcius Hercket, do projeto \u00d3tima Energia (UFJF\/PJF), mostrou o potencial de gera\u00e7\u00e3o e otimiza\u00e7\u00e3o energ\u00e9tica identificados no munic\u00edpio que motivaram as iniciativas em curso;<\/p>\n<p>Mirelly Cardoso, diretora da Empresa Municipal de Pavimenta\u00e7\u00e3o e Urbaniza\u00e7\u00e3o (Empav), destacou a amplia\u00e7\u00e3o da gera\u00e7\u00e3o de energia solar no munic\u00edpio, buscando a autossufici\u00eancia no consumo dos equipamentos p\u00fablicos municipais;<\/p>\n<p>Franciane Pav\u00e3o, diretora do Departamento Municipal de Limpeza Urbana (Demlurb), apresentou os resultados da coleta seletiva e do Programa Lixo Zero, que promove, de forma gradual e educativa, a separa\u00e7\u00e3o obrigat\u00f3ria de res\u00edduos como responsabilidade compartilhada com a popula\u00e7\u00e3o;<\/p>\n<p>Werley \u201cPortela\u201d dos Santos, representante das cooperativas de catadores, ressaltou a import\u00e2ncia dos trabalhadores da reciclagem como agentes ambientais e protagonistas da economia circular;<\/p>\n<p>Fabr\u00edcio Campos, pr\u00f3-reitor de Inova\u00e7\u00e3o da UFJF, apresentou os tr\u00eas m\u00f3dulos em implanta\u00e7\u00e3o do Parque Tecnol\u00f3gico (ParTecJF), e suas voca\u00e7\u00f5es ligadas \u00e0 bioenergias e atra\u00e7\u00e3o de empresas;<\/p>\n<p>Luiz Ant\u00f4nio Bordin Jr., da IBOR Transporte, apresentou o projeto Frota Verde, com 10 caminh\u00f5es movidos a biodiesel 100% vegetal produzido a partir de \u00f3leo de cozinha usado, com at\u00e9 90% de redu\u00e7\u00e3o nas emiss\u00f5es de poluentes;<\/p>\n<p>Emanuel Brant, professor da Faculdade de Engenharia, detalhou o<a href=\"https:\/\/www.pjf.mg.gov.br\/usinaorganicos\/\">\u00a0projeto de usina de res\u00edduos org\u00e2nicos do munic\u00edpio,<\/a>\u00a0que j\u00e1 est\u00e1 captando recursos junto ao BNDES e vai transformar res\u00edduos org\u00e2nicos (100 t\/dia) em biometano, com potencial de economia de R$ 1,1 milh\u00e3o por m\u00eas aos cofres p\u00fablicos.<\/p>\n<h3>Segundo dia: solu\u00e7\u00f5es t\u00e9cnicas e experi\u00eancias nacionais<\/h3>\n<p>O segundo dia do workshop foi estruturado em tr\u00eas grandes mesas-redondas tem\u00e1ticas, promovendo um profundo interc\u00e2mbio t\u00e9cnico entre empresas, universidade e \u00f3rg\u00e3os p\u00fablicos:<\/p>\n<h3>Gest\u00e3o Sustent\u00e1vel de Res\u00edduos e Fertilizantes<\/h3>\n<p>A mesa, mediada pela Secretaria de Desenvolvimento Agr\u00e1rio, Valdeane Dias Cerqueira reuniu especialistas em compostagem, fertiliza\u00e7\u00e3o org\u00e2nica e reaproveitamento de res\u00edduos agroindustriais:<\/p>\n<p>Caroline Gomide, pesquisadora visitante na Universidade de Agricultura da China (CAU) que desenvolve estudos com a VOTO Biotech (Pequim\/China), apresentou a tecnologia de compostagem acelerada com reatores biotecnol\u00f3gicos.<\/p>\n<p>Jos\u00e9 Luiz Natal Chaves,da empresa Organosolo, demonstrou aplica\u00e7\u00f5es pr\u00e1ticas do reaproveitamento de res\u00edduos industriais para produ\u00e7\u00e3o de adubo org\u00e2nico e a import\u00e2ncia dessa iniciativa para a produ\u00e7\u00e3o de alimentos de qualidade com a agricultura regenerativa.<\/p>\n<p>Vanessa Rom\u00e1rio de Paula, pesquisadora da Embrapa, falou da import\u00e2ncia do manejo correto e tratamento dos\u00a0 dejetos gerados na bovinocultura, como oportunidade para gera\u00e7\u00e3o de biofertilizante, substituindo aduba\u00e7\u00e3o qu\u00edmica e gerando energia.<\/p>\n<h3>Ativos ambientais, certifica\u00e7\u00f5es e descarboniza\u00e7\u00e3o<\/h3>\n<p>Com media\u00e7\u00e3o da Secretaria da Fazenda, Fernanda Finotti a mesa debateu estrat\u00e9gias para agregar valor ambiental aos produtos e servi\u00e7os, e para aproveitar incentivos e cr\u00e9ditos fiscais sustent\u00e1veis:<\/p>\n<p>Luciano Figueredo, do Instituto Totum, explicou o funcionamento dos selos de qualidade ambiental e programas setoriais de autorregula\u00e7\u00e3o, destacando experi\u00eancias em andamento no Brasil.<\/p>\n<p>Marcos Corr\u00eaa, da Secretaria da Fazenda de Juiz de Fora, abordou o impacto da tributa\u00e7\u00e3o ambiental e da pol\u00edtica de descarboniza\u00e7\u00e3o nos repasses do futuro Imposto sobre Bens e Servi\u00e7os (IBS), refor\u00e7ando a import\u00e2ncia da pauta para a sustentabilidade fiscal.<\/p>\n<p>Welder Souza, da Gasmig, detalhou os projetos da empresa para descarboniza\u00e7\u00e3o de frotas com GNV e biometano, incluindo experi\u00eancias de abastecimento veicular com combust\u00edveis renov\u00e1veis.<\/p>\n<h3>Recupera\u00e7\u00e3o Energ\u00e9tica de Res\u00edduos S\u00f3lidos<\/h3>\n<p>Mediada por Ignacio Delgado, secret\u00e1rio da SEDIC, a \u00faltima mesa aprofundou possibilidades de gera\u00e7\u00e3o de energia a partir dos res\u00edduos urbanos e industriais, bem como a import\u00e2ncia da integra\u00e7\u00e3o entre poder p\u00fablico, iniciativa privada e institui\u00e7\u00f5es de pesquisa para o sucesso dos projetos:<br \/>\nRicardo M\u00fcller, da Dr. Biog\u00e1s\/B2Biog\u00e1s, apresentou plataformas nacionais de fornecedores e tecnologias de biodigestores, com solu\u00e7\u00f5es adapt\u00e1veis \u00e0 escala municipal.<\/p>\n<p>Alex Enrich Prast, tamb\u00e9m representando a parceria com a Universidade de Link\u00f6ping (Su\u00e9cia) e a Inova Biog\u00e1s, trouxe cases internacionais de economia circular baseada em biog\u00e1s, com destaque para os usos em transporte p\u00fablico e gera\u00e7\u00e3o el\u00e9trica.<\/p>\n<p>Evandro Lopes, da Integral WTE, demonstrou tecnologias de tratamento t\u00e9rmico e valoriza\u00e7\u00e3o energ\u00e9tica de res\u00edduos s\u00f3lidos urbanos e industriais, refor\u00e7ando a viabilidade econ\u00f4mica de solu\u00e7\u00f5es de menor aterro e maior efici\u00eancia energ\u00e9tica.<\/p>\n<p>Luis Carlos Ramos Rodrigues, da Mitima, apresentou projetos em andamento com gaseifica\u00e7\u00e3o de res\u00edduos s\u00f3lidos urbanos, consolidando um cen\u00e1rio promissor para diversifica\u00e7\u00e3o da matriz energ\u00e9tica municipal.<\/p>\n<h3>Exposi\u00e7\u00e3o tecnol\u00f3gica e perspectivas futuras<\/h3>\n<p>Durante os dois dias, a Pra\u00e7a Ant\u00f4nio Carlos sediou uma exposi\u00e7\u00e3o p\u00fablica de tecnologias, com ve\u00edculos movidos a combust\u00edveis renov\u00e1veis e instala\u00e7\u00f5es sobre res\u00edduos s\u00f3lidos urbanos, aproximando a popula\u00e7\u00e3o das inova\u00e7\u00f5es discutidas no evento.<\/p>\n<p>O evento consolidou Juiz de Fora como polo de refer\u00eancia em inova\u00e7\u00e3o ambiental para aproveitamento de res\u00edduos na agricultura e na gera\u00e7\u00e3o de energias renov\u00e1veis. \u201cConstru\u00edmos juntos um espa\u00e7o de aprendizado, colabora\u00e7\u00e3o e inspira\u00e7\u00e3o. Este workshop mostrou que Juiz de Fora tem todas as condi\u00e7\u00f5es para liderar a transi\u00e7\u00e3o energ\u00e9tica e a valoriza\u00e7\u00e3o dos res\u00edduos no Brasil. O pr\u00f3ximo passo \u00e9 ampliar as a\u00e7\u00f5es, envolvendo cada vez mais a popula\u00e7\u00e3o da cidade e regi\u00e3o na constru\u00e7\u00e3o de cidades resilientes, criativas e sustent\u00e1veis\u201d, ressaltou a secret\u00e1ria de Meio Ambiente e Mudan\u00e7as Clim\u00e1ticas,\u00a0 Aline Junqueira, atual coordenadora do GT Novas Energias.<\/p>\n<p>O GT de Novas Energias foi criado em 2022 e atua de forma transversal entre v\u00e1rios setores da administra\u00e7\u00e3o. Al\u00e9m da Secretaria de Meio Ambiente e Mudan\u00e7as Clim\u00e1ticas, o GT envolve a Companhia de Saneamento Municipal (Cesama), o Departamento Municipal de Limpeza Urbana (Demlurb), a Empresa Municipal de Pavimenta\u00e7\u00e3o e Urbanidades (Empav), a Procuradoria Geral do Munic\u00edpio (PGM) e as secretarias de Desenvolvimento Agr\u00e1rio (SDA), de Desenvolvimento Sustent\u00e1vel e Inclusivo, da Inova\u00e7\u00e3o e Competitividade (SEDIC), de Desenvolvimento Urbano com Participa\u00e7\u00e3o Popular (SEDUPP), de Fazenda (SF) e de Licita\u00e7\u00f5es e Gest\u00e3o de Contratos (SELICON), al\u00e9m da participa\u00e7\u00e3o da Secretaria de Mobilidade Urbana (SMU).<\/p>\n<p>O conte\u00fado do Workshop est\u00e1 dispon\u00edvel no canal @<a href=\"https:\/\/www.youtube.com\/@MeioAmbienteClimaPJF\">MeioAmbienteClimaPJF<\/a><\/p>\n","protected":false},"excerpt":{"rendered":"<p>Segundo informa\u00e7\u00f5es do site da Prefeitura de Juiz de Fora (PJF), mais de 200 pessoas participaram do Workshop \u201cIntelig\u00eancia Aplicada \u00e0 Gest\u00e3o de Res\u00edduos e Energias\u201d, realizado nos dias 21 e 22 de julho, pela Prefeitura de Juiz de Fora (PJF), por meio do grupo de trabalho \u201cNovas Energias\u201d. O evento in\u00e9dito reuniu especialistas, representantes [&hellip;]<\/p>\n","protected":false},"author":246,"featured_media":229501,"comment_status":"closed","ping_status":"closed","sticky":false,"template":"","format":"standard","meta":{"footnotes":""},"categories":[253,436,440,439],"tags":[],"class_list":["post-229500","post","type-post","status-publish","format-standard","has-post-thumbnail","hentry","category-cidade","category-destaque-da-semana","category-destaques-do-dia","category-ultima-hora"],"_links":{"self":[{"href":"https:\/\/diarioregionaldigital.com.br\/index.php?rest_route=\/wp\/v2\/posts\/229500","targetHints":{"allow":["GET"]}}],"collection":[{"href":"https:\/\/diarioregionaldigital.com.br\/index.php?rest_route=\/wp\/v2\/posts"}],"about":[{"href":"https:\/\/diarioregionaldigital.com.br\/index.php?rest_route=\/wp\/v2\/types\/post"}],"author":[{"embeddable":true,"href":"https:\/\/diarioregionaldigital.com.br\/index.php?rest_route=\/wp\/v2\/users\/246"}],"replies":[{"embeddable":true,"href":"https:\/\/diarioregionaldigital.com.br\/index.php?rest_route=%2Fwp%2Fv2%2Fcomments&post=229500"}],"version-history":[{"count":1,"href":"https:\/\/diarioregionaldigital.com.br\/index.php?rest_route=\/wp\/v2\/posts\/229500\/revisions"}],"predecessor-version":[{"id":229502,"href":"https:\/\/diarioregionaldigital.com.br\/index.php?rest_route=\/wp\/v2\/posts\/229500\/revisions\/229502"}],"wp:featuredmedia":[{"embeddable":true,"href":"https:\/\/diarioregionaldigital.com.br\/index.php?rest_route=\/wp\/v2\/media\/229501"}],"wp:attachment":[{"href":"https:\/\/diarioregionaldigital.com.br\/index.php?rest_route=%2Fwp%2Fv2%2Fmedia&parent=229500"}],"wp:term":[{"taxonomy":"category","embeddable":true,"href":"https:\/\/diarioregionaldigital.com.br\/index.php?rest_route=%2Fwp%2Fv2%2Fcategories&post=229500"},{"taxonomy":"post_tag","embeddable":true,"href":"https:\/\/diarioregionaldigital.com.br\/index.php?rest_route=%2Fwp%2Fv2%2Ftags&post=229500"}],"curies":[{"name":"wp","href":"https:\/\/api.w.org\/{rel}","templated":true}]}}