{"id":229491,"date":"2025-07-24T20:15:49","date_gmt":"2025-07-24T23:15:49","guid":{"rendered":"https:\/\/diarioregionaldigital.com.br\/?p=229491"},"modified":"2025-07-24T20:15:49","modified_gmt":"2025-07-24T23:15:49","slug":"volei-brasil-vence-alemanha-e-encara-japao-na-semi-da-liga-das-nacoes","status":"publish","type":"post","link":"https:\/\/diarioregionaldigital.com.br\/?p=229491","title":{"rendered":"V\u00f4lei: Brasil vence Alemanha e encara Jap\u00e3o na semi da Liga das Na\u00e7\u00f5es"},"content":{"rendered":"<p>A sele\u00e7\u00e3o brasileira feminina de v\u00f4lei assegurou a classifica\u00e7\u00e3o \u00e0s semifinais da Ligas das Na\u00e7\u00f5es e ficou mais perto do t\u00edtulo in\u00e9dito na competi\u00e7\u00e3o. Nesta quinta-feira (24), a amarelinha derrotou Alemanha por 3 seta a 0 (25\/19, 26\/24 e 25\/14), em Lodz (Pol\u00f4nia). A advers\u00e1ria do Brasil na semi ser\u00e1 a equipe japonesa, que mais cedo bateu a Turquia por 3 sets a 2. \u00a0Brasileiras e japonesas se enfrentam no pr\u00f3ximo s\u00e1bado (26), a partir das 15h (hor\u00e1rio de Bras\u00edlia). Antes,\u00a0\u00e0s 11h, ocorrer\u00e1 a outra partida da semi, entre It\u00e1lia e Pol\u00f4nia.<img decoding=\"async\" src=\"https:\/\/agenciabrasil.ebc.com.br\/ebc.png?id=1651900&amp;o=node\" \/><img decoding=\"async\" src=\"https:\/\/agenciabrasil.ebc.com.br\/ebc.gif?id=1651900&amp;o=node\" \/><\/p>\n<p>O confronto pode ser a chance de a sele\u00e7\u00e3o brasileira devolver o rev\u00e9s sofrido para o Jap\u00e3o (3 sets a 2)\u00a0na semifinal da edi\u00e7\u00e3o do ano passado da Liga das Na\u00e7\u00f5es. Na final, as asi\u00e1ticas foram superadas pelas italianas, que faturaram o t\u00edtulo. Coincidentemente, os duelos das semifinais de 2024 se repetiram este ano. \u00a0Brasil e Jap\u00e3o se enfrentaram no \u00faltimo dia 13, no encerramento da primeira fase (classificat\u00f3ria), com vit\u00f3ria da amarelinha por 3 sets a 0.<\/p>\n<p>O triunfo desta quinta (24) sobre a Alemanha foi o segundo do Brasil\u00a0na competi\u00e7\u00e3o. Na primeira semana da fase classificat\u00f3ria, no Rio de Janeiro, a amarelinha j\u00e1 havia superado a \u00a0Alemanha por 3 sets a 2. \u00a0No jogo desta quinta (24), a oposta Rosamaria foi a maior pontuadora, com 13 acertos, seguida pela capit\u00e3 Gabi, que anotou 12 pontos.<\/p>\n<p>\u201cUma \u00f3tima vit\u00f3ria, jogo de quartas de final \u00e9 sempre uma tens\u00e3o, porque o pr\u00f3ximo passo \u00e9 ir para uma zona de medalha. A Alemanha fez uma campanha incr\u00edvel, nosso primeiro jogo no Brasil foi muito duro e acho que hoje tamb\u00e9m, o resultado de 3 sets a 0 n\u00e3o demonstra o quanto, de fato, esse jogo foi duro para ambos os lados. Acho que a gente come\u00e7ou muito bem o primeiro set, que nos deu energia. Acho que a gente encontrou nosso ritmo pra conseguir essa vit\u00f3ria. Agora nossa miss\u00e3o \u00e9 descansar e pensar no nosso pr\u00f3ximo advers\u00e1rio que \u00e9 o Jap\u00e3o\u201d, analisou Rosamaria.<\/p>\n<p>A final da Liga das Na\u00e7\u00f5es ser\u00e1 no domingo (27), \u00e0s 15h. Antes, a partir das 11h, haver\u00e1 a disputa do\u00a0terceiro lugar.<\/p>\n<p>Fonte: Ag\u00eancia Brasil<\/p>\n","protected":false},"excerpt":{"rendered":"<p>A sele\u00e7\u00e3o brasileira feminina de v\u00f4lei assegurou a classifica\u00e7\u00e3o \u00e0s semifinais da Ligas das Na\u00e7\u00f5es e ficou mais perto do t\u00edtulo in\u00e9dito na competi\u00e7\u00e3o. Nesta quinta-feira (24), a amarelinha derrotou Alemanha por 3 seta a 0 (25\/19, 26\/24 e 25\/14), em Lodz (Pol\u00f4nia). A advers\u00e1ria do Brasil na semi ser\u00e1 a equipe japonesa, que mais [&hellip;]<\/p>\n","protected":false},"author":246,"featured_media":229492,"comment_status":"closed","ping_status":"closed","sticky":false,"template":"","format":"standard","meta":{"footnotes":""},"categories":[436,440,257,439],"tags":[],"class_list":["post-229491","post","type-post","status-publish","format-standard","has-post-thumbnail","hentry","category-destaque-da-semana","category-destaques-do-dia","category-esporte","category-ultima-hora"],"_links":{"self":[{"href":"https:\/\/diarioregionaldigital.com.br\/index.php?rest_route=\/wp\/v2\/posts\/229491","targetHints":{"allow":["GET"]}}],"collection":[{"href":"https:\/\/diarioregionaldigital.com.br\/index.php?rest_route=\/wp\/v2\/posts"}],"about":[{"href":"https:\/\/diarioregionaldigital.com.br\/index.php?rest_route=\/wp\/v2\/types\/post"}],"author":[{"embeddable":true,"href":"https:\/\/diarioregionaldigital.com.br\/index.php?rest_route=\/wp\/v2\/users\/246"}],"replies":[{"embeddable":true,"href":"https:\/\/diarioregionaldigital.com.br\/index.php?rest_route=%2Fwp%2Fv2%2Fcomments&post=229491"}],"version-history":[{"count":1,"href":"https:\/\/diarioregionaldigital.com.br\/index.php?rest_route=\/wp\/v2\/posts\/229491\/revisions"}],"predecessor-version":[{"id":229493,"href":"https:\/\/diarioregionaldigital.com.br\/index.php?rest_route=\/wp\/v2\/posts\/229491\/revisions\/229493"}],"wp:featuredmedia":[{"embeddable":true,"href":"https:\/\/diarioregionaldigital.com.br\/index.php?rest_route=\/wp\/v2\/media\/229492"}],"wp:attachment":[{"href":"https:\/\/diarioregionaldigital.com.br\/index.php?rest_route=%2Fwp%2Fv2%2Fmedia&parent=229491"}],"wp:term":[{"taxonomy":"category","embeddable":true,"href":"https:\/\/diarioregionaldigital.com.br\/index.php?rest_route=%2Fwp%2Fv2%2Fcategories&post=229491"},{"taxonomy":"post_tag","embeddable":true,"href":"https:\/\/diarioregionaldigital.com.br\/index.php?rest_route=%2Fwp%2Fv2%2Ftags&post=229491"}],"curies":[{"name":"wp","href":"https:\/\/api.w.org\/{rel}","templated":true}]}}