{"id":229488,"date":"2025-07-24T20:14:20","date_gmt":"2025-07-24T23:14:20","guid":{"rendered":"https:\/\/diarioregionaldigital.com.br\/?p=229488"},"modified":"2025-07-24T20:14:20","modified_gmt":"2025-07-24T23:14:20","slug":"governo-de-minas-lanca-sorteio-especial-de-r-200-mil-da-nota-fiscal-mineira-para-celebrar-mes-dos-pais","status":"publish","type":"post","link":"https:\/\/diarioregionaldigital.com.br\/?p=229488","title":{"rendered":"Governo de Minas lan\u00e7a sorteio especial de R$ 200 mil da Nota Fiscal Mineira para celebrar m\u00eas dos pais"},"content":{"rendered":"<p>Agosto destaca-se como um m\u00eas importante para o com\u00e9rcio e para as fam\u00edlias com a celebra\u00e7\u00e3o do Dia dos Pais. Para comemorar o per\u00edodo, o\u00a0<a href=\"https:\/\/www.mg.gov.br\/\" target=\"_blank\" rel=\"noopener\">Governo de Minas<\/a>\u00a0realiza o quarto sorteio especial do programa\u00a0<a href=\"https:\/\/notafiscalmineira.fazenda.mg.gov.br\/\" target=\"_blank\" rel=\"noopener\">Nota Fiscal Mineira<\/a>, com pr\u00eamio principal de R$ 200 mil. A apura\u00e7\u00e3o ser\u00e1 no dia 25\/8 e os bilhetes v\u00e1lidos s\u00e3o os gerados entre 26\/7 e 10\/8, a partir de compras com CPF na nota.<\/p>\n<p>Vinculados ao sorteio especial, haver\u00e1 pr\u00eamios de R$ 20 mil para tr\u00eas entidades de assist\u00eancia social, que poder\u00e3o ser indicadas pelo consumidor que tiver o seu bilhete premiado. Se n\u00e3o houver essa indica\u00e7\u00e3o, o sorteio ser\u00e1 de forma rand\u00f4mica, pelo sistema da Nota Fiscal Mineira, gerenciado pela\u00a0<a href=\"https:\/\/www.fazenda.mg.gov.br\/\" target=\"_blank\" rel=\"noopener\">Secretaria de Estado de Fazenda (SEF)<\/a>.<\/p>\n<p>A secret\u00e1ria adjunta de Estado de Fazenda, Luciana Mundim, recomenda aos consumidores ficarem atentos ao per\u00edodo de gera\u00e7\u00e3o dos bilhetes para o sorteio especial.<\/p>\n<p>\u201cEssa \u00e9 uma oportunidade de concorrer a um grande pr\u00eamio, que poder\u00e1 ser um excelente presente para o Dia dos Pais. Isso, sem gastar nada al\u00e9m das compras que cada um j\u00e1 faria, seja para presentear ou para as aquisi\u00e7\u00f5es do dia a dia\u201d, afirma Luciana.<\/p>\n<p><strong>Outros pr\u00eamios<\/strong><\/p>\n<p>Para o sorteio do dia 25\/8, tamb\u00e9m est\u00e3o previstos 13 pr\u00eamios regionais de R$ 2 mil, voltados aos consumidores, e 39 de R$ 500, para as entidades, concorrendo bilhetes gerados entre 1\u00ba e 31\/7.<\/p>\n<p><strong>Cadastre-se!<\/strong><\/p>\n<p>Para participar dos sorteios, basta o consumidor baixar o aplicativo Nota Fiscal Mineira no celular e se cadastrar. Ap\u00f3s o cadastro no programa, o consumidor s\u00f3 precisar\u00e1 solicitar o documento fiscal com a inclus\u00e3o do CPF em todas as suas compras.\u00a0O bilhete para o sorteio ser\u00e1 gerado automaticamente, sem a necessidade de qualquer outra a\u00e7\u00e3o por parte do participante. Para mais informa\u00e7\u00f5es, acesse o site do\u00a0<a href=\"http:\/\/notafiscalmineira.fazenda.mg.gov.br.%20\/\" target=\"_blank\" rel=\"noopener\">Nota Fiscal Mineira<\/a>.<\/p>\n<p>Fonte: Ag\u00eancia Minas<\/p>\n","protected":false},"excerpt":{"rendered":"<p>Agosto destaca-se como um m\u00eas importante para o com\u00e9rcio e para as fam\u00edlias com a celebra\u00e7\u00e3o do Dia dos Pais. Para comemorar o per\u00edodo, o\u00a0Governo de Minas\u00a0realiza o quarto sorteio especial do programa\u00a0Nota Fiscal Mineira, com pr\u00eamio principal de R$ 200 mil. A apura\u00e7\u00e3o ser\u00e1 no dia 25\/8 e os bilhetes v\u00e1lidos s\u00e3o os gerados [&hellip;]<\/p>\n","protected":false},"author":246,"featured_media":229489,"comment_status":"closed","ping_status":"closed","sticky":false,"template":"","format":"standard","meta":{"footnotes":""},"categories":[436,261,252,439],"tags":[],"class_list":["post-229488","post","type-post","status-publish","format-standard","has-post-thumbnail","hentry","category-destaque-da-semana","category-economia","category-regiao","category-ultima-hora"],"_links":{"self":[{"href":"https:\/\/diarioregionaldigital.com.br\/index.php?rest_route=\/wp\/v2\/posts\/229488","targetHints":{"allow":["GET"]}}],"collection":[{"href":"https:\/\/diarioregionaldigital.com.br\/index.php?rest_route=\/wp\/v2\/posts"}],"about":[{"href":"https:\/\/diarioregionaldigital.com.br\/index.php?rest_route=\/wp\/v2\/types\/post"}],"author":[{"embeddable":true,"href":"https:\/\/diarioregionaldigital.com.br\/index.php?rest_route=\/wp\/v2\/users\/246"}],"replies":[{"embeddable":true,"href":"https:\/\/diarioregionaldigital.com.br\/index.php?rest_route=%2Fwp%2Fv2%2Fcomments&post=229488"}],"version-history":[{"count":1,"href":"https:\/\/diarioregionaldigital.com.br\/index.php?rest_route=\/wp\/v2\/posts\/229488\/revisions"}],"predecessor-version":[{"id":229490,"href":"https:\/\/diarioregionaldigital.com.br\/index.php?rest_route=\/wp\/v2\/posts\/229488\/revisions\/229490"}],"wp:featuredmedia":[{"embeddable":true,"href":"https:\/\/diarioregionaldigital.com.br\/index.php?rest_route=\/wp\/v2\/media\/229489"}],"wp:attachment":[{"href":"https:\/\/diarioregionaldigital.com.br\/index.php?rest_route=%2Fwp%2Fv2%2Fmedia&parent=229488"}],"wp:term":[{"taxonomy":"category","embeddable":true,"href":"https:\/\/diarioregionaldigital.com.br\/index.php?rest_route=%2Fwp%2Fv2%2Fcategories&post=229488"},{"taxonomy":"post_tag","embeddable":true,"href":"https:\/\/diarioregionaldigital.com.br\/index.php?rest_route=%2Fwp%2Fv2%2Ftags&post=229488"}],"curies":[{"name":"wp","href":"https:\/\/api.w.org\/{rel}","templated":true}]}}