{"id":229485,"date":"2025-07-24T20:12:57","date_gmt":"2025-07-24T23:12:57","guid":{"rendered":"https:\/\/diarioregionaldigital.com.br\/?p=229485"},"modified":"2025-07-24T20:12:57","modified_gmt":"2025-07-24T23:12:57","slug":"governo-de-minas-anuncia-novas-acoes-do-programa-encontro-das-aguas-no-semiarido-mineiro","status":"publish","type":"post","link":"https:\/\/diarioregionaldigital.com.br\/?p=229485","title":{"rendered":"Governo de Minas anuncia novas a\u00e7\u00f5es do programa Encontro das \u00c1guas no semi\u00e1rido mineiro"},"content":{"rendered":"<p>Com foco na seguran\u00e7a h\u00eddrica e melhoria da qualidade de vida das fam\u00edlias do semi\u00e1rido mineiro, o\u00a0<a href=\"https:\/\/www.mg.gov.br\/\" target=\"_blank\" rel=\"noopener\">Governo de Minas<\/a>\u00a0realizou, nesta quinta-feira (24\/7), em Janu\u00e1ria, Norte do estado, mais uma etapa do Programa Encontro das \u00c1guas.<\/p>\n<p>Com a presen\u00e7a do vice-governador Mateus Sim\u00f5es, a entrega marcou o avan\u00e7o de projetos que integram a\u00e7\u00f5es estruturantes para a conviv\u00eancia com a seca, promovendo acesso \u00e0 \u00e1gua de qualidade, energia sustent\u00e1vel, incentivo \u00e0 produ\u00e7\u00e3o rural e mais oportunidades para as popula\u00e7\u00f5es vulner\u00e1veis da regi\u00e3o.<\/p>\n<table border=\"0\" cellspacing=\"1\" cellpadding=\"1\" align=\"center\">\n<tbody>\n<tr>\n<td colspan=\"5\"><img decoding=\"async\" src=\"https:\/\/www.agenciaminas.mg.gov.br\/ckeditor_assets\/pictures\/20949\/content_2_olho_topo.jpg\" alt=\"\" \/><\/td>\n<\/tr>\n<tr>\n<td><\/td>\n<td colspan=\"3\" rowspan=\"3\">\n<h1><strong>&#8220;Todos esses investimentos que anunciamos v\u00e3o garantir \u00e1gua digna para a popula\u00e7\u00e3o usar e beber, \u00e1gua nas escolas, \u00e1gua da chuva que vamos acumular para o combate \u00e0 seca, entre outras coisas. \u00c9 inadmiss\u00edvel aceitar que algum lugar n\u00e3o tenha esgoto e disponibilidade de \u00e1gua. As pessoas n\u00e3o conseguem e n\u00e3o podem viver assim e, se depender do Governo de Minas, elas n\u00e3o v\u00e3o viver assim&#8221;, disse Mateus Sim\u00f5es.<\/strong><\/h1>\n<\/td>\n<td><\/td>\n<\/tr>\n<tr>\n<td><\/td>\n<td><\/td>\n<\/tr>\n<tr>\n<td><\/td>\n<td><\/td>\n<\/tr>\n<tr>\n<td colspan=\"5\"><img decoding=\"async\" src=\"https:\/\/www.agenciaminas.mg.gov.br\/ckeditor_assets\/pictures\/20950\/content_2_olho_inferior.jpg\" alt=\"\" \/><\/td>\n<\/tr>\n<\/tbody>\n<\/table>\n<p>As a\u00e7\u00f5es do Encontro das \u00c1guas s\u00e3o coordenadas pelo Governo do Estado, por meio da\u00a0<a href=\"https:\/\/www.mg.gov.br\/defesacivil\" target=\"_blank\" rel=\"noopener\">Coordenadoria Estadual de Defesa Civil (Cedec)<\/a>, e envolvem diversos \u00f3rg\u00e3os p\u00fablicos e sociedade civil. Mais de 30 institui\u00e7\u00f5es executam projetos variados, que integram a iniciativa que j\u00e1 conta com mais de R$ 600 milh\u00f5es em investimentos.<\/p>\n<p>O programa integra o Minas Mais Resiliente e Sustent\u00e1vel e articula esfor\u00e7os de diversas \u00e1reas do Governo de Minas para promover solu\u00e7\u00f5es duradouras frente \u00e0 estiagem. Os projetos impactam diretamente a sa\u00fade, educa\u00e7\u00e3o, renda e dignidade das fam\u00edlias do semi\u00e1rido mineiro, construindo caminhos concretos para a perman\u00eancia das popula\u00e7\u00f5es no campo com qualidade de vida.<\/p>\n<table border=\"0\" cellspacing=\"1\" cellpadding=\"1\" align=\"center\">\n<tbody>\n<tr>\n<td colspan=\"5\"><img decoding=\"async\" src=\"https:\/\/www.agenciaminas.mg.gov.br\/ckeditor_assets\/pictures\/20949\/content_2_olho_topo.jpg\" alt=\"\" \/><\/td>\n<\/tr>\n<tr>\n<td><\/td>\n<td colspan=\"3\" rowspan=\"3\">\n<h1><strong>&#8220;O Encontro das \u00c1guas refor\u00e7a nosso compromisso com a preven\u00e7\u00e3o e a dignidade das fam\u00edlias que enfrentam a seca. \u00c9 uma a\u00e7\u00e3o concreta de cuidado, que leva \u00e1gua, energia e esperan\u00e7a para quem mais precisa&#8221;, complementou o chefe do\u00a0<a href=\"https:\/\/www.mg.gov.br\/gabinetemilitar\" target=\"_blank\" rel=\"noopener\">Gabinete Militar do Governador (GMG)<\/a>\u00a0e coordenador Estadual de Defesa Civil de Minas Gerais, coronel Paulo Roberto Rezende.<\/strong><\/h1>\n<\/td>\n<td><\/td>\n<\/tr>\n<tr>\n<td><\/td>\n<td><\/td>\n<\/tr>\n<tr>\n<td><\/td>\n<td><\/td>\n<\/tr>\n<tr>\n<td colspan=\"5\"><img decoding=\"async\" src=\"https:\/\/www.agenciaminas.mg.gov.br\/ckeditor_assets\/pictures\/20950\/content_2_olho_inferior.jpg\" alt=\"\" \/><\/td>\n<\/tr>\n<\/tbody>\n<\/table>\n<p>Durante o evento, a Cedec apresentou o projeto de capta\u00e7\u00e3o de \u00e1gua da chuva por meio de cisternas, que refor\u00e7a a seguran\u00e7a h\u00eddrica de fam\u00edlias rurais. Em Janu\u00e1ria, ser\u00e3o implantadas 56 unidades, com investimento de R$ 487 mil. Outros nove munic\u00edpios da regi\u00e3o tamb\u00e9m ser\u00e3o atendidos, totalizando 538 cisternas, quase R$ 4,2 milh\u00f5es investidos e mais de 2 mil pessoas beneficiadas.<\/p>\n<p>Com investimento de R$ 1,45 milh\u00e3o, outro destaque foi a entrega simb\u00f3lica de 1.548 kits de irriga\u00e7\u00e3o do programa Irriga Minas, da\u00a0<a href=\"https:\/\/www.mg.gov.br\/agricultura\" target=\"_blank\" rel=\"noopener\">Secretaria de Agricultura, Pecu\u00e1ria e Abastecimento (Seapa)<\/a>, voltado \u00e0 agricultura familiar.<\/p>\n<p>Os kits incluem caixa d\u2019\u00e1gua, tubo gotejador e conectores, ideais para hortali\u00e7as e frutas. Em Janu\u00e1ria, ser\u00e3o 30 kits, totalizando R$ 35,6 mil. O programa j\u00e1 distribuiu mais de 4,4 mil kits em 124 munic\u00edpios, com apoio t\u00e9cnico da\u00a0<a href=\"https:\/\/www.emater.mg.gov.br\/\" target=\"_blank\" rel=\"noopener\">Empresa de Assist\u00eancia T\u00e9cnica e Extens\u00e3o Rural do Estado de Minas Gerais (Emater-MG)<\/a>.<\/p>\n<p>\u201cEntregamos esses kits para os produtores, mas tamb\u00e9m \u00e9 necess\u00e1rio que eles tenham acesso a sementes, orienta\u00e7\u00e3o t\u00e9cnica, que eles saibam como usar os kits. O Governo de Minas oferece isso por meio da Emater-MG, que acompanha de perto a situa\u00e7\u00e3o deles. Estamos juntos com os produtores em busca de melhorar a qualidade de vida deles\u201d, ressaltou o vice-governador.<\/p>\n<p>A\u00a0<a href=\"https:\/\/social.mg.gov.br\/\" target=\"_blank\" rel=\"noopener\">Secretaria de Estado de Desenvolvimento Social (Sedese)<\/a>\u00a0participou\u00a0do Encontro das \u00c1guas com o programa Percursos Gerais: Trajet\u00f3ria para Autonomia, que promove inclus\u00e3o produtiva e fortalecimento da assist\u00eancia social em 56 munic\u00edpios do Norte e do Vale do Jequitinhonha, selecionados para o segundo ciclo da iniciativa.<\/p>\n<p>Em Janu\u00e1ria, foram feitas entregas simb\u00f3licas a 20 munic\u00edpios. As a\u00e7\u00f5es envolvem a distribui\u00e7\u00e3o de 800 kits de irriga\u00e7\u00e3o, 400 kits de apoio \u00e0 produ\u00e7\u00e3o que incluem sementes e ferramentas, R$ 3 milh\u00f5es em equipamentos para a rede socioassistencial (como ve\u00edculos e computadores para Centros de Refer\u00eancia em Assist\u00eancia Social &#8211; Cras), R$ 383 mil para agentes integradores, al\u00e9m de forma\u00e7\u00e3o profissional, distribui\u00e7\u00e3o de m\u00f3dulos sanit\u00e1rios e melhorias habitacionais. A meta \u00e9 atender 2 mil fam\u00edlias, impactando mais de 8 mil pessoas diretamente at\u00e9 2027, com apoio de parceiros como Seapa, Emater-MG e Servi\u00e7o Nacional de Aprendizagem Rural (Senar).<\/p>\n<p><strong>Mais acesso \u00e0 \u00e1gua pot\u00e1vel<\/strong><\/p>\n<p>O programa \u00c1gua Doce, executado pela\u00a0<a href=\"https:\/\/meioambiente.mg.gov.br\/\" target=\"_blank\" rel=\"noopener\">Secretaria de Estado de Meio Ambiente e Desenvolvimento Sustent\u00e1vel (Semad)<\/a>\u00a0e pela Cedec, vai implementar sistemas de dessaliniza\u00e7\u00e3o em comunidades que consomem \u00e1gua salobra. Em Janu\u00e1ria, est\u00e1 prevista a implanta\u00e7\u00e3o de um sistema na comunidade Alegre, com investimento de R$ 450 mil e capacidade para atender 720 pessoas. No total, o programa j\u00e1 beneficiou mais de 7 mil pessoas em 26 munic\u00edpios e prev\u00ea a instala\u00e7\u00e3o de 33 novos sistemas at\u00e9 2026.<\/p>\n<p>O projeto Gota d\u2019\u00c1gua, da\u00a0<a href=\"https:\/\/www.educacao.mg.gov.br\/\" target=\"_blank\" rel=\"noopener\">Secretaria de Estado de Educa\u00e7\u00e3o (SEE\/MG)<\/a>, amplia o acesso \u00e0 \u00e1gua pot\u00e1vel nas escolas estaduais n\u00e3o atendidas por redes p\u00fablicas. A a\u00e7\u00e3o envolve perfura\u00e7\u00e3o de po\u00e7os, instala\u00e7\u00e3o de kits potabilizadores e monitoramento da qualidade da \u00e1gua em parceria com a Copasa e prefeituras.<\/p>\n<p>No Norte de Minas, 136 escolas j\u00e1 contam com \u00e1gua pr\u00f3pria, beneficiando mais de 15 mil alunos. Em todo o estado, o projeto j\u00e1 garantiu \u00e1gua pot\u00e1vel a mais de 55 mil estudantes, com investimento de R$ 7,5 milh\u00f5es, para aquisi\u00e7\u00e3o de kits potabilizadores e po\u00e7os artesianos.<\/p>\n<p>Outro pilar do programa \u00e9 o Universaliza Minas, criado e executado pela\u00a0<a href=\"https:\/\/www.copasa.com.br\/wps\/portal\/internet\/\" target=\"_blank\" rel=\"noopener\">Copasa<\/a>, que amplia o acesso \u00e0 \u00e1gua tratada e esgotamento sanit\u00e1rio em \u00e1reas rurais e comunidades urbanas vulner\u00e1veis. Em Janu\u00e1ria, j\u00e1 foram conclu\u00eddas tr\u00eas obras, com oito em andamento e mais de cem liga\u00e7\u00f5es realizadas em dois bairros. O investimento previsto \u00e9 de R$ 2,9 milh\u00f5es, com expectativa de alcan\u00e7ar 11 localidades e beneficiar cerca de 3 mil pessoas. Em todo o estado, o programa soma mais de 83 mil pessoas atendidas, 108 obras conclu\u00eddas e 111 em andamento, com R$ 110 milh\u00f5es investidos at\u00e9 junho de 2025.<\/p>\n<p>O\u00a0<a href=\"http:\/\/www.idene.mg.gov.br\/site\/\" target=\"_blank\" rel=\"noopener\">Instituto de Desenvolvimento do Norte e Nordeste de Minas (Idene)<\/a>\u00a0participa com duas a\u00e7\u00f5es voltadas \u00e0 seguran\u00e7a h\u00eddrica no semi\u00e1rido. A primeira \u00e9 a entrega de kits de abastecimento, compostos por caixas d\u2019\u00e1gua e tubula\u00e7\u00f5es, destinados ao consumo humano e \u00e0 produ\u00e7\u00e3o agr\u00edcola em comunidades rurais afetadas pela seca. A segunda \u00e9 a instala\u00e7\u00e3o de kits fotovoltaicos para energizar po\u00e7os artesianos em regi\u00f5es que sofrem com a escassez h\u00eddrica. Em Janu\u00e1ria, est\u00e3o previstos dois kits fotovoltaicos e outros dois kits para os munic\u00edpios de Pai Pedro e Mirabela.<\/p>\n<p>Fonte: Ag\u00eancia Minas<\/p>\n","protected":false},"excerpt":{"rendered":"<p>Com foco na seguran\u00e7a h\u00eddrica e melhoria da qualidade de vida das fam\u00edlias do semi\u00e1rido mineiro, o\u00a0Governo de Minas\u00a0realizou, nesta quinta-feira (24\/7), em Janu\u00e1ria, Norte do estado, mais uma etapa do Programa Encontro das \u00c1guas. Com a presen\u00e7a do vice-governador Mateus Sim\u00f5es, a entrega marcou o avan\u00e7o de projetos que integram a\u00e7\u00f5es estruturantes para a [&hellip;]<\/p>\n","protected":false},"author":246,"featured_media":229486,"comment_status":"closed","ping_status":"closed","sticky":false,"template":"","format":"standard","meta":{"footnotes":""},"categories":[436,261,254,439],"tags":[],"class_list":["post-229485","post","type-post","status-publish","format-standard","has-post-thumbnail","hentry","category-destaque-da-semana","category-economia","category-politica","category-ultima-hora"],"_links":{"self":[{"href":"https:\/\/diarioregionaldigital.com.br\/index.php?rest_route=\/wp\/v2\/posts\/229485","targetHints":{"allow":["GET"]}}],"collection":[{"href":"https:\/\/diarioregionaldigital.com.br\/index.php?rest_route=\/wp\/v2\/posts"}],"about":[{"href":"https:\/\/diarioregionaldigital.com.br\/index.php?rest_route=\/wp\/v2\/types\/post"}],"author":[{"embeddable":true,"href":"https:\/\/diarioregionaldigital.com.br\/index.php?rest_route=\/wp\/v2\/users\/246"}],"replies":[{"embeddable":true,"href":"https:\/\/diarioregionaldigital.com.br\/index.php?rest_route=%2Fwp%2Fv2%2Fcomments&post=229485"}],"version-history":[{"count":1,"href":"https:\/\/diarioregionaldigital.com.br\/index.php?rest_route=\/wp\/v2\/posts\/229485\/revisions"}],"predecessor-version":[{"id":229487,"href":"https:\/\/diarioregionaldigital.com.br\/index.php?rest_route=\/wp\/v2\/posts\/229485\/revisions\/229487"}],"wp:featuredmedia":[{"embeddable":true,"href":"https:\/\/diarioregionaldigital.com.br\/index.php?rest_route=\/wp\/v2\/media\/229486"}],"wp:attachment":[{"href":"https:\/\/diarioregionaldigital.com.br\/index.php?rest_route=%2Fwp%2Fv2%2Fmedia&parent=229485"}],"wp:term":[{"taxonomy":"category","embeddable":true,"href":"https:\/\/diarioregionaldigital.com.br\/index.php?rest_route=%2Fwp%2Fv2%2Fcategories&post=229485"},{"taxonomy":"post_tag","embeddable":true,"href":"https:\/\/diarioregionaldigital.com.br\/index.php?rest_route=%2Fwp%2Fv2%2Ftags&post=229485"}],"curies":[{"name":"wp","href":"https:\/\/api.w.org\/{rel}","templated":true}]}}