{"id":229482,"date":"2025-07-24T20:11:42","date_gmt":"2025-07-24T23:11:42","guid":{"rendered":"https:\/\/diarioregionaldigital.com.br\/?p=229482"},"modified":"2025-07-24T20:11:42","modified_gmt":"2025-07-24T23:11:42","slug":"governo-de-minas-promove-atrativos-turisticos-do-estado-durante-salao-nautico-capitolio","status":"publish","type":"post","link":"https:\/\/diarioregionaldigital.com.br\/?p=229482","title":{"rendered":"Governo de Minas promove atrativos tur\u00edsticos do estado durante Sal\u00e3o N\u00e1utico Capit\u00f3lio"},"content":{"rendered":"<p>O\u00a0<a href=\"https:\/\/www.mg.gov.br\/\" target=\"_blank\" rel=\"noopener\">Governo de Minas Gerais<\/a>, por meio da\u00a0<a href=\"https:\/\/www.secult.mg.gov.br\/\" target=\"_blank\" rel=\"noopener\">Secretaria de Estado de Cultura e Turismo (Secult)<\/a>, leva os atrativos tur\u00edsticos do estado \u00e0 terceira edi\u00e7\u00e3o do evento Sal\u00e3o N\u00e1utico Capit\u00f3lio, na cidade do Sul de Minas, que come\u00e7a nesta quinta-feira (24\/7) e vai at\u00e9 domingo (27\/7), no balne\u00e1rio Escarpas do Lago.<\/p>\n<p>A secretaria participa do evento com um estande imersivo, com proje\u00e7\u00f5es audiovisuais e ambienta\u00e7\u00e3o sonora, inspirado nas paisagens da regi\u00e3o do Lago de Furnas, conhecido como Mar de Minas.<\/p>\n<p>A ambienta\u00e7\u00e3o privilegiada evoca o movimento das \u00e1guas, cores que traduzem a natureza mineira e ativa\u00e7\u00f5es que unem tradi\u00e7\u00e3o e inova\u00e7\u00e3o. \u201cO Mar de Minas \u00e9 s\u00edmbolo do nosso potencial tur\u00edstico n\u00e1utico. Mas \u00e9 tamb\u00e9m ponto de partida para um projeto maior de transformar Minas em destino de natureza e cultura com alto valor agregado\u201d, diz o secret\u00e1rio de Estado de Cultura e Turismo de Minas Gerais, Le\u00f4nidas de Oliveira.<\/p>\n<p>A participa\u00e7\u00e3o da Secult no evento integra a pol\u00edtica estrat\u00e9gica do Estado de valoriza\u00e7\u00e3o dos territ\u00f3rios, fomento \u00e0 economia da criatividade e promo\u00e7\u00e3o de destinos sustent\u00e1veis. Os grandes espelhos d\u2019\u00e1gua, como o Lago de Furnas e os c\u00e2nions de Capit\u00f3lio, s\u00e3o tesouros tur\u00edsticos e a visibilidade \u00e9 fundamental para alavancar o fluxo de visitantes e gerar desenvolvimento regional.<\/p>\n<p>\u201cO Sal\u00e3o N\u00e1utico \u00e9 uma plataforma de proje\u00e7\u00e3o nacional e internacional, onde Minas reafirma sua identidade, sua criatividade e sua capacidade de gerar oportunidades para os territ\u00f3rios\u201d, afirma Le\u00f4nidas de Oliveira.<\/p>\n<p><strong>Proje\u00e7\u00e3o nacional<\/strong><\/p>\n<p>A Secult propaga elementos da mineiridade, com experi\u00eancias sensoriais, cozinha mineira, e a for\u00e7a dos destinos de \u00e1gua doce. Reconhecido como a principal vitrine do setor n\u00e1utico brasileiro, o evento re\u00fane investidores, empreendedores, turistas e apaixonados pelo estilo de vida.<\/p>\n<p>Com uma frota interiorana robusta, com presen\u00e7a marcante no Rio S\u00e3o Francisco, na represa de Tr\u00eas Marias e no Lago de Furnas, Minas\u00a0est\u00e1 entre os seis estados do Brasil\u00a0com mais embarca\u00e7\u00f5es, s\u00e3o\u00a0cerca de 35 mil registradas para\u00a0esporte e lazer, segundo dados\u00a0da\u00a0Capitania Fluvial, e j\u00e1 ultrapassa alguns estados litor\u00e2neos em registros n\u00e1uticos. A paisagem do Mar de Minas, que antes se limitava a montanhas e cafezais, hoje abriga marinas, jet skis, iates e veleiros que movimentam uma economia pujante, do turismo ao com\u00e9rcio n\u00e1utico.<\/p>\n<p>Fonte: Ag\u00eancia Minas<\/p>\n","protected":false},"excerpt":{"rendered":"<p>O\u00a0Governo de Minas Gerais, por meio da\u00a0Secretaria de Estado de Cultura e Turismo (Secult), leva os atrativos tur\u00edsticos do estado \u00e0 terceira edi\u00e7\u00e3o do evento Sal\u00e3o N\u00e1utico Capit\u00f3lio, na cidade do Sul de Minas, que come\u00e7a nesta quinta-feira (24\/7) e vai at\u00e9 domingo (27\/7), no balne\u00e1rio Escarpas do Lago. A secretaria participa do evento com [&hellip;]<\/p>\n","protected":false},"author":246,"featured_media":229483,"comment_status":"closed","ping_status":"closed","sticky":false,"template":"","format":"standard","meta":{"footnotes":""},"categories":[436,440,261,254,439],"tags":[],"class_list":["post-229482","post","type-post","status-publish","format-standard","has-post-thumbnail","hentry","category-destaque-da-semana","category-destaques-do-dia","category-economia","category-politica","category-ultima-hora"],"_links":{"self":[{"href":"https:\/\/diarioregionaldigital.com.br\/index.php?rest_route=\/wp\/v2\/posts\/229482","targetHints":{"allow":["GET"]}}],"collection":[{"href":"https:\/\/diarioregionaldigital.com.br\/index.php?rest_route=\/wp\/v2\/posts"}],"about":[{"href":"https:\/\/diarioregionaldigital.com.br\/index.php?rest_route=\/wp\/v2\/types\/post"}],"author":[{"embeddable":true,"href":"https:\/\/diarioregionaldigital.com.br\/index.php?rest_route=\/wp\/v2\/users\/246"}],"replies":[{"embeddable":true,"href":"https:\/\/diarioregionaldigital.com.br\/index.php?rest_route=%2Fwp%2Fv2%2Fcomments&post=229482"}],"version-history":[{"count":1,"href":"https:\/\/diarioregionaldigital.com.br\/index.php?rest_route=\/wp\/v2\/posts\/229482\/revisions"}],"predecessor-version":[{"id":229484,"href":"https:\/\/diarioregionaldigital.com.br\/index.php?rest_route=\/wp\/v2\/posts\/229482\/revisions\/229484"}],"wp:featuredmedia":[{"embeddable":true,"href":"https:\/\/diarioregionaldigital.com.br\/index.php?rest_route=\/wp\/v2\/media\/229483"}],"wp:attachment":[{"href":"https:\/\/diarioregionaldigital.com.br\/index.php?rest_route=%2Fwp%2Fv2%2Fmedia&parent=229482"}],"wp:term":[{"taxonomy":"category","embeddable":true,"href":"https:\/\/diarioregionaldigital.com.br\/index.php?rest_route=%2Fwp%2Fv2%2Fcategories&post=229482"},{"taxonomy":"post_tag","embeddable":true,"href":"https:\/\/diarioregionaldigital.com.br\/index.php?rest_route=%2Fwp%2Fv2%2Ftags&post=229482"}],"curies":[{"name":"wp","href":"https:\/\/api.w.org\/{rel}","templated":true}]}}