{"id":229479,"date":"2025-07-24T20:10:47","date_gmt":"2025-07-24T23:10:47","guid":{"rendered":"https:\/\/diarioregionaldigital.com.br\/?p=229479"},"modified":"2025-07-24T20:10:47","modified_gmt":"2025-07-24T23:10:47","slug":"minas-gerais-avanca-na-regularizacao-fundiaria-com-entrega-de-titulos-a-190-familias-no-noroeste-do-estado","status":"publish","type":"post","link":"https:\/\/diarioregionaldigital.com.br\/?p=229479","title":{"rendered":"Minas Gerais avan\u00e7a na regulariza\u00e7\u00e3o fundi\u00e1ria com entrega de t\u00edtulos a 190 fam\u00edlias no Noroeste do estado"},"content":{"rendered":"<p>A regulariza\u00e7\u00e3o fundi\u00e1ria urbana, uma das prioridades do\u00a0<a id=\"OWA3017049b-5f65-8b5d-e8b6-5aa5c13d1c7f\" title=\"https:\/\/www.mg.gov.br\/\" href=\"https:\/\/www.mg.gov.br\/\" target=\"_blank\" rel=\"noopener noreferrer\" data-auth=\"NotApplicable\" data-linkindex=\"1\">Governo de Minas<\/a>, deu mais um passo importante nessa\u00a0quarta-feira (23\/7). Por meio da\u00a0<a id=\"OWA73309214-a4a3-bb52-50b3-ca3dee6e6d52\" title=\"https:\/\/www.cohab.mg.gov.br\/\" href=\"https:\/\/www.cohab.mg.gov.br\/\" target=\"_blank\" rel=\"noopener noreferrer\" data-auth=\"NotApplicable\" data-linkindex=\"2\">Cohab Minas<\/a>, o Estado iniciou a entrega de 190 t\u00edtulos de regulariza\u00e7\u00e3o de propriedade a fam\u00edlias de quatro munic\u00edpios do Noroeste mineiro.<\/p>\n<p>Ap\u00f3s uma espera de mais de dez anos pela documenta\u00e7\u00e3o, a entrega dos t\u00edtulos garantir\u00e1 a posse legal dos im\u00f3veis aos respectivos moradores. Com a posse regularizada, os benefici\u00e1rios estar\u00e3o aptos a requerer a escritura de propriedade de suas moradias, mediante a quita\u00e7\u00e3o completa do financiamento do im\u00f3vel junto \u00e0 Cohab Minas.<\/p>\n<p>A agenda come\u00e7ou em Cabeceira Grande, onde 50 fam\u00edlias dos conjuntos habitacionais Benedito Gomes Santana e Joaquim Santana de Melo Filho receberam seus t\u00edtulos definitivos.<\/p>\n<p>Uma das moradoras contempladas, Roberta Alves de Oliveira, emocionou-se ao receber o documento que garante, de forma oficial, a posse de sua casa.<\/p>\n<p>&#8220;Eu tenho uma filha de oito anos, ent\u00e3o, ter uma casa regularizada, \u00e9 uma garantia para ela. O t\u00edtulo representa estabilidade. Foi uma espera de muitos anos. Agora, temos em m\u00e3os que a casa \u00e9 nossa&#8221;, afirmou.<\/p>\n<p>As a\u00e7\u00f5es de regulariza\u00e7\u00e3o promovidas pela Cohab Minas integram o Programa\u00a0<a id=\"OWA1ca3286e-23dc-60bd-da5d-9284ea6b3087\" title=\"https:\/\/desenvolvimento.mg.gov.br\/inicio\/projetos\/projeto\/1063\" href=\"https:\/\/desenvolvimento.mg.gov.br\/inicio\/projetos\/projeto\/1063\" target=\"_blank\" rel=\"noopener noreferrer\" data-auth=\"NotApplicable\" data-linkindex=\"3\">Minas Reurb<\/a>, executado pela\u00a0<a id=\"OWAc4495358-68bf-4156-12ec-f263e1d5c23d\" title=\"https:\/\/desenvolvimento.mg.gov.br\/\" href=\"https:\/\/desenvolvimento.mg.gov.br\/\" target=\"_blank\" rel=\"noopener noreferrer\" data-auth=\"NotApplicable\" data-linkindex=\"4\">Secretaria de Estado de Desenvolvimento Econ\u00f4mico (Sede)<\/a>.<\/p>\n<p>\u201cAl\u00e9m da garantia de dignidade, a regulariza\u00e7\u00e3o fundi\u00e1ria assegura a valoriza\u00e7\u00e3o imediata dos im\u00f3veis e viabiliza o acesso ao cr\u00e9dito para os beneficiados, assim permitindo que os mineiros possam repassar estas propriedades a seus descendentes e realizar as vendas destes bens com mais facilidade\u201d, afirma a secret\u00e1ria de Estado de Desenvolvimento Econ\u00f4mico de Minas Gerais, Mila Corr\u00eaa da Costa.<\/p>\n<p>A agenda de entregas segue at\u00e9 sexta-feira (25\/7). Nesta quinta (24\/7), 80 fam\u00edlias de Dom Bosco e 30 de Bonfin\u00f3polis de Minas receber\u00e3o seus t\u00edtulos.<\/p>\n<p>J\u00e1 na sexta-feira, ser\u00e1 a vez de 30 fam\u00edlias de Lagamar colocarem fim \u00e0 espera pelo t\u00edtulo de regulariza\u00e7\u00e3o de propriedade de suas moradias.<\/p>\n<p><strong>Pol\u00edtica p\u00fablica que transforma realidades<\/strong><\/p>\n<p>Ap\u00f3s mais de sete anos sem a\u00e7\u00f5es estruturadas de regulariza\u00e7\u00e3o fundi\u00e1ria no Estado, o Governo de Minas retomou, em 2019, esse trabalho com a implementa\u00e7\u00e3o do Minas Reurb. Desde ent\u00e3o, milhares de fam\u00edlias j\u00e1 foram beneficiadas em diversas regi\u00f5es.<\/p>\n<p>\u201cJ\u00e1 era uma longa espera, e a gente j\u00e1 n\u00e3o sabia se esse momento chegaria. Esse t\u00edtulo traz seguran\u00e7a e, s\u00f3 agora, eu posso confiar que a casa \u00e9 minha mesmo\u201d, conta Rosa Maria Valadares, moradora que tamb\u00e9m recebeu o t\u00edtulo.<\/p>\n<p>O presidente da Cohab Minas, M\u00e1rcio Bernardino, exaltou os resultados que o Estado vem obtendo no trabalho de regulariza\u00e7\u00e3o fundi\u00e1ria e destacou o resgate da dignidade trazida por esta a\u00e7\u00e3o.<\/p>\n<p>\u201cRegulariza\u00e7\u00e3o fundi\u00e1ria urbana \u00e9 uma das melhores pol\u00edticas p\u00fablicas que existem, porque tem in\u00edcio, meio e fim. \u00a0Ela transforma vidas e resgata a dignidade de milhares de fam\u00edlias que passam, enfim, a ter a seguran\u00e7a da propriedade de seus lares\u201d, afirmou.<\/p>\n<p><strong>Resultados positivos<\/strong><\/p>\n<p>Desde sua cria\u00e7\u00e3o, o Programa Minas Reurb vem colhendo in\u00fameros resultados positivos em todas as regi\u00f5es do estado, viabilizando mais de 80 mil t\u00edtulos de propriedade urbana, dos quais mais de 17 mil j\u00e1 foram emitidos, em 292 cidades de Minas.<\/p>\n<p>Al\u00e9m da Sede-MG, a execu\u00e7\u00e3o do programa conta com a\u00e7\u00f5es da Cohab Minas e da\u00a0<a id=\"OWA07b9c6b4-05b0-b1e3-6747-399039227aa4\" title=\"https:\/\/www.agenciarmva.mg.gov.br\/\" href=\"https:\/\/www.agenciarmva.mg.gov.br\/\" target=\"_blank\" rel=\"noopener noreferrer\" data-auth=\"NotApplicable\" data-linkindex=\"5\">Ag\u00eancia de Desenvolvimento da Regi\u00e3o Metropolitana do Vale do A\u00e7o (ARMVA)<\/a>.<\/p>\n<p>Fonte: Ag\u00eancia Minas<\/p>\n","protected":false},"excerpt":{"rendered":"<p>A regulariza\u00e7\u00e3o fundi\u00e1ria urbana, uma das prioridades do\u00a0Governo de Minas, deu mais um passo importante nessa\u00a0quarta-feira (23\/7). Por meio da\u00a0Cohab Minas, o Estado iniciou a entrega de 190 t\u00edtulos de regulariza\u00e7\u00e3o de propriedade a fam\u00edlias de quatro munic\u00edpios do Noroeste mineiro. Ap\u00f3s uma espera de mais de dez anos pela documenta\u00e7\u00e3o, a entrega dos t\u00edtulos [&hellip;]<\/p>\n","protected":false},"author":246,"featured_media":229480,"comment_status":"closed","ping_status":"closed","sticky":false,"template":"","format":"standard","meta":{"footnotes":""},"categories":[436,440,261,254,439],"tags":[],"class_list":["post-229479","post","type-post","status-publish","format-standard","has-post-thumbnail","hentry","category-destaque-da-semana","category-destaques-do-dia","category-economia","category-politica","category-ultima-hora"],"_links":{"self":[{"href":"https:\/\/diarioregionaldigital.com.br\/index.php?rest_route=\/wp\/v2\/posts\/229479","targetHints":{"allow":["GET"]}}],"collection":[{"href":"https:\/\/diarioregionaldigital.com.br\/index.php?rest_route=\/wp\/v2\/posts"}],"about":[{"href":"https:\/\/diarioregionaldigital.com.br\/index.php?rest_route=\/wp\/v2\/types\/post"}],"author":[{"embeddable":true,"href":"https:\/\/diarioregionaldigital.com.br\/index.php?rest_route=\/wp\/v2\/users\/246"}],"replies":[{"embeddable":true,"href":"https:\/\/diarioregionaldigital.com.br\/index.php?rest_route=%2Fwp%2Fv2%2Fcomments&post=229479"}],"version-history":[{"count":1,"href":"https:\/\/diarioregionaldigital.com.br\/index.php?rest_route=\/wp\/v2\/posts\/229479\/revisions"}],"predecessor-version":[{"id":229481,"href":"https:\/\/diarioregionaldigital.com.br\/index.php?rest_route=\/wp\/v2\/posts\/229479\/revisions\/229481"}],"wp:featuredmedia":[{"embeddable":true,"href":"https:\/\/diarioregionaldigital.com.br\/index.php?rest_route=\/wp\/v2\/media\/229480"}],"wp:attachment":[{"href":"https:\/\/diarioregionaldigital.com.br\/index.php?rest_route=%2Fwp%2Fv2%2Fmedia&parent=229479"}],"wp:term":[{"taxonomy":"category","embeddable":true,"href":"https:\/\/diarioregionaldigital.com.br\/index.php?rest_route=%2Fwp%2Fv2%2Fcategories&post=229479"},{"taxonomy":"post_tag","embeddable":true,"href":"https:\/\/diarioregionaldigital.com.br\/index.php?rest_route=%2Fwp%2Fv2%2Ftags&post=229479"}],"curies":[{"name":"wp","href":"https:\/\/api.w.org\/{rel}","templated":true}]}}