{"id":229477,"date":"2025-07-24T15:10:11","date_gmt":"2025-07-24T18:10:11","guid":{"rendered":"https:\/\/diarioregionaldigital.com.br\/?p=229477"},"modified":"2025-07-24T15:10:11","modified_gmt":"2025-07-24T18:10:11","slug":"pregao-presencial-no-007-2025-24-07-2025","status":"publish","type":"post","link":"https:\/\/diarioregionaldigital.com.br\/?p=229477","title":{"rendered":"PREG\u00c3O PRESENCIAL N\u00ba 007\/2025 &#8211; 24\/07\/2025"},"content":{"rendered":"<div>\n<div class=\"s5\"><span class=\"s3\"><span class=\"bumpedFont15\">P<\/span><\/span><span class=\"s4\"><span class=\"bumpedFont15\">REFEITURA MUNICIPA<\/span><\/span><span class=\"s4\"><span class=\"bumpedFont15\">L DE DESCOBERTO<\/span><\/span><\/div>\n<p class=\"s6\">\n<p class=\"s6\">\n<\/div>\n<p class=\"s7\">\n<p class=\"s9\"><span class=\"s8\"><span class=\"bumpedFont15\">PROCESSO N\u00ba 044\/2025<\/span><\/span><\/p>\n<p class=\"s9\"><span class=\"s8\"><span class=\"bumpedFont15\">PREG\u00c3O PRESENCIAL N\u00ba 007\/2025<\/span><\/span><\/p>\n<p class=\"s9\">\n<p class=\"s9\"><span class=\"s8\"><span class=\"bumpedFont15\">AVISO DE ADIAMENTO<\/span><\/span><\/p>\n<p class=\"s7\">\n<p class=\"s12\"><span class=\"s10\"><span class=\"bumpedFont15\">Objeto: <\/span><\/span><span class=\"s10\"><span class=\"bumpedFont15\">C<\/span><\/span><span class=\"s10\"><span class=\"bumpedFont15\">ontrata\u00e7\u00e3o de <\/span><\/span><span class=\"s10\"><span class=\"bumpedFont15\">empresa<\/span><\/span> <span class=\"s10\"><span class=\"bumpedFont15\">especializada para presta\u00e7\u00e3o de servi\u00e7os de telefonia corporativa<\/span><\/span><span class=\"s10\"><span class=\"bumpedFont15\">, conforme condi\u00e7\u00f5es, quantidades e exig\u00eancias estabelecidas, para o setor de <\/span><\/span><span class=\"s10\"><span class=\"bumpedFont15\">Administr<\/span><\/span><span class=\"s10\"><span class=\"bumpedFont15\">a\u00e7\u00e3o<\/span><\/span> <span class=\"s10\"><span class=\"bumpedFont15\">da Prefeitura<\/span><\/span> <span class=\"s10\"><span class=\"bumpedFont15\">Municipal de Descoberto<\/span><\/span><span class=\"s10\"><span class=\"bumpedFont15\">. <\/span><\/span><span class=\"s10\"><span class=\"bumpedFont15\">Por motivos administrativos a <\/span><\/span><span class=\"s10\"><span class=\"bumpedFont15\">sess\u00e3o <\/span><\/span><span class=\"s10\"><span class=\"bumpedFont15\">p\u00fablica <\/span><\/span><span class=\"s10\"><span class=\"bumpedFont15\">de abertura da L<\/span><\/span><span class=\"s10\"><span class=\"bumpedFont15\">icita\u00e7\u00e3o <\/span><\/span><span class=\"s10\"><span class=\"bumpedFont15\">ser<\/span><\/span><span class=\"s10\"><span class=\"bumpedFont15\">\u00e1 adiada para o dia <\/span><\/span><span class=\"s10\"><span class=\"bumpedFont15\">12<\/span><\/span><span class=\"s10\"><span class=\"bumpedFont15\">\/08\/2025<\/span><\/span><span class=\"s10\"><span class=\"bumpedFont15\"> \u00e0s<\/span><\/span> <span class=\"s10\"><span class=\"bumpedFont15\">09:00<\/span><\/span><span class=\"s10\"><span class=\"bumpedFont15\">horas<\/span><\/span><span class=\"s10\"><span class=\"bumpedFont15\">.<\/span><\/span><span class=\"s10\"><span class=\"bumpedFont15\"> Descoberto, <\/span><\/span><span class=\"s10\"><span class=\"bumpedFont15\">24<\/span><\/span><span class=\"s10\"><span class=\"bumpedFont15\"> de ju<\/span><\/span><span class=\"s10\"><span class=\"bumpedFont15\">l<\/span><\/span><span class=\"s10\"><span class=\"bumpedFont15\">h<\/span><\/span><span class=\"s10\"><span class=\"bumpedFont15\">o de 2025. <\/span><\/span><span class=\"s10\"><span class=\"bumpedFont15\">Valcione Jorgina de Faria, Agente de Contrata\u00e7\u00e3o.<\/span><\/span><\/p>\n<p class=\"s6\">\n<p class=\"s14\"><span class=\"s13\"><span class=\"bumpedFont15\">Rua: Capit\u00e3o Bas\u00edlio n\u00ba 39 &#8211; Cen<\/span><\/span><span class=\"s13\"><span class=\"bumpedFont15\">tro &#8211; Descoberto &#8211; MG &#8211; Cep 36690<\/span><\/span><span class=\"s13\"><span class=\"bumpedFont15\">&#8211;<\/span><\/span><span class=\"s13\"><span class=\"bumpedFont15\">000<\/span><\/span><\/p>\n<p class=\"s14\"><span class=\"s13\"><span class=\"bumpedFont15\">Tel<\/span><\/span> <span class=\"s13\"><span class=\"bumpedFont15\">(32) 3265-1740 \u2013 e-mail: licitacao@descoberto.mg.gov.br<\/span><\/span><\/p>\n","protected":false},"excerpt":{"rendered":"<p>PREFEITURA MUNICIPAL DE DESCOBERTO PROCESSO N\u00ba 044\/2025 PREG\u00c3O PRESENCIAL N\u00ba 007\/2025 AVISO DE ADIAMENTO Objeto: Contrata\u00e7\u00e3o de empresa especializada para presta\u00e7\u00e3o de servi\u00e7os de telefonia corporativa, conforme condi\u00e7\u00f5es, quantidades e exig\u00eancias estabelecidas, para o setor de Administra\u00e7\u00e3o da Prefeitura Municipal de Descoberto. Por motivos administrativos a sess\u00e3o p\u00fablica de abertura da Licita\u00e7\u00e3o ser\u00e1 adiada para [&hellip;]<\/p>\n","protected":false},"author":246,"featured_media":0,"comment_status":"closed","ping_status":"closed","sticky":false,"template":"","format":"standard","meta":{"footnotes":""},"categories":[307],"tags":[],"class_list":["post-229477","post","type-post","status-publish","format-standard","hentry","category-editais"],"_links":{"self":[{"href":"https:\/\/diarioregionaldigital.com.br\/index.php?rest_route=\/wp\/v2\/posts\/229477","targetHints":{"allow":["GET"]}}],"collection":[{"href":"https:\/\/diarioregionaldigital.com.br\/index.php?rest_route=\/wp\/v2\/posts"}],"about":[{"href":"https:\/\/diarioregionaldigital.com.br\/index.php?rest_route=\/wp\/v2\/types\/post"}],"author":[{"embeddable":true,"href":"https:\/\/diarioregionaldigital.com.br\/index.php?rest_route=\/wp\/v2\/users\/246"}],"replies":[{"embeddable":true,"href":"https:\/\/diarioregionaldigital.com.br\/index.php?rest_route=%2Fwp%2Fv2%2Fcomments&post=229477"}],"version-history":[{"count":1,"href":"https:\/\/diarioregionaldigital.com.br\/index.php?rest_route=\/wp\/v2\/posts\/229477\/revisions"}],"predecessor-version":[{"id":229478,"href":"https:\/\/diarioregionaldigital.com.br\/index.php?rest_route=\/wp\/v2\/posts\/229477\/revisions\/229478"}],"wp:attachment":[{"href":"https:\/\/diarioregionaldigital.com.br\/index.php?rest_route=%2Fwp%2Fv2%2Fmedia&parent=229477"}],"wp:term":[{"taxonomy":"category","embeddable":true,"href":"https:\/\/diarioregionaldigital.com.br\/index.php?rest_route=%2Fwp%2Fv2%2Fcategories&post=229477"},{"taxonomy":"post_tag","embeddable":true,"href":"https:\/\/diarioregionaldigital.com.br\/index.php?rest_route=%2Fwp%2Fv2%2Ftags&post=229477"}],"curies":[{"name":"wp","href":"https:\/\/api.w.org\/{rel}","templated":true}]}}