{"id":229474,"date":"2025-07-23T20:57:03","date_gmt":"2025-07-23T23:57:03","guid":{"rendered":"https:\/\/diarioregionaldigital.com.br\/?p=229474"},"modified":"2025-07-23T20:57:03","modified_gmt":"2025-07-23T23:57:03","slug":"festivaice-celebra-a-cultura-afro-brasileira-nestas-quarta-e-quinta-feira","status":"publish","type":"post","link":"https:\/\/diarioregionaldigital.com.br\/?p=229474","title":{"rendered":"FestivAice celebra a cultura afro-brasileira nestas quarta e quinta-feira"},"content":{"rendered":"<p>Segundo informa\u00e7\u00f5es do site da Prefeitura de Juiz de Fora (PJF), o Festival de Inverno do Mercado Cultural AICE trouxe um convite para viver a esta\u00e7\u00e3o com arte, calor coletivo e o melhor da cultura local. \u00c9 a aposta certa para quem est\u00e1 procurando atra\u00e7\u00f5es diversificadas, gratuitas e livres para todos os p\u00fablicos.<\/p>\n<div id=\"box_texto_noticia\">\n<p>Seguindo as divis\u00f5es de eventos j\u00e1 feitas nos \u00faltimos tr\u00eas meses, as quartas-feiras s\u00e3o marcadas pela cultura hip-hop, enquanto as quintas-feiras d\u00e3o espa\u00e7o para a m\u00fasica. Nesta semana, a escolha foi por dar visibilidade ao movimento de artistas que espalham a cultura afro-brasileira pela cidade.<\/p>\n<p>Nesta quarta-feira (23), \u00e0s 19h, o evento \u201cHoje \u00e9 dia de rap\u201d vai reunir diversos nomes locais para um super encontro, com apresenta\u00e7\u00e3o de rappers juiz-foranos. No palco, eles v\u00e3o apresentar suas rimas e batidas em uma noite dedicada \u00e0 cultura urbana e \u00e0 representatividade.<\/p>\n<p>Para Adenilde Petrina, assessora especial da Funalfa para Interlocu\u00e7\u00e3o e Valoriza\u00e7\u00e3o da Cultura Popular, essas manifesta\u00e7\u00f5es art\u00edsticas trazem informa\u00e7\u00e3o e conscientiza\u00e7\u00e3o ao falarem de quest\u00f5es sociais e empoderamento. \u201cN\u00e3o \u00e9 \u00e0 toa que o rap \u00e9 a CNN do morro\u201d, ela aponta e faz o convite para o evento: \u201cHoje \u00e9 dia de Rap, para tirar a invisibilidade dos jovens e dos rappers da periferia, dar voz a esses artistas para que sejam vozes de inclus\u00e3o, de resist\u00eancia ao racismo, contra a discrimina\u00e7\u00e3o e o caminho para uma sociedade mais justa\u201d.<\/p>\n<p>J\u00e1 na quinta-feira (24), \u00e0s 20h, \u00e9 a vez do Grupo Makamba apresentar o show \u201cDan\u00e7a e Musicalidade: Conectando Ra\u00edzes\u201d. Em uma performance marcada pela for\u00e7a do jongo, ritmo tradicional afro-brasileiro, o Makamba vai expressar resist\u00eancia e conex\u00e3o com as ra\u00edzes ancestrais por meio da m\u00fasica e da dan\u00e7a.<\/p>\n<p>A organizadora do grupo, Aline Oliveira, faz um chamado para que o p\u00fablico compare\u00e7a ao evento e conhe\u00e7a essa importante express\u00e3o cultural que conecta corpo, alma e ancestralidade. \u201cO Jongo \u00e9 um patrim\u00f4nio imaterial que faz parte da cultura quilombo tradicional do sudeste. Vamos juntos celebrar os ancestrais que chegaram primeiro e nos d\u00e3o caminhos para seguir.\u201d<\/p>\n<p>Os eventos acontecem entre os dias 17 e 31 de julho, em hor\u00e1rios variados, no audit\u00f3rio do Mercado Cultural AICE (Rua Doutor Paulo Frontin, 170, 2\u00ba piso do Mercado Municipal). Os ingressos s\u00e3o limitados e come\u00e7am a ser distribu\u00eddos 1 hora antes na porta do local.<\/p>\n<\/div>\n<p>&nbsp;<\/p>\n","protected":false},"excerpt":{"rendered":"<p>Segundo informa\u00e7\u00f5es do site da Prefeitura de Juiz de Fora (PJF), o Festival de Inverno do Mercado Cultural AICE trouxe um convite para viver a esta\u00e7\u00e3o com arte, calor coletivo e o melhor da cultura local. \u00c9 a aposta certa para quem est\u00e1 procurando atra\u00e7\u00f5es diversificadas, gratuitas e livres para todos os p\u00fablicos. Seguindo as [&hellip;]<\/p>\n","protected":false},"author":246,"featured_media":229475,"comment_status":"closed","ping_status":"closed","sticky":false,"template":"","format":"standard","meta":{"footnotes":""},"categories":[253,436,440,439],"tags":[],"class_list":["post-229474","post","type-post","status-publish","format-standard","has-post-thumbnail","hentry","category-cidade","category-destaque-da-semana","category-destaques-do-dia","category-ultima-hora"],"_links":{"self":[{"href":"https:\/\/diarioregionaldigital.com.br\/index.php?rest_route=\/wp\/v2\/posts\/229474","targetHints":{"allow":["GET"]}}],"collection":[{"href":"https:\/\/diarioregionaldigital.com.br\/index.php?rest_route=\/wp\/v2\/posts"}],"about":[{"href":"https:\/\/diarioregionaldigital.com.br\/index.php?rest_route=\/wp\/v2\/types\/post"}],"author":[{"embeddable":true,"href":"https:\/\/diarioregionaldigital.com.br\/index.php?rest_route=\/wp\/v2\/users\/246"}],"replies":[{"embeddable":true,"href":"https:\/\/diarioregionaldigital.com.br\/index.php?rest_route=%2Fwp%2Fv2%2Fcomments&post=229474"}],"version-history":[{"count":1,"href":"https:\/\/diarioregionaldigital.com.br\/index.php?rest_route=\/wp\/v2\/posts\/229474\/revisions"}],"predecessor-version":[{"id":229476,"href":"https:\/\/diarioregionaldigital.com.br\/index.php?rest_route=\/wp\/v2\/posts\/229474\/revisions\/229476"}],"wp:featuredmedia":[{"embeddable":true,"href":"https:\/\/diarioregionaldigital.com.br\/index.php?rest_route=\/wp\/v2\/media\/229475"}],"wp:attachment":[{"href":"https:\/\/diarioregionaldigital.com.br\/index.php?rest_route=%2Fwp%2Fv2%2Fmedia&parent=229474"}],"wp:term":[{"taxonomy":"category","embeddable":true,"href":"https:\/\/diarioregionaldigital.com.br\/index.php?rest_route=%2Fwp%2Fv2%2Fcategories&post=229474"},{"taxonomy":"post_tag","embeddable":true,"href":"https:\/\/diarioregionaldigital.com.br\/index.php?rest_route=%2Fwp%2Fv2%2Ftags&post=229474"}],"curies":[{"name":"wp","href":"https:\/\/api.w.org\/{rel}","templated":true}]}}