{"id":229468,"date":"2025-07-23T20:53:20","date_gmt":"2025-07-23T23:53:20","guid":{"rendered":"https:\/\/diarioregionaldigital.com.br\/?p=229468"},"modified":"2025-07-23T20:53:20","modified_gmt":"2025-07-23T23:53:20","slug":"propag-governo-de-minas-sanciona-lei-que-trata-da-cessao-de-direitos-creditorios-do-estado-a-uniao-2","status":"publish","type":"post","link":"https:\/\/diarioregionaldigital.com.br\/?p=229468","title":{"rendered":"Propag: Governo de Minas sanciona lei que trata da cess\u00e3o de direitos credit\u00f3rios do Estado \u00e0 Uni\u00e3o"},"content":{"rendered":"<p>O\u00a0<a href=\"https:\/\/www.mg.gov.br\/\" target=\"_blank\" rel=\"noopener\">Governo de Minas<\/a>\u00a0sancionou, nesta ter\u00e7a-feira (22\/7), a lei que cede direitos credit\u00f3rios do Estado para a Uni\u00e3o, com o objetivo de amortiza\u00e7\u00e3o da d\u00edvida, um dos projetos relacionados \u00e0 ades\u00e3o de Minas ao Programa de Pleno Pagamento de D\u00edvidas dos Estados (Propag).<\/p>\n<p>A medida foi publicada no\u00a0<a href=\"https:\/\/www.jornalminasgerais.mg.gov.br\/index.php?dataJornal=2025-07-22\" target=\"_blank\" rel=\"noopener\">Di\u00e1rio Oficial de Minas Gerais<\/a>\u00a0e autoriza o Estado a repassar \u00e0 Uni\u00e3o os direitos originados de cr\u00e9ditos tribut\u00e1rios e n\u00e3o tribut\u00e1rios, ou seja, valores devidos por contribuintes, como impostos, taxas ou multas, bem como eventuais t\u00edtulos mobili\u00e1rios neles lastreados.<\/p>\n<p>Ser\u00e1 permitido repassar \u00e0 Uni\u00e3o toda a carteira de cr\u00e9ditos inscritos na d\u00edvida ativa estadual ou a realiza\u00e7\u00e3o de opera\u00e7\u00e3o de securitiza\u00e7\u00e3o, para que a arrecada\u00e7\u00e3o seja utilizada na amortiza\u00e7\u00e3o da d\u00edvida.<\/p>\n<p><strong>Sem vetos<\/strong><\/p>\n<p>A lei deriva do Projeto de Lei (PL) 3.732\/2025, aprovado pela Assembleia Legislativa de Minas Gerais (ALMG), e foi sancionada na \u00edntegra, sem vetos. Do texto original enviado pelo Executivo \u00e0 ALMG s\u00f3 houve altera\u00e7\u00e3o aprovada na Comiss\u00e3o de Fiscaliza\u00e7\u00e3o Financeira e Or\u00e7ament\u00e1ria, entre os turnos de vota\u00e7\u00e3o no plen\u00e1rio.<\/p>\n<p>Uma das mudan\u00e7as \u00e9 a determina\u00e7\u00e3o de um prazo de quatro anos de vig\u00eancia da autoriza\u00e7\u00e3o para a cess\u00e3o dos direitos credit\u00f3rios.<\/p>\n<p>Fonte: Ag\u00eancia Minas<\/p>\n","protected":false},"excerpt":{"rendered":"<p>O\u00a0Governo de Minas\u00a0sancionou, nesta ter\u00e7a-feira (22\/7), a lei que cede direitos credit\u00f3rios do Estado para a Uni\u00e3o, com o objetivo de amortiza\u00e7\u00e3o da d\u00edvida, um dos projetos relacionados \u00e0 ades\u00e3o de Minas ao Programa de Pleno Pagamento de D\u00edvidas dos Estados (Propag). A medida foi publicada no\u00a0Di\u00e1rio Oficial de Minas Gerais\u00a0e autoriza o Estado a [&hellip;]<\/p>\n","protected":false},"author":246,"featured_media":229469,"comment_status":"closed","ping_status":"closed","sticky":false,"template":"","format":"standard","meta":{"footnotes":""},"categories":[436,440,261,254,439],"tags":[],"class_list":["post-229468","post","type-post","status-publish","format-standard","has-post-thumbnail","hentry","category-destaque-da-semana","category-destaques-do-dia","category-economia","category-politica","category-ultima-hora"],"_links":{"self":[{"href":"https:\/\/diarioregionaldigital.com.br\/index.php?rest_route=\/wp\/v2\/posts\/229468","targetHints":{"allow":["GET"]}}],"collection":[{"href":"https:\/\/diarioregionaldigital.com.br\/index.php?rest_route=\/wp\/v2\/posts"}],"about":[{"href":"https:\/\/diarioregionaldigital.com.br\/index.php?rest_route=\/wp\/v2\/types\/post"}],"author":[{"embeddable":true,"href":"https:\/\/diarioregionaldigital.com.br\/index.php?rest_route=\/wp\/v2\/users\/246"}],"replies":[{"embeddable":true,"href":"https:\/\/diarioregionaldigital.com.br\/index.php?rest_route=%2Fwp%2Fv2%2Fcomments&post=229468"}],"version-history":[{"count":1,"href":"https:\/\/diarioregionaldigital.com.br\/index.php?rest_route=\/wp\/v2\/posts\/229468\/revisions"}],"predecessor-version":[{"id":229470,"href":"https:\/\/diarioregionaldigital.com.br\/index.php?rest_route=\/wp\/v2\/posts\/229468\/revisions\/229470"}],"wp:featuredmedia":[{"embeddable":true,"href":"https:\/\/diarioregionaldigital.com.br\/index.php?rest_route=\/wp\/v2\/media\/229469"}],"wp:attachment":[{"href":"https:\/\/diarioregionaldigital.com.br\/index.php?rest_route=%2Fwp%2Fv2%2Fmedia&parent=229468"}],"wp:term":[{"taxonomy":"category","embeddable":true,"href":"https:\/\/diarioregionaldigital.com.br\/index.php?rest_route=%2Fwp%2Fv2%2Fcategories&post=229468"},{"taxonomy":"post_tag","embeddable":true,"href":"https:\/\/diarioregionaldigital.com.br\/index.php?rest_route=%2Fwp%2Fv2%2Ftags&post=229468"}],"curies":[{"name":"wp","href":"https:\/\/api.w.org\/{rel}","templated":true}]}}