{"id":229463,"date":"2025-07-23T11:57:55","date_gmt":"2025-07-23T14:57:55","guid":{"rendered":"https:\/\/diarioregionaldigital.com.br\/?p=229463"},"modified":"2025-07-23T11:57:55","modified_gmt":"2025-07-23T14:57:55","slug":"assembleia-geral-extraordinaria-conjunto-residencial-parque-flamboyants-23-07-2025","status":"publish","type":"post","link":"https:\/\/diarioregionaldigital.com.br\/?p=229463","title":{"rendered":"ASSEMBLEIA GERAL EXTRAORDIN\u00c1RIA CONJUNTO RESIDENCIAL PARQUE FLAMBOYANTS &#8211; 23\/07\/2025"},"content":{"rendered":"<p class=\"s2\"><span class=\"s3\"><span class=\"bumpedFont15\">EDITAL DE CONVOCA\u00c7\u00c3O<\/span><\/span><\/p>\n<p class=\"s2\"><span class=\"s3\"><span class=\"bumpedFont15\">ASSEMBLEIA GERAL <\/span><\/span><span class=\"s3\"><span class=\"bumpedFont15\">EXTRA<\/span><\/span><span class=\"s3\"><span class=\"bumpedFont15\">ORDIN\u00c1RIA<\/span><\/span><span class=\"s3\"><span class=\"bumpedFont15\"><br \/>\n<\/span><\/span><span class=\"s3\"><span class=\"bumpedFont15\">CONJUNTO <\/span><\/span><span class=\"s3\"><span class=\"bumpedFont15\">RESIDENCIAL <\/span><\/span><span class=\"s3\"><span class=\"bumpedFont15\">PARQUE FLAMBOYANTS<\/span><\/span><\/p>\n<p class=\"s7\"><span class=\"s6\"><span class=\"bumpedFont15\">Juiz de Fora, <\/span><\/span><span class=\"s6\"><span class=\"bumpedFont15\">23<\/span><\/span><span class=\"s6\"><span class=\"bumpedFont15\"> de <\/span><\/span><span class=\"s6\"><span class=\"bumpedFont15\">Julho<\/span><\/span><span class=\"s6\"><span class=\"bumpedFont15\"> de 2025<\/span><\/span><span class=\"s6\"><span class=\"bumpedFont15\">.<\/span><\/span><\/p>\n<p class=\"s7\">\n<p class=\"s9\"><span class=\"s6\"><span class=\"bumpedFont15\">Na qualidade de s\u00ed<\/span><\/span><span class=\"s6\"><span class=\"bumpedFont15\">ndica<\/span><\/span><span class=\"s6\"><span class=\"bumpedFont15\"> do <\/span><\/span><span class=\"s6\"><span class=\"bumpedFont15\">C<\/span><\/span><span class=\"s6\"><span class=\"bumpedFont15\">onjunto <\/span><\/span><span class=\"s6\"><span class=\"bumpedFont15\">Residencial<\/span><\/span><span class=\"s6\"><span class=\"bumpedFont15\"> Parque Flamboyants<\/span><\/span><span class=\"s6\"><span class=\"bumpedFont15\">,<\/span><\/span> <span class=\"s6\"><span class=\"bumpedFont15\">situado a<\/span><\/span><span class=\"s6\"><span class=\"bumpedFont15\"> Rua Humberto <\/span><\/span><span class=\"s6\"><span class=\"bumpedFont15\">Menini<\/span><\/span><span class=\"s6\"><span class=\"bumpedFont15\">,<\/span><\/span> <span class=\"s6\"><span class=\"bumpedFont15\">n\u00ba 320- Borboleta<\/span><\/span><span class=\"s6\"><span class=\"bumpedFont15\">, Juiz de <\/span><\/span><span class=\"s6\"><span class=\"bumpedFont15\">Fora-MG, convido os demais cond\u00f4minos e moradores para <\/span><\/span><span class=\"s6\"><span class=\"bumpedFont15\">a\u00a0<\/span><\/span><span class=\"s8\"><span class=\"bumpedFont15\">ASSEMBLEIA GERAL <\/span><\/span><span class=\"s8\"><span class=\"bumpedFont15\">EXTRA<\/span><\/span><span class=\"s8\"><span class=\"bumpedFont15\">ORDIN\u00c1RIA<\/span><\/span><span class=\"s6\"><span class=\"bumpedFont15\">,<\/span><\/span><span class=\"s6\"><span class=\"bumpedFont15\"> que se far\u00e1 realizar <\/span><\/span><span class=\"s6\"><span class=\"bumpedFont15\">no pr\u00f3ximo<\/span><\/span><span class=\"s6\"><span class=\"bumpedFont15\"> dia<\/span><\/span> <span class=\"s6\"><span class=\"bumpedFont15\">\u00a0<\/span><\/span><span class=\"s8\"><span class=\"bumpedFont15\">30<\/span><\/span><span class=\"s8\"><span class=\"bumpedFont15\">de Julho de 2025<\/span><\/span> <span class=\"s6\"><span class=\"bumpedFont15\">(<\/span><\/span><span class=\"s6\"><span class=\"bumpedFont15\">quarta<\/span><\/span><span class=\"s6\"><span class=\"bumpedFont15\">-feira<\/span><\/span><span class=\"s6\"><span class=\"bumpedFont15\">)<\/span><\/span><span class=\"s6\"><span class=\"bumpedFont15\">,<\/span><\/span><span class=\"s6\"><span class=\"bumpedFont15\"> no sal\u00e3o de festas do condom\u00ednio,<\/span><\/span><span class=\"s6\"><span class=\"bumpedFont15\">\u00e0s\u00a0<\/span><\/span><span class=\"s8\"><span class=\"bumpedFont15\">19h00min<\/span><\/span> <span class=\"s6\"><span class=\"bumpedFont15\">em primeira convoca\u00e7\u00e3o<\/span><\/span> <span class=\"s6\"><span class=\"bumpedFont15\">com a presen\u00e7a <\/span><\/span><span class=\"s6\"><span class=\"bumpedFont15\">da maioria dos cond\u00f4minos <\/span><\/span><span class=\"s6\"><span class=\"bumpedFont15\">,<\/span><\/span><span class=\"s6\"><span class=\"bumpedFont15\">e \u00e0s <\/span><\/span><span class=\"s8\"><span class=\"bumpedFont15\">19h:30min<\/span><\/span><span class=\"s6\"><span class=\"bumpedFont15\"> em segunda e \u00faltima convoca\u00e7\u00e3o<\/span><\/span><span class=\"s6\"><span class=\"bumpedFont15\">, c<\/span><\/span><span class=\"s6\"><span class=\"bumpedFont15\">o<\/span><\/span><span class=\"s6\"><span class=\"bumpedFont15\">m qualquer n\u00famero de presentes<\/span><\/span><span class=\"s6\"><span class=\"bumpedFont15\">, afim de deliberarem sobre os seguintes assuntos em pauta : <\/span><\/span><\/p>\n<p class=\"s11\"><span class=\"s10\"><span class=\"bumpedFont15\">Ordem do Dia:<\/span><\/span><\/p>\n<div class=\"s13\"><span class=\"s12\">1. <\/span><span class=\"s6\"><span class=\"bumpedFont15\">Discuss\u00e3o e delibera\u00e7\u00e3o sobre a solicita\u00e7\u00e3o de entrega dos Balancetes F\u00edsicos a 01 (um) morador, para <\/span><\/span><span class=\"s6\"><span class=\"bumpedFont15\">poss\u00edvel Auditoria paga por ele, <\/span><\/span><span class=\"s6\"><span class=\"bumpedFont15\">mediante assinatura dos termos de responsabilidade, confidencialidade e com prazo determinado de devolu\u00e7\u00e3o<\/span><\/span><span class=\"s6\"><span class=\"bumpedFont15\">;<\/span><\/span><\/div>\n<div class=\"s13\"><span class=\"s12\">2. <\/span><span class=\"s6\"><span class=\"bumpedFont15\">Vota\u00e7\u00e3o para a<\/span><\/span><span class=\"s6\"><span class=\"bumpedFont15\">prova\u00e7\u00e3o <\/span><\/span><span class=\"s6\"><span class=\"bumpedFont15\">da manuten\u00e7\u00e3o<\/span><\/span><span class=\"s6\"><span class=\"bumpedFont15\"> do<\/span><\/span><span class=\"s6\"><span class=\"bumpedFont15\"> interfone com cria\u00e7\u00e3o de <\/span><\/span><span class=\"s6\"><span class=\"bumpedFont15\">taxa extra<\/span><\/span><span class=\"s6\"><span class=\"bumpedFont15\">;<\/span><\/span><\/div>\n<div class=\"s13\"><span class=\"s12\">3. <\/span><span class=\"s6\"><span class=\"bumpedFont15\">Mudan\u00e7a datas vencimento cesama para fixa vencimento boleto todo dia 10 de cada m\u00eas;<\/span><\/span><\/div>\n<div class=\"s13\"><span class=\"s12\">4. <\/span><a name=\"_GoBack\"><\/a><span class=\"s6\"><span class=\"bumpedFont15\">Apresenta\u00e7\u00e3o de or\u00e7amentos para: coloca\u00e7\u00e3o de c\u00e2meras; conservadora e reforma das fachadas; \u00a0 <\/span><\/span><\/div>\n<div class=\"s13\"><span class=\"s12\">5. <\/span><span class=\"s6\"><span class=\"bumpedFont15\">Assuntos Gerais;<\/span><\/span><\/div>\n<p class=\"s14\">\n<p class=\"s16\"><span class=\"s15\"><span class=\"bumpedFont15\">Em virtude dos assuntos a serem tratados, lembro a todos da conveni\u00eancia de comparecer<\/span><\/span><span class=\"s15\"><span class=\"bumpedFont15\"> ou<\/span><\/span><span class=\"s15\"><span class=\"bumpedFont15\"> se fazer representar por espec\u00edfica procura\u00e7\u00e3o. <\/span><\/span><\/p>\n<p class=\"s16\">\n<p class=\"s16\"><span class=\"s15\"><span class=\"bumpedFont15\">Esclare\u00e7o aos senhores cond\u00f4minos ou seus representantes que n\u00e3o poder\u00e3o votar e nem ser votado nas delibera\u00e7\u00f5es da <\/span><\/span><span class=\"s15\"><span class=\"bumpedFont15\">assembl\u00e9ia<\/span><\/span><span class=\"s15\"><span class=\"bumpedFont15\">, se n\u00e3o estiver em dia com suas obriga\u00e7\u00f5es condominiais, sendo nulos os seus votos e suas presen\u00e7as conforme a <\/span><\/span><span class=\"s17\"><span class=\"bumpedFont15\">lei n\u00ba 4.591\/64<\/span><\/span><span class=\"s15\"><span class=\"bumpedFont15\">. <\/span><\/span><\/p>\n<p class=\"s16\">\n<p class=\"s9\"><span class=\"s6\"><span class=\"bumpedFont15\">Ressalto ainda, que as decis\u00f5es tomadas em assembl\u00e9ia caber\u00e3o a todos inclusive aos ausentes. <\/span><\/span><\/p>\n<p class=\"s9\"><span class=\"s6\"><span class=\"bumpedFont15\">Sem mais, antecipo meu agra<\/span><\/span><span class=\"s6\"><span class=\"bumpedFont15\">decimento pela valiosa presen\u00e7a;<\/span><\/span><\/p>\n<p class=\"s18\">\n<p class=\"s19\"><span class=\"s6\"><span class=\"bumpedFont15\">Ana C\u00e2<\/span><\/span><span class=\"s6\"><span class=\"bumpedFont15\">ndida <\/span><\/span><span class=\"s6\"><span class=\"bumpedFont15\">Rodrigues Lima<\/span><\/span><\/p>\n<p class=\"s19\"><span class=\"s6\"><span class=\"bumpedFont15\">S\u00edndica<\/span><\/span><\/p>\n<p class=\"s19\">\n<p class=\"s19\">\n","protected":false},"excerpt":{"rendered":"<p>EDITAL DE CONVOCA\u00c7\u00c3O ASSEMBLEIA GERAL EXTRAORDIN\u00c1RIA CONJUNTO RESIDENCIAL PARQUE FLAMBOYANTS Juiz de Fora, 23 de Julho de 2025. Na qualidade de s\u00edndica do Conjunto Residencial Parque Flamboyants, situado a Rua Humberto Menini, n\u00ba 320- Borboleta, Juiz de Fora-MG, convido os demais cond\u00f4minos e moradores para a\u00a0ASSEMBLEIA GERAL EXTRAORDIN\u00c1RIA, que se far\u00e1 realizar no pr\u00f3ximo dia [&hellip;]<\/p>\n","protected":false},"author":246,"featured_media":0,"comment_status":"closed","ping_status":"closed","sticky":false,"template":"","format":"standard","meta":{"footnotes":""},"categories":[307],"tags":[],"class_list":["post-229463","post","type-post","status-publish","format-standard","hentry","category-editais"],"_links":{"self":[{"href":"https:\/\/diarioregionaldigital.com.br\/index.php?rest_route=\/wp\/v2\/posts\/229463","targetHints":{"allow":["GET"]}}],"collection":[{"href":"https:\/\/diarioregionaldigital.com.br\/index.php?rest_route=\/wp\/v2\/posts"}],"about":[{"href":"https:\/\/diarioregionaldigital.com.br\/index.php?rest_route=\/wp\/v2\/types\/post"}],"author":[{"embeddable":true,"href":"https:\/\/diarioregionaldigital.com.br\/index.php?rest_route=\/wp\/v2\/users\/246"}],"replies":[{"embeddable":true,"href":"https:\/\/diarioregionaldigital.com.br\/index.php?rest_route=%2Fwp%2Fv2%2Fcomments&post=229463"}],"version-history":[{"count":1,"href":"https:\/\/diarioregionaldigital.com.br\/index.php?rest_route=\/wp\/v2\/posts\/229463\/revisions"}],"predecessor-version":[{"id":229464,"href":"https:\/\/diarioregionaldigital.com.br\/index.php?rest_route=\/wp\/v2\/posts\/229463\/revisions\/229464"}],"wp:attachment":[{"href":"https:\/\/diarioregionaldigital.com.br\/index.php?rest_route=%2Fwp%2Fv2%2Fmedia&parent=229463"}],"wp:term":[{"taxonomy":"category","embeddable":true,"href":"https:\/\/diarioregionaldigital.com.br\/index.php?rest_route=%2Fwp%2Fv2%2Fcategories&post=229463"},{"taxonomy":"post_tag","embeddable":true,"href":"https:\/\/diarioregionaldigital.com.br\/index.php?rest_route=%2Fwp%2Fv2%2Ftags&post=229463"}],"curies":[{"name":"wp","href":"https:\/\/api.w.org\/{rel}","templated":true}]}}