{"id":229454,"date":"2025-07-22T19:20:03","date_gmt":"2025-07-22T22:20:03","guid":{"rendered":"https:\/\/diarioregionaldigital.com.br\/?p=229454"},"modified":"2025-07-22T19:20:03","modified_gmt":"2025-07-22T22:20:03","slug":"cuidado-com-a-zona-rural-empav-inicia-pavimentacao-de-vias-no-distrito-de-humaita-de-minas","status":"publish","type":"post","link":"https:\/\/diarioregionaldigital.com.br\/?p=229454","title":{"rendered":"Cuidado com a Zona Rural &#8211; Empav inicia pavimenta\u00e7\u00e3o de vias no distrito de Humait\u00e1 de Minas"},"content":{"rendered":"<p>Segundo informa\u00e7\u00f5es do site da Prefeitura de Juiz de Fora (PJF),\u00a0 melhorar as condi\u00e7\u00f5es das ruas da cidade tamb\u00e9m \u00e9 Boniteza. Nesta ter\u00e7a-feira, 22, equipes da Empresa Municipal de Pavimenta\u00e7\u00e3o e Urbanidades (Empav) iniciaram os trabalhos de pavimenta\u00e7\u00e3o de diversas vias do distrito de Humait\u00e1 de Minas, na Zona Norte. A interven\u00e7\u00e3o, que foi iniciada na rua Ant\u00f4nio Jacinto de Oliveira, seguir\u00e1 por outras seis ruas, al\u00e9m da avenida Sebasti\u00e3o Carlos Rezende e da travessa Lindolfo Rodrigues de Aquino.<\/p>\n<p>A previs\u00e3o \u00e9 que os servi\u00e7os sejam conclu\u00eddos at\u00e9 a segunda semana de agosto. No total, ser\u00e3o pavimentados quase dois quil\u00f4metros de extens\u00e3o de via, cobrindo todas as ruas regularizadas do Distrito. Sendo assim, Humait\u00e1 passar\u00e1 a contar com pavimenta\u00e7\u00e3o asf\u00e1ltica de qualidade em toda a sua extens\u00e3o. \u00c9 mais acesso, conforto, seguran\u00e7a e mobilidade urbana para todos e todas.<\/p>\n<p>Confira a lista completa de vias que ser\u00e3o atendidas:<\/p>\n<p>&#8211; Rua Ant\u00f4nio Jacinto de Oliveira<\/p>\n<p>&#8211; Avenida Sebasti\u00e3o Carlos Rezende<\/p>\n<p>&#8211; Rua Prudente Jos\u00e9 de Oliveira<\/p>\n<p>&#8211; Rua Lindolfo Henriques de Aquino<\/p>\n<p>&#8211; Rua Jayme Henrique Lopes<\/p>\n<p>&#8211; Rua Coronel Benjamin Correia<\/p>\n<p>&#8211; Rua Paulo Lul\u00fa de Oliveira<\/p>\n<p>&#8211; Travessa Lindolfo Henriques de Aquino<\/p>\n<p>Todos os trabalhos de zeladoria do munic\u00edpio fazem parte do Programa Boniteza. A programa\u00e7\u00e3o completa das atividades realizadas pela PJF pode ser consultada atrav\u00e9s da p\u00e1gina do Gabinete de A\u00e7\u00e3o e Di\u00e1logo Comunit\u00e1rio, pelo\u00a0<a href=\"https:\/\/www.pjf.mg.gov.br\/gabinetecomunitario\/#onde\" target=\"_blank\" rel=\"noopener\">link<\/a>. Para solicitar os servi\u00e7os, basta entrar em contato com o Gabinete, atrav\u00e9s do telefone (32) 3690-7241 ou pelo WhatsApp utilizando o mesmo n\u00famero.<\/p>\n","protected":false},"excerpt":{"rendered":"<p>Segundo informa\u00e7\u00f5es do site da Prefeitura de Juiz de Fora (PJF),\u00a0 melhorar as condi\u00e7\u00f5es das ruas da cidade tamb\u00e9m \u00e9 Boniteza. Nesta ter\u00e7a-feira, 22, equipes da Empresa Municipal de Pavimenta\u00e7\u00e3o e Urbanidades (Empav) iniciaram os trabalhos de pavimenta\u00e7\u00e3o de diversas vias do distrito de Humait\u00e1 de Minas, na Zona Norte. A interven\u00e7\u00e3o, que foi iniciada [&hellip;]<\/p>\n","protected":false},"author":246,"featured_media":229455,"comment_status":"closed","ping_status":"closed","sticky":false,"template":"","format":"standard","meta":{"footnotes":""},"categories":[253,436,439],"tags":[],"class_list":["post-229454","post","type-post","status-publish","format-standard","has-post-thumbnail","hentry","category-cidade","category-destaque-da-semana","category-ultima-hora"],"_links":{"self":[{"href":"https:\/\/diarioregionaldigital.com.br\/index.php?rest_route=\/wp\/v2\/posts\/229454","targetHints":{"allow":["GET"]}}],"collection":[{"href":"https:\/\/diarioregionaldigital.com.br\/index.php?rest_route=\/wp\/v2\/posts"}],"about":[{"href":"https:\/\/diarioregionaldigital.com.br\/index.php?rest_route=\/wp\/v2\/types\/post"}],"author":[{"embeddable":true,"href":"https:\/\/diarioregionaldigital.com.br\/index.php?rest_route=\/wp\/v2\/users\/246"}],"replies":[{"embeddable":true,"href":"https:\/\/diarioregionaldigital.com.br\/index.php?rest_route=%2Fwp%2Fv2%2Fcomments&post=229454"}],"version-history":[{"count":1,"href":"https:\/\/diarioregionaldigital.com.br\/index.php?rest_route=\/wp\/v2\/posts\/229454\/revisions"}],"predecessor-version":[{"id":229456,"href":"https:\/\/diarioregionaldigital.com.br\/index.php?rest_route=\/wp\/v2\/posts\/229454\/revisions\/229456"}],"wp:featuredmedia":[{"embeddable":true,"href":"https:\/\/diarioregionaldigital.com.br\/index.php?rest_route=\/wp\/v2\/media\/229455"}],"wp:attachment":[{"href":"https:\/\/diarioregionaldigital.com.br\/index.php?rest_route=%2Fwp%2Fv2%2Fmedia&parent=229454"}],"wp:term":[{"taxonomy":"category","embeddable":true,"href":"https:\/\/diarioregionaldigital.com.br\/index.php?rest_route=%2Fwp%2Fv2%2Fcategories&post=229454"},{"taxonomy":"post_tag","embeddable":true,"href":"https:\/\/diarioregionaldigital.com.br\/index.php?rest_route=%2Fwp%2Fv2%2Ftags&post=229454"}],"curies":[{"name":"wp","href":"https:\/\/api.w.org\/{rel}","templated":true}]}}