{"id":229451,"date":"2025-07-22T19:19:02","date_gmt":"2025-07-22T22:19:02","guid":{"rendered":"https:\/\/diarioregionaldigital.com.br\/?p=229451"},"modified":"2025-07-22T19:19:02","modified_gmt":"2025-07-22T22:19:02","slug":"juiz-de-fora-usara-micro-onibus-movido-a-biometano-em-acao-pioneira-de-mobilidade-sustentavel","status":"publish","type":"post","link":"https:\/\/diarioregionaldigital.com.br\/?p=229451","title":{"rendered":"Juiz de Fora usar\u00e1 micro-\u00f4nibus movido a biometano em a\u00e7\u00e3o pioneira de mobilidade sustent\u00e1vel"},"content":{"rendered":"<p>Segundo informa\u00e7\u00f5es do site da Prefeitura de Juiz de Fora (PJF),\u00a0 a PJF firmou nesta segunda-feira, 21, um Termo de Coopera\u00e7\u00e3o com a empresa Marcopolo\/Volare para iniciar as demonstra\u00e7\u00f5es sobre a viabilidade da implementa\u00e7\u00e3o de micro-\u00f4nibus movido a GNV\/Biometano no sistema de transporte p\u00fablico da cidade.<\/p>\n<p>O acordo foi assinado pela prefeita Margarida Salom\u00e3o durante o Workshop \u201cIntelig\u00eancia Aplicada \u00e0 Gest\u00e3o de Res\u00edduos e Energias\u201d, promovido pelo Grupo de Trabalho (GT) Novas Energias.<\/p>\n<p>Com capacidade para 37 passageiros, o ve\u00edculo come\u00e7a a circular pelas pr\u00f3ximas semanas, para avalia\u00e7\u00e3o t\u00e9cnica, gratuitamente, reproduzindo o itiner\u00e1rio da linha 630 (Rodovi\u00e1ria),\u00a0a partir de sexta-feira, 25.\u00a0<strong>A circula\u00e7\u00e3o ser\u00e1 de forma experimental, sem ser inclu\u00eddo no sistema de transporte municipal.\u00a0Em seguida, ser\u00e1 utilizado na linha 535, segundo os mesmos crit\u00e9rios<\/strong>. A an\u00e1lise de efici\u00eancia energ\u00e9tica ser\u00e1 realizada por meio do conv\u00eanio \u201c\u00d3tima Energia\u201d, uma parceria entre a PJF e a Universidade Federal de Juiz de Fora (UFJF).<\/p>\n<p>Na ter\u00e7a-feira, 22, a prefeita realizou visita de reconhecimento aos ve\u00edculos movidos a biocombust\u00edveis na Pra\u00e7a Ant\u00f4nio Carlos. \u201cCom a gera\u00e7\u00e3o do biometano a partir de res\u00edduos que a sociedade joga fora, n\u00f3s poderemos abastecer o sistema de mobilidade urbana em Juiz de Fora\u201d, destacou Margarida Salom\u00e3o ao dialogar com representantes da Gasmig, t\u00e9cnicos da empresa concession\u00e1ria e da universidade.<\/p>\n<p>A iniciativa refor\u00e7a a pol\u00edtica municipal de mobilidade urbana sustent\u00e1vel e a estrat\u00e9gia integrada de gest\u00e3o de res\u00edduos s\u00f3lidos, em sintonia com o projeto da futura usina de compostagem e gera\u00e7\u00e3o de biometano em desenvolvimento pela Prefeitura.<\/p>\n","protected":false},"excerpt":{"rendered":"<p>Segundo informa\u00e7\u00f5es do site da Prefeitura de Juiz de Fora (PJF),\u00a0 a PJF firmou nesta segunda-feira, 21, um Termo de Coopera\u00e7\u00e3o com a empresa Marcopolo\/Volare para iniciar as demonstra\u00e7\u00f5es sobre a viabilidade da implementa\u00e7\u00e3o de micro-\u00f4nibus movido a GNV\/Biometano no sistema de transporte p\u00fablico da cidade. O acordo foi assinado pela prefeita Margarida Salom\u00e3o durante [&hellip;]<\/p>\n","protected":false},"author":246,"featured_media":229452,"comment_status":"closed","ping_status":"closed","sticky":false,"template":"","format":"standard","meta":{"footnotes":""},"categories":[253,436,440,439],"tags":[],"class_list":["post-229451","post","type-post","status-publish","format-standard","has-post-thumbnail","hentry","category-cidade","category-destaque-da-semana","category-destaques-do-dia","category-ultima-hora"],"_links":{"self":[{"href":"https:\/\/diarioregionaldigital.com.br\/index.php?rest_route=\/wp\/v2\/posts\/229451","targetHints":{"allow":["GET"]}}],"collection":[{"href":"https:\/\/diarioregionaldigital.com.br\/index.php?rest_route=\/wp\/v2\/posts"}],"about":[{"href":"https:\/\/diarioregionaldigital.com.br\/index.php?rest_route=\/wp\/v2\/types\/post"}],"author":[{"embeddable":true,"href":"https:\/\/diarioregionaldigital.com.br\/index.php?rest_route=\/wp\/v2\/users\/246"}],"replies":[{"embeddable":true,"href":"https:\/\/diarioregionaldigital.com.br\/index.php?rest_route=%2Fwp%2Fv2%2Fcomments&post=229451"}],"version-history":[{"count":1,"href":"https:\/\/diarioregionaldigital.com.br\/index.php?rest_route=\/wp\/v2\/posts\/229451\/revisions"}],"predecessor-version":[{"id":229453,"href":"https:\/\/diarioregionaldigital.com.br\/index.php?rest_route=\/wp\/v2\/posts\/229451\/revisions\/229453"}],"wp:featuredmedia":[{"embeddable":true,"href":"https:\/\/diarioregionaldigital.com.br\/index.php?rest_route=\/wp\/v2\/media\/229452"}],"wp:attachment":[{"href":"https:\/\/diarioregionaldigital.com.br\/index.php?rest_route=%2Fwp%2Fv2%2Fmedia&parent=229451"}],"wp:term":[{"taxonomy":"category","embeddable":true,"href":"https:\/\/diarioregionaldigital.com.br\/index.php?rest_route=%2Fwp%2Fv2%2Fcategories&post=229451"},{"taxonomy":"post_tag","embeddable":true,"href":"https:\/\/diarioregionaldigital.com.br\/index.php?rest_route=%2Fwp%2Fv2%2Ftags&post=229451"}],"curies":[{"name":"wp","href":"https:\/\/api.w.org\/{rel}","templated":true}]}}