{"id":229441,"date":"2025-07-22T19:11:31","date_gmt":"2025-07-22T22:11:31","guid":{"rendered":"https:\/\/diarioregionaldigital.com.br\/?p=229441"},"modified":"2025-07-22T19:11:31","modified_gmt":"2025-07-22T22:11:31","slug":"governo-de-minas-entrega-novo-anexo-do-presidio-de-alfenas-no-sul-de-minas","status":"publish","type":"post","link":"https:\/\/diarioregionaldigital.com.br\/?p=229441","title":{"rendered":"Governo de Minas entrega novo anexo do Pres\u00eddio de Alfenas, no Sul de Minas"},"content":{"rendered":"<p>O\u00a0<a href=\"https:\/\/www.mg.gov.br\/\" target=\"_blank\" rel=\"noopener\">Governo de Minas Gerais<\/a>\u00a0deu mais um passo importante para o fortalecimento das unidades do\u00a0<a href=\"https:\/\/depen.seguranca.mg.gov.br\/\" target=\"_blank\" rel=\"noopener\">Departamento Penitenci\u00e1rio de Minas Gerais (Depen-MG)<\/a>. Nesta segunda-feira (21\/7), foi inaugurado o anexo do Pres\u00eddio de Alfenas, no Sul de Minas, com 306 vagas.<\/p>\n<p>Mais de R$ 16 milh\u00f5es foram investidos nas obras realizadas por meio de uma parceria entre a\u00a0<a href=\"https:\/\/www.seguranca.mg.gov.br\/\" target=\"_blank\" rel=\"noopener\">Secretaria de Estado de Justi\u00e7a e Seguran\u00e7a P\u00fablica (Sejusp)<\/a>\u00a0e a\u00a0<a href=\"http:\/\/www.infraestrutura.mg.gov.br\/\" target=\"_blank\" rel=\"noopener\">Secretaria de Estado de Infraestrutura, Mobilidade e Parcerias (Seinfra)<\/a>.<\/p>\n<figure class=\"image\"><img decoding=\"async\" src=\"https:\/\/www.agenciaminas.mg.gov.br\/ckeditor_assets\/pictures\/23198\/content_img-20250721-wa0054.jpg\" alt=\"\" \/><figcaption><sub><em>Tiago Ciccarini \/ Sejusp<\/em><\/sub><\/figcaption><\/figure>\n<p>A nova estrutura foi constru\u00edda com recursos provenientes do Estado e do Governo Federal. A capacidade total do pres\u00eddio passou de 196 para 502 vagas, um aumento de quase 160%.<\/p>\n<p>O espa\u00e7o, destinado a detentos do sexo masculino, conta com duas alas, 37 celas equipadas com beliches, duas celas destinadas para pessoas com defici\u00eancia f\u00edsica, al\u00e9m de ala para encontro \u00edntimo, p\u00e1tio para banho de sol, p\u00e1tio para visita\u00e7\u00e3o e salas multiuso. A unidade conta com um acesso que permite aos policiais fazer a libera\u00e7\u00e3o dos detentos para o tr\u00e2nsito interno sem a necessidade do contato f\u00edsico.<\/p>\n<p>De acordo com o secret\u00e1rio de Estado de Justi\u00e7a e Seguran\u00e7a P\u00fablica, Rog\u00e9rio Greco, o novo modelo de constru\u00e7\u00e3o foi projetado n\u00e3o apenas para facilitar a log\u00edstica da unidade prisional, indo al\u00e9m disso, em v\u00e1rios aspectos.<\/p>\n<p>\u201cEstamos inaugurando um anexo que reafirma claramente o prop\u00f3sito do Governo do Estado, \u00e0 medida que n\u00e3o apenas vai garantir ainda mais dignidade no cumprimento da pena, mas tamb\u00e9m ir\u00e1 ampliar a seguran\u00e7a para servidores e visitantes\u201d, destacou.<\/p>\n<p>O diretor-geral do Pres\u00eddio de Alfenas, Marco Aur\u00e9lio Bispo Silva, destacou que a entrega representa um importante avan\u00e7o para o sistema prisional, evidenciando o compromisso de Minas com a seguran\u00e7a da sociedade e dos servidores que atuam dentro das unidades prisionais e, ainda, oferece mais dignidade no cumprimento da pena.<\/p>\n<p>Fonte: Ag\u00eancia Minas<\/p>\n","protected":false},"excerpt":{"rendered":"<p>O\u00a0Governo de Minas Gerais\u00a0deu mais um passo importante para o fortalecimento das unidades do\u00a0Departamento Penitenci\u00e1rio de Minas Gerais (Depen-MG). Nesta segunda-feira (21\/7), foi inaugurado o anexo do Pres\u00eddio de Alfenas, no Sul de Minas, com 306 vagas. Mais de R$ 16 milh\u00f5es foram investidos nas obras realizadas por meio de uma parceria entre a\u00a0Secretaria de [&hellip;]<\/p>\n","protected":false},"author":246,"featured_media":229443,"comment_status":"closed","ping_status":"closed","sticky":false,"template":"","format":"standard","meta":{"footnotes":""},"categories":[301,436,261,254,439],"tags":[],"class_list":["post-229441","post","type-post","status-publish","format-standard","has-post-thumbnail","hentry","category-artigos-policiais","category-destaque-da-semana","category-economia","category-politica","category-ultima-hora"],"_links":{"self":[{"href":"https:\/\/diarioregionaldigital.com.br\/index.php?rest_route=\/wp\/v2\/posts\/229441","targetHints":{"allow":["GET"]}}],"collection":[{"href":"https:\/\/diarioregionaldigital.com.br\/index.php?rest_route=\/wp\/v2\/posts"}],"about":[{"href":"https:\/\/diarioregionaldigital.com.br\/index.php?rest_route=\/wp\/v2\/types\/post"}],"author":[{"embeddable":true,"href":"https:\/\/diarioregionaldigital.com.br\/index.php?rest_route=\/wp\/v2\/users\/246"}],"replies":[{"embeddable":true,"href":"https:\/\/diarioregionaldigital.com.br\/index.php?rest_route=%2Fwp%2Fv2%2Fcomments&post=229441"}],"version-history":[{"count":1,"href":"https:\/\/diarioregionaldigital.com.br\/index.php?rest_route=\/wp\/v2\/posts\/229441\/revisions"}],"predecessor-version":[{"id":229444,"href":"https:\/\/diarioregionaldigital.com.br\/index.php?rest_route=\/wp\/v2\/posts\/229441\/revisions\/229444"}],"wp:featuredmedia":[{"embeddable":true,"href":"https:\/\/diarioregionaldigital.com.br\/index.php?rest_route=\/wp\/v2\/media\/229443"}],"wp:attachment":[{"href":"https:\/\/diarioregionaldigital.com.br\/index.php?rest_route=%2Fwp%2Fv2%2Fmedia&parent=229441"}],"wp:term":[{"taxonomy":"category","embeddable":true,"href":"https:\/\/diarioregionaldigital.com.br\/index.php?rest_route=%2Fwp%2Fv2%2Fcategories&post=229441"},{"taxonomy":"post_tag","embeddable":true,"href":"https:\/\/diarioregionaldigital.com.br\/index.php?rest_route=%2Fwp%2Fv2%2Ftags&post=229441"}],"curies":[{"name":"wp","href":"https:\/\/api.w.org\/{rel}","templated":true}]}}