{"id":229435,"date":"2025-07-22T19:07:35","date_gmt":"2025-07-22T22:07:35","guid":{"rendered":"https:\/\/diarioregionaldigital.com.br\/?p=229435"},"modified":"2025-07-22T19:07:35","modified_gmt":"2025-07-22T22:07:35","slug":"governo-de-minas-inaugura-dois-novos-abrigos-para-embarque-e-desembarque-de-onibus-na-cidade-administrativa","status":"publish","type":"post","link":"https:\/\/diarioregionaldigital.com.br\/?p=229435","title":{"rendered":"Governo de Minas inaugura dois novos abrigos para embarque e desembarque de \u00f4nibus na Cidade Administrativa"},"content":{"rendered":"<p><main class=\"clear margin-md-bottom-3\"><\/p>\n<div class=\"clear \">\n<p>A Cidade Administrativa de Minas Gerais (CAMG), sede do\u00a0<a href=\"https:\/\/www.mg.gov.br\/\" target=\"_blank\" rel=\"noopener\">Governo do Estado<\/a>,\u00a0passou a contar, nesta segunda-feira (21\/7), com mais dois abrigos para embarque e desembarque de \u00f4nibus. As novas estruturas inauguradas pelo Governo de Minas ficam pr\u00f3ximas aos pr\u00e9dios Tiradentes e Alterosas, beneficiando servidores e frequentadores. A iniciativa foi executada pelas secretarias de\u00a0<a href=\"https:\/\/www.mg.gov.br\/planejamento\" target=\"_blank\" rel=\"noopener\">Estado de Planejamento e Gest\u00e3o (Seplag-MG)<\/a>\u00a0e de\u00a0<a href=\"https:\/\/www.infraestrutura.mg.gov.br\/\" target=\"_blank\" rel=\"noopener\">Infraestrutura, Mobilidade e Parcerias (Seinfra-MG)<\/a>.<\/p>\n<p>Al\u00e9m dos dois novos abrigos, outros dois pontos de \u00f4nibus no estacionamento j\u00e1 haviam sido inaugurados para os usu\u00e1rios em mar\u00e7o deste ano. As estruturas foram previstas no projeto arquitet\u00f4nico de Oscar Niemeyer e seguem a mesma concep\u00e7\u00e3o arquitet\u00f4nica das edifica\u00e7\u00f5es da sede administrativa do Executivo mineiro.<\/p>\n<p>\u201cEsse projeto demonstra os esfor\u00e7os do Governo de Minas em proporcionar um ambiente de trabalho seguro e mais agrad\u00e1vel para os usu\u00e1rios da Cidade Administrativa. Estamos atendendo uma demanda dos servidores, garantindo que o acesso ao complexo seja mais confort\u00e1vel\u201d, afirma a intendente da Cidade Administrativa, Marilene Bretas.<\/p>\n<p>A entrega faz parte de uma obra maior que est\u00e1 sendo realizada na sede. A pr\u00f3xima inaugura\u00e7\u00e3o ser\u00e1 a etapa final das constru\u00e7\u00f5es, que inclui outros dois abrigos e dois caminhos cobertos para atender os pr\u00e9dios Minas e Gerais. O valor total do projeto \u00e9 R$ 8,5 milh\u00f5es e busca proporcionar mais comodidade e funcionalidade aos frequentadores do complexo.<\/p>\n<p>\u201cEsse conjunto de melhorias estruturais planejadas para a Cidade Administrativa visa qualificar os espa\u00e7os de circula\u00e7\u00e3o e atendimento ao p\u00fablico. A conclus\u00e3o de mais essa etapa representa um avan\u00e7o na infraestrutura do complexo, refor\u00e7ando o compromisso do Governo de Minas com a efici\u00eancia na gest\u00e3o p\u00fablica e com o bem-estar de servidores e cidad\u00e3os\u201d, destaca a subsecret\u00e1ria de Edifica\u00e7\u00f5es da Seinfra-MG, D\u00e9bora Dias do Carmo.<\/p>\n<p>As estruturas s\u00e3o amplas, feitas em concreto armado e contam com recuo para a entrada e sa\u00edda dos \u00f4nibus, garantindo acessibilidade e conforto. Outro cuidado\u00a0que proporciona mais seguran\u00e7a aos usu\u00e1rios \u00e9 a boa ilumina\u00e7\u00e3o e c\u00e2meras de vigil\u00e2ncia instaladas nos locais. Os recursos s\u00e3o do\u00a0<a href=\"https:\/\/www.mg.gov.br\/pro-brumadinho\/pagina\/reparacao-brumadinho-programa-de-fortalecimento-do-servico-publico-anexo-iv\" target=\"_blank\" rel=\"noopener\">Acordo de Repara\u00e7\u00e3o de Brumadinho<\/a>, referentes ao montante destinado ao fortalecimento dos servi\u00e7os p\u00fablicos.<\/p>\n<p><strong>Outras melhorias<\/strong><\/p>\n<p>Neste ano, outras entregas e melhorias j\u00e1 foram realizadas na Cidade Administrativa. As mais recentes s\u00e3o: uma nova linha de \u00f4nibus gratuita para acesso dos servidores \u00e0 sede\u00a0\u2013 saindo de local pr\u00f3ximo \u00e0 Esta\u00e7\u00e3o Pampulha &#8211; e uma frota renovada de \u00f4nibus, com ve\u00edculos mais modernos e confort\u00e1veis para atender o deslocamento no complexo.<\/p>\n<p>As copas e refeit\u00f3rios tamb\u00e9m foram reformadas, com troca dos arm\u00e1rios, plotagem das paredes e aquisi\u00e7\u00e3o de micro-ondas. As salas de reuni\u00e3o foram revitalizadas, com troca das cadeiras, instala\u00e7\u00e3o de novos televisores, reformas dos cabeamentos e dos flip charts.<\/p>\n<p>Ainda foram adquiridos novos puffs para as salas de descanso, criado um espa\u00e7o de lazer e iniciado o projeto Livros Em Movimento, que disponibiliza uma troca de livros entre servidores.<\/p>\n<p>Fonte: Ag\u00eancia Minas<\/p>\n<\/div>\n<p><\/main><\/p>\n","protected":false},"excerpt":{"rendered":"<p>A Cidade Administrativa de Minas Gerais (CAMG), sede do\u00a0Governo do Estado,\u00a0passou a contar, nesta segunda-feira (21\/7), com mais dois abrigos para embarque e desembarque de \u00f4nibus. As novas estruturas inauguradas pelo Governo de Minas ficam pr\u00f3ximas aos pr\u00e9dios Tiradentes e Alterosas, beneficiando servidores e frequentadores. A iniciativa foi executada pelas secretarias de\u00a0Estado de Planejamento e [&hellip;]<\/p>\n","protected":false},"author":246,"featured_media":229436,"comment_status":"closed","ping_status":"closed","sticky":false,"template":"","format":"standard","meta":{"footnotes":""},"categories":[436,440,261,254,439],"tags":[],"class_list":["post-229435","post","type-post","status-publish","format-standard","has-post-thumbnail","hentry","category-destaque-da-semana","category-destaques-do-dia","category-economia","category-politica","category-ultima-hora"],"_links":{"self":[{"href":"https:\/\/diarioregionaldigital.com.br\/index.php?rest_route=\/wp\/v2\/posts\/229435","targetHints":{"allow":["GET"]}}],"collection":[{"href":"https:\/\/diarioregionaldigital.com.br\/index.php?rest_route=\/wp\/v2\/posts"}],"about":[{"href":"https:\/\/diarioregionaldigital.com.br\/index.php?rest_route=\/wp\/v2\/types\/post"}],"author":[{"embeddable":true,"href":"https:\/\/diarioregionaldigital.com.br\/index.php?rest_route=\/wp\/v2\/users\/246"}],"replies":[{"embeddable":true,"href":"https:\/\/diarioregionaldigital.com.br\/index.php?rest_route=%2Fwp%2Fv2%2Fcomments&post=229435"}],"version-history":[{"count":1,"href":"https:\/\/diarioregionaldigital.com.br\/index.php?rest_route=\/wp\/v2\/posts\/229435\/revisions"}],"predecessor-version":[{"id":229437,"href":"https:\/\/diarioregionaldigital.com.br\/index.php?rest_route=\/wp\/v2\/posts\/229435\/revisions\/229437"}],"wp:featuredmedia":[{"embeddable":true,"href":"https:\/\/diarioregionaldigital.com.br\/index.php?rest_route=\/wp\/v2\/media\/229436"}],"wp:attachment":[{"href":"https:\/\/diarioregionaldigital.com.br\/index.php?rest_route=%2Fwp%2Fv2%2Fmedia&parent=229435"}],"wp:term":[{"taxonomy":"category","embeddable":true,"href":"https:\/\/diarioregionaldigital.com.br\/index.php?rest_route=%2Fwp%2Fv2%2Fcategories&post=229435"},{"taxonomy":"post_tag","embeddable":true,"href":"https:\/\/diarioregionaldigital.com.br\/index.php?rest_route=%2Fwp%2Fv2%2Ftags&post=229435"}],"curies":[{"name":"wp","href":"https:\/\/api.w.org\/{rel}","templated":true}]}}