{"id":229428,"date":"2025-07-21T17:25:06","date_gmt":"2025-07-21T20:25:06","guid":{"rendered":"https:\/\/diarioregionaldigital.com.br\/?p=229428"},"modified":"2025-07-21T17:25:06","modified_gmt":"2025-07-21T20:25:06","slug":"museu-mariano-procopio-promove-programacao-especial-de-ferias-a-partir-da-proxima-terca-feira-22","status":"publish","type":"post","link":"https:\/\/diarioregionaldigital.com.br\/?p=229428","title":{"rendered":"Museu Mariano Proc\u00f3pio promove programa\u00e7\u00e3o especial de f\u00e9rias a partir da pr\u00f3xima ter\u00e7a-feira, 22"},"content":{"rendered":"<p>Segundo informa\u00e7\u00f5es do site da Prefeitura de Juiz de Fora (PJF), a Funda\u00e7\u00e3o Museu Mariano Proc\u00f3pio (Mapro), vinculada \u00e0 Prefeitura de Juiz de Fora (PJF), preparou uma programa\u00e7\u00e3o especial para o per\u00edodo de f\u00e9rias escolares, com atividades gratuitas voltadas a p\u00fablicos de todas as idades. Entre os dias 22 de julho e 1\u00ba de agosto, o museu promover\u00e1 oficinas, visitas guiadas e apresenta\u00e7\u00f5es musicais em seus espa\u00e7os, unindo arte, cultura, hist\u00f3ria e natureza.<\/p>\n<p>A diretora da Mapro, Ana Maria Werneck, destaca o car\u00e1ter educativo e integrador da iniciativa: \u201cNosso objetivo \u00e9 oferecer ao p\u00fablico uma programa\u00e7\u00e3o cont\u00ednua de atividades educativas, culturais e ambientais que promovam a valoriza\u00e7\u00e3o do patrim\u00f4nio, o contato com as artes, a consci\u00eancia ecol\u00f3gica e a intera\u00e7\u00e3o sens\u00edvel com os espa\u00e7os do Museu Mariano Proc\u00f3pio.\u201d<\/p>\n<p>As oficinas infantis ter\u00e3o dura\u00e7\u00e3o de 50 minutos e as crian\u00e7as dever\u00e3o estar acompanhadas por um respons\u00e1vel. Ao final de cada atividade, ser\u00e1 poss\u00edvel aproveitar livremente os espa\u00e7os do museu e do parque.<\/p>\n<p>As inscri\u00e7\u00f5es estar\u00e3o abertas a partir de segunda-feira, 21, por meio da plataforma <a href=\"https:\/\/www.sympla.com.br\/evento\/programacao-de-ferias-do-museu-mariano-procopio\/3040683?referrer=www.google.com\">Sympla<\/a>. D\u00favidas podem ser esclarecidas pelo telefone <a href=\"tel:(32) 3690-2200\">(32) 3690-2200<\/a>.<\/p>\n<p><strong>Confira a programa\u00e7\u00e3o completa:<\/strong><\/p>\n<p>Semana 1 | 22 a 25 de julho<br \/>\n14h \u2013 Visitas mediadas na exposi\u00e7\u00e3o \u201cFios de Mem\u00f3ria\u201d<br \/>\nFaixa et\u00e1ria: livre | Sem necessidade de inscri\u00e7\u00e3o<br \/>\nLocal: Entrada do pr\u00e9dio Mariano Proc\u00f3pio<\/p>\n<p>S\u00e1bado, 26\/07<br \/>\n16h \u2013 Sala de M\u00fasica<br \/>\n36\u00ba Festival Internacional de M\u00fasica Colonial Brasileira e M\u00fasica Antiga apresenta<br \/>\n\u201cCamille Saint-Sa\u00ebns: Um franc\u00eas em harmonia com o Brasil\u201d, com o pianista Marco Orsini-Brescia<br \/>\nFaixa et\u00e1ria: livre<\/p>\n<p>Semana 2 | 29 de julho a 1\u00ba de agosto<br \/>\nTer\u00e7a-feira, 29\/07<\/p>\n<p>9h30 \u2013 Oficina \u201cDescobrindo o Parque\u201d<br \/>\n20 vagas | Faixa et\u00e1ria: 5 a 6 anos<br \/>\nLocal: Lanchonete do Parque<\/p>\n<p>14h \u2013 Oficina de desenho \u201cBobbie Goods do Museu Mariano Proc\u00f3pio\u201d<br \/>\n30 vagas | Faixa et\u00e1ria: livre<br \/>\nLocal: Entrada do pr\u00e9dio Mariano Proc\u00f3pio<\/p>\n<p>Quarta-feira, 30\/07<\/p>\n<p>9h30 \u2013 Desenhando Mem\u00f3rias: visita guiada \u00e0 exposi\u00e7\u00e3o \u201cFios de Mem\u00f3ria\u201d e oficina de desenho<br \/>\nFaixa et\u00e1ria: 5 a 8 anos<br \/>\nLocal: Entrada do pr\u00e9dio Mariano Proc\u00f3pio<\/p>\n<p>14h \u2013 Oficina \u201cArte com Elementos Naturais\u201d<br \/>\nFaixa et\u00e1ria: 7 a 8 anos<\/p>\n<p>Quinta-feira, 31\/07<\/p>\n<p>9h30 \u2013 Visita guiada \u201cUma casa no S\u00e9culo XIX\u201d<br \/>\nFaixa et\u00e1ria: 9 a 12 anos<br \/>\nLocal: Villa Ferreira Lage \u2013 Entrada pelo pr\u00e9dio Mariano Proc\u00f3pio<\/p>\n<p>14h \u2013 Oficina de Fotografia Digital<br \/>\nFaixa et\u00e1ria: idosos<br \/>\nLocal: Lanchonete do Parque<\/p>\n<p>Sexta-feira, 01\/08<\/p>\n<p>9h30 \u2013 Visita mediada \u201cA hist\u00f3ria entre paredes\u201d, com os professores e arquitetos Lina Malta Stephan e Rodrigo Spinelli<br \/>\n20 vagas | Faixa et\u00e1ria: livre<br \/>\nLocal: Entrada do pr\u00e9dio Mariano Proc\u00f3pio<\/p>\n<p>14h \u2013 Visita mediada \u00e0 exposi\u00e7\u00e3o \u201cFios de Mem\u00f3ria\u201d<br \/>\n30 vagas | Faixa et\u00e1ria: livre<br \/>\nLocal: Entrada do pr\u00e9dio Mariano Proc\u00f3pio<\/p>\n<p>16h \u2013 Sala de M\u00fasica<br \/>\nReapresenta\u00e7\u00e3o do concerto \u201cCamille Saint-Sa\u00ebns: Um franc\u00eas em harmonia com o Brasil\u201d, com Marco Orsini-Brescia<br \/>\nFaixa et\u00e1ria: livre<\/p>\n","protected":false},"excerpt":{"rendered":"<p>Segundo informa\u00e7\u00f5es do site da Prefeitura de Juiz de Fora (PJF), a Funda\u00e7\u00e3o Museu Mariano Proc\u00f3pio (Mapro), vinculada \u00e0 Prefeitura de Juiz de Fora (PJF), preparou uma programa\u00e7\u00e3o especial para o per\u00edodo de f\u00e9rias escolares, com atividades gratuitas voltadas a p\u00fablicos de todas as idades. Entre os dias 22 de julho e 1\u00ba de agosto, [&hellip;]<\/p>\n","protected":false},"author":246,"featured_media":229429,"comment_status":"closed","ping_status":"closed","sticky":false,"template":"","format":"standard","meta":{"footnotes":""},"categories":[253,436,440,439],"tags":[],"class_list":["post-229428","post","type-post","status-publish","format-standard","has-post-thumbnail","hentry","category-cidade","category-destaque-da-semana","category-destaques-do-dia","category-ultima-hora"],"_links":{"self":[{"href":"https:\/\/diarioregionaldigital.com.br\/index.php?rest_route=\/wp\/v2\/posts\/229428","targetHints":{"allow":["GET"]}}],"collection":[{"href":"https:\/\/diarioregionaldigital.com.br\/index.php?rest_route=\/wp\/v2\/posts"}],"about":[{"href":"https:\/\/diarioregionaldigital.com.br\/index.php?rest_route=\/wp\/v2\/types\/post"}],"author":[{"embeddable":true,"href":"https:\/\/diarioregionaldigital.com.br\/index.php?rest_route=\/wp\/v2\/users\/246"}],"replies":[{"embeddable":true,"href":"https:\/\/diarioregionaldigital.com.br\/index.php?rest_route=%2Fwp%2Fv2%2Fcomments&post=229428"}],"version-history":[{"count":1,"href":"https:\/\/diarioregionaldigital.com.br\/index.php?rest_route=\/wp\/v2\/posts\/229428\/revisions"}],"predecessor-version":[{"id":229430,"href":"https:\/\/diarioregionaldigital.com.br\/index.php?rest_route=\/wp\/v2\/posts\/229428\/revisions\/229430"}],"wp:featuredmedia":[{"embeddable":true,"href":"https:\/\/diarioregionaldigital.com.br\/index.php?rest_route=\/wp\/v2\/media\/229429"}],"wp:attachment":[{"href":"https:\/\/diarioregionaldigital.com.br\/index.php?rest_route=%2Fwp%2Fv2%2Fmedia&parent=229428"}],"wp:term":[{"taxonomy":"category","embeddable":true,"href":"https:\/\/diarioregionaldigital.com.br\/index.php?rest_route=%2Fwp%2Fv2%2Fcategories&post=229428"},{"taxonomy":"post_tag","embeddable":true,"href":"https:\/\/diarioregionaldigital.com.br\/index.php?rest_route=%2Fwp%2Fv2%2Ftags&post=229428"}],"curies":[{"name":"wp","href":"https:\/\/api.w.org\/{rel}","templated":true}]}}