{"id":229406,"date":"2025-07-18T19:23:11","date_gmt":"2025-07-18T22:23:11","guid":{"rendered":"https:\/\/diarioregionaldigital.com.br\/?p=229406"},"modified":"2025-07-18T19:23:11","modified_gmt":"2025-07-18T22:23:11","slug":"prefeita-anuncia-criacao-da-secretaria-de-desenvolvimento-agrario-sda","status":"publish","type":"post","link":"https:\/\/diarioregionaldigital.com.br\/?p=229406","title":{"rendered":"Prefeita anuncia cria\u00e7\u00e3o da Secretaria de Desenvolvimento Agr\u00e1rio (SDA)"},"content":{"rendered":"<p>Segundo informa\u00e7\u00f5es do site da Prefeitura de Juiz de Fora (PJF), a\u00a0antiga Secretaria de Agricultura, Pecu\u00e1ria e Seguran\u00e7a Alimentar (Seapa) passa a se chamar Secretaria de Desenvolvimento Agr\u00e1rio (SDA), reafirmando o compromisso do Executivo com o fortalecimento do meio rural e a promo\u00e7\u00e3o do desenvolvimento dos produtores de Juiz de Fora. O projeto de lei aprovado na C\u00e2mara Municipal foi sancionado nesta sexta-feira, 18, pela prefeita Margarida Salom\u00e3o ao lado da Secret\u00e1ria da pasta, Valdeane Dias Cerqueira.<\/p>\n<p>A SDA ter\u00e1 como miss\u00e3o apoiar diretamente os produtores rurais, fomentar a agricultura familiar, ampliar as compras institucionais e incentivar o uso de tecnologias e inova\u00e7\u00f5es no campo. Al\u00e9m disso, atuar\u00e1 no fomento \u00e0 comercializa\u00e7\u00e3o dos produtos nos mercados, feiras e outros empreendimentos, estreitando parcerias p\u00fablicas e privadas para projetos que impulsionem a produ\u00e7\u00e3o no munic\u00edpio, gerando mais emprego e renda.<\/p>\n<p>\u201cN\u00f3s vamos trabalhar com a pecu\u00e1ria leiteira, horticultura, trabalhar profundamente com o talento forte da regi\u00e3o que \u00e9 a produ\u00e7\u00e3o de queijos e charcutaria, atrav\u00e9s dos Arranjos Produtivos Locais. Enfim, iremos trabalhar com produ\u00e7\u00e3o rural, isso \u00e9 fundamental nesse novo mandato, n\u00f3s estamos escolhendo entre as op\u00e7\u00f5es de desenvolvimento da cidade, abra\u00e7ar com for\u00e7a o campo, desenvolver as popula\u00e7\u00f5es residentes nos distritos e regi\u00f5es vizinhas que, em grande parte, tem na agricultura e na pecu\u00e1ria sua maior fonte de renda. Vamos trabalhar de forma articulada para que Juiz de Fora venha ser um polo de turismo rural, de produ\u00e7\u00e3o, oferta de produtos, como queijos, derivados do porco, entre outros alimentos que s\u00e3o caracter\u00edsticos da nossa cidade\u201d, explicou a prefeita.<\/p>\n<p>A mudan\u00e7a reflete uma vis\u00e3o mais integrada e estrat\u00e9gica do setor, buscando alinhar pol\u00edticas p\u00fablicas ao desenvolvimento social, econ\u00f4mico e ambiental das comunidades rurais. As pol\u00edticas p\u00fablicas de alimenta\u00e7\u00e3o escolar,\u00a0 seguran\u00e7a alimentar, feiras e Mercado Municipal foram direcionadas para outras secretarias.<\/p>\n<p>Confira o an\u00fancio oficial no instagram da\u00a0<a href=\"https:\/\/www.instagram.com\/prefeiturajuizdefora\"><u>Prefeitura de Juiz de Fora.<\/u><\/a><\/p>\n","protected":false},"excerpt":{"rendered":"<p>Segundo informa\u00e7\u00f5es do site da Prefeitura de Juiz de Fora (PJF), a\u00a0antiga Secretaria de Agricultura, Pecu\u00e1ria e Seguran\u00e7a Alimentar (Seapa) passa a se chamar Secretaria de Desenvolvimento Agr\u00e1rio (SDA), reafirmando o compromisso do Executivo com o fortalecimento do meio rural e a promo\u00e7\u00e3o do desenvolvimento dos produtores de Juiz de Fora. O projeto de lei [&hellip;]<\/p>\n","protected":false},"author":246,"featured_media":229407,"comment_status":"closed","ping_status":"closed","sticky":false,"template":"","format":"standard","meta":{"footnotes":""},"categories":[253,436,440,439],"tags":[],"class_list":["post-229406","post","type-post","status-publish","format-standard","has-post-thumbnail","hentry","category-cidade","category-destaque-da-semana","category-destaques-do-dia","category-ultima-hora"],"_links":{"self":[{"href":"https:\/\/diarioregionaldigital.com.br\/index.php?rest_route=\/wp\/v2\/posts\/229406","targetHints":{"allow":["GET"]}}],"collection":[{"href":"https:\/\/diarioregionaldigital.com.br\/index.php?rest_route=\/wp\/v2\/posts"}],"about":[{"href":"https:\/\/diarioregionaldigital.com.br\/index.php?rest_route=\/wp\/v2\/types\/post"}],"author":[{"embeddable":true,"href":"https:\/\/diarioregionaldigital.com.br\/index.php?rest_route=\/wp\/v2\/users\/246"}],"replies":[{"embeddable":true,"href":"https:\/\/diarioregionaldigital.com.br\/index.php?rest_route=%2Fwp%2Fv2%2Fcomments&post=229406"}],"version-history":[{"count":1,"href":"https:\/\/diarioregionaldigital.com.br\/index.php?rest_route=\/wp\/v2\/posts\/229406\/revisions"}],"predecessor-version":[{"id":229408,"href":"https:\/\/diarioregionaldigital.com.br\/index.php?rest_route=\/wp\/v2\/posts\/229406\/revisions\/229408"}],"wp:featuredmedia":[{"embeddable":true,"href":"https:\/\/diarioregionaldigital.com.br\/index.php?rest_route=\/wp\/v2\/media\/229407"}],"wp:attachment":[{"href":"https:\/\/diarioregionaldigital.com.br\/index.php?rest_route=%2Fwp%2Fv2%2Fmedia&parent=229406"}],"wp:term":[{"taxonomy":"category","embeddable":true,"href":"https:\/\/diarioregionaldigital.com.br\/index.php?rest_route=%2Fwp%2Fv2%2Fcategories&post=229406"},{"taxonomy":"post_tag","embeddable":true,"href":"https:\/\/diarioregionaldigital.com.br\/index.php?rest_route=%2Fwp%2Fv2%2Ftags&post=229406"}],"curies":[{"name":"wp","href":"https:\/\/api.w.org\/{rel}","templated":true}]}}