{"id":229403,"date":"2025-07-18T19:21:05","date_gmt":"2025-07-18T22:21:05","guid":{"rendered":"https:\/\/diarioregionaldigital.com.br\/?p=229403"},"modified":"2025-07-18T19:21:05","modified_gmt":"2025-07-18T22:21:05","slug":"selecao-masculina-de-volei-mira-ponta-da-1a-fase-da-liga-das-nacoes","status":"publish","type":"post","link":"https:\/\/diarioregionaldigital.com.br\/?p=229403","title":{"rendered":"Sele\u00e7\u00e3o masculina de v\u00f4lei mira ponta da 1\u00aa fase da Liga das Na\u00e7\u00f5es"},"content":{"rendered":"<p>A sele\u00e7\u00e3o masculina de v\u00f4lei ainda tem dois compromissos antes do fim da participa\u00e7\u00e3o na primeira fase da Liga das Na\u00e7\u00f5es. Neste s\u00e1bado (19), \u00e0s 3h30 (hor\u00e1rio de Bras\u00edlia), os brasileiros medem for\u00e7as com a Turquia. No domingo (20), \u00e0s 2h30, a equipe comandada por Bernardinho enfrenta a Alemanha. Os dois jogos ocorrem em Chiba, no Jap\u00e3o.<img decoding=\"async\" src=\"https:\/\/agenciabrasil.ebc.com.br\/ebc.png?id=1651281&amp;o=node\" \/><img decoding=\"async\" src=\"https:\/\/agenciabrasil.ebc.com.br\/ebc.gif?id=1651281&amp;o=node\" \/><\/p>\n<p>Ap\u00f3s dez rodadas, o Brasil \u00e9 o \u00fanico time j\u00e1 garantido nas quartas de final al\u00e9m da China, que ser\u00e1 a anfitri\u00e3 do mata-mata, na cidade de Ningbo. A sele\u00e7\u00e3o verde e amarela lidera a primeira fase com nove vit\u00f3rias e uma derrota, seguida pela It\u00e1lia (oito triunfos e dois reveses). Os oito primeiros colocados v\u00e3o \u00e0 etapa seguinte da competi\u00e7\u00e3o.<\/p>\n<p>A classifica\u00e7\u00e3o antecipada \u00e0s quartas foi assegurada com a vit\u00f3ria por 3 sets a 0 sobre o Jap\u00e3o, na madrugada desta sexta-feira (18), em Chiba. As parciais foram de 25\/2, 25\/23 e 28\/26. O central Fl\u00e1vio, com 14 pontos, e o oposto Alan, com 11, foram os destaques do triunfo, marcado pela efici\u00eancia brasileira na rede. Foram 11 pontos de bloqueio contra quatro dos rivais. Fl\u00e1vio, com seis pontos no fundamento, comandou o bom desempenho.<\/p>\n<p><a href=\"https:\/\/www.instagram.com\/agencia.brasil\" target=\"_blank\" rel=\"noopener\">&gt;&gt; Siga o perfil da\u00a0<strong>Ag\u00eancia Brasil\u00a0<\/strong>no Instagram<\/a><\/p>\n<p>Tanto Fl\u00e1vio como Alan, ali\u00e1s, foram poupados por Bernardinho da lista de relacionados para o duelo com a Turquia. Eles, por\u00e9m, podem retornar ao time contra a Alemanha. O ponteiro Maicon e o central Thiery, que ficaram fora do confronto diante do Jap\u00e3o, est\u00e3o novamente \u00e0 disposi\u00e7\u00e3o do treinador.<\/p>\n<p>O Brasil divide com Fran\u00e7a e Pol\u00f4nia o posto de pa\u00eds que mais vezes alcan\u00e7ou o mata-mata da Liga das Na\u00e7\u00f5es masculina. Nas sete edi\u00e7\u00f5es anteriores, a equipe chegou \u00e0s quartas em seis ocasi\u00f5es. A sele\u00e7\u00e3o ficou com o t\u00edtulo em 2021, quando superou os poloneses na final, em Rimini, na It\u00e1lia. Fl\u00e1vio, Alan, o l\u00edbero Maique e o ponteiro Lucarelli, que integram o elenco atual, estiveram naquela conquista.<\/p>\n<div class=\"noticias-relacionadas rel-position rowflex\">\n<div class=\"title abs-position\">Fonte: Ag\u00eancia Brasil<\/div>\n<\/div>\n","protected":false},"excerpt":{"rendered":"<p>A sele\u00e7\u00e3o masculina de v\u00f4lei ainda tem dois compromissos antes do fim da participa\u00e7\u00e3o na primeira fase da Liga das Na\u00e7\u00f5es. Neste s\u00e1bado (19), \u00e0s 3h30 (hor\u00e1rio de Bras\u00edlia), os brasileiros medem for\u00e7as com a Turquia. No domingo (20), \u00e0s 2h30, a equipe comandada por Bernardinho enfrenta a Alemanha. Os dois jogos ocorrem em Chiba, [&hellip;]<\/p>\n","protected":false},"author":246,"featured_media":229404,"comment_status":"closed","ping_status":"closed","sticky":false,"template":"","format":"standard","meta":{"footnotes":""},"categories":[436,257,439],"tags":[],"class_list":["post-229403","post","type-post","status-publish","format-standard","has-post-thumbnail","hentry","category-destaque-da-semana","category-esporte","category-ultima-hora"],"_links":{"self":[{"href":"https:\/\/diarioregionaldigital.com.br\/index.php?rest_route=\/wp\/v2\/posts\/229403","targetHints":{"allow":["GET"]}}],"collection":[{"href":"https:\/\/diarioregionaldigital.com.br\/index.php?rest_route=\/wp\/v2\/posts"}],"about":[{"href":"https:\/\/diarioregionaldigital.com.br\/index.php?rest_route=\/wp\/v2\/types\/post"}],"author":[{"embeddable":true,"href":"https:\/\/diarioregionaldigital.com.br\/index.php?rest_route=\/wp\/v2\/users\/246"}],"replies":[{"embeddable":true,"href":"https:\/\/diarioregionaldigital.com.br\/index.php?rest_route=%2Fwp%2Fv2%2Fcomments&post=229403"}],"version-history":[{"count":1,"href":"https:\/\/diarioregionaldigital.com.br\/index.php?rest_route=\/wp\/v2\/posts\/229403\/revisions"}],"predecessor-version":[{"id":229405,"href":"https:\/\/diarioregionaldigital.com.br\/index.php?rest_route=\/wp\/v2\/posts\/229403\/revisions\/229405"}],"wp:featuredmedia":[{"embeddable":true,"href":"https:\/\/diarioregionaldigital.com.br\/index.php?rest_route=\/wp\/v2\/media\/229404"}],"wp:attachment":[{"href":"https:\/\/diarioregionaldigital.com.br\/index.php?rest_route=%2Fwp%2Fv2%2Fmedia&parent=229403"}],"wp:term":[{"taxonomy":"category","embeddable":true,"href":"https:\/\/diarioregionaldigital.com.br\/index.php?rest_route=%2Fwp%2Fv2%2Fcategories&post=229403"},{"taxonomy":"post_tag","embeddable":true,"href":"https:\/\/diarioregionaldigital.com.br\/index.php?rest_route=%2Fwp%2Fv2%2Ftags&post=229403"}],"curies":[{"name":"wp","href":"https:\/\/api.w.org\/{rel}","templated":true}]}}