{"id":229394,"date":"2025-07-18T19:17:43","date_gmt":"2025-07-18T22:17:43","guid":{"rendered":"https:\/\/diarioregionaldigital.com.br\/?p=229394"},"modified":"2025-07-18T19:17:43","modified_gmt":"2025-07-18T22:17:43","slug":"cemig-mantem-lideranca-no-mercado-livre-varejista-com-cerca-25-mil-clientes-em-todo-o-pais","status":"publish","type":"post","link":"https:\/\/diarioregionaldigital.com.br\/?p=229394","title":{"rendered":"Cemig mant\u00e9m lideran\u00e7a no Mercado Livre varejista com cerca 2,5 mil clientes em todo o pa\u00eds"},"content":{"rendered":"<p>A\u00a0<a href=\"https:\/\/www.cemig.com.br\/\" target=\"_blank\" rel=\"noopener\">Companhia Energ\u00e9tica de Minas Gerais (Cemig)<\/a>\u00a0segue consolidada como l\u00edder nacional no Mercado Livre de Energia no segmento varejista, com 2,462 mil clientes ativos e um volume de energia entregue de 189,7 megawatts m\u00e9dios (MWm) em todo o Brasil. Os dados, referentes ao m\u00eas de maio, foram divulgados nesta semana pela C\u00e2mara de Comercializa\u00e7\u00e3o de Energia El\u00e9trica (CCEE).<\/p>\n<p>Por meio do programa Energia Livre Cemig, empresas atendidas em m\u00e9dia e alta tens\u00e3o \u2013 pertencentes ao Grupo Tarif\u00e1rio A \u2013 podem migrar para o Mercado Livre Varejista e obter descontos de at\u00e9 35% na conta de energia, com contrata\u00e7\u00e3o simplificada e suporte especializado.<\/p>\n<p>A Cemig atua como protagonista nesse segmento desde o in\u00edcio dos anos 2000 e mant\u00e9m, atualmente,\u00a0market share\u00a0de mais de 14% no Mercado Livre Atacadista, refor\u00e7ando sua posi\u00e7\u00e3o estrat\u00e9gica no setor el\u00e9trico nacional.<\/p>\n<p>Com a abertura do segmento para todas as empresas atendidas em alta e m\u00e9dia tens\u00e3o, a Cemig inovou mais uma vez ao lan\u00e7ar o primeiro e-commerce de energia do Brasil, por meio do site\u00a0<a href=\"https:\/\/energialivre.cemig.com.br\/\" target=\"_blank\" rel=\"noopener\">Energia Livre<\/a>.<\/p>\n<p>A plataforma digital permite que os clientes realizem simula\u00e7\u00f5es de consumo, comparem ofertas e contratem energia de forma totalmente online, democratizando o acesso ao Mercado Livre com praticidade e transpar\u00eancia.<\/p>\n<p>O vice-presidente de Comercializa\u00e7\u00e3o da Cemig, S\u00e9rgio Lopes Cabral, ressalta a lideran\u00e7a da companhia em um ambiente de grande competitividade.<\/p>\n<p>\u201cManter a lideran\u00e7a no Mercado Livre varejista \u00e9 reflexo da grande tradi\u00e7\u00e3o que a Cemig possui no setor el\u00e9trico brasileiro, especialmente, neste ambiente. Fomos pioneiros ao lan\u00e7ar o primeiro e-commerce do setor e seguiremos ampliando o acesso ao Mercado Livre com ferramentas digitais e atendimento qualificado\u201d, ressalta.<\/p>\n<p>Al\u00e9m da redu\u00e7\u00e3o significativa na conta de energia para os clientes varejistas, a Cemig garante aos clientes do Mercado Livre o fornecimento de energia limpa, renov\u00e1vel e rastre\u00e1vel por meio de certificados.<\/p>\n<p>Um bom exemplo dos importantes contratos firmados pela companhia\u00a0recentemente foi o concretizado com a\u00a0Companhia de Saneamento de Alagoas (Casal) em um contrato que prev\u00ea o fornecimento de 4,18 MW m\u00e9dios de energia limpa, renov\u00e1vel e rastre\u00e1vel para tr\u00eas unidades da empresa na regi\u00e3o Nordeste.<\/p>\n<p><strong>Programa Sinergia para atrair mais parceiros em todo o pa\u00eds\u00a0<\/strong><\/p>\n<p>A Cemig acaba de lan\u00e7ar o\u202fPrograma Sinergia, uma evolu\u00e7\u00e3o do seu modelo de parcerias comerciais no Mercado Livre de Energia. A iniciativa chega com uma proposta ainda mais atrativa:\u202fremunera\u00e7\u00e3o triplicada\u202fe\u202f100% do pagamento realizado no ato da assinatura.<\/p>\n<p>O novo programa se inicia com uma fase promocional com condi\u00e7\u00f5es exclusivas. Um dos principais diferenciais \u00e9 o pagamento logo ap\u00f3s a contrata\u00e7\u00e3o, garantindo\u202fliquidez imediata\u202fpara os parceiros. Al\u00e9m disso, parcerias exclusivas contam com uma\u202fremunera\u00e7\u00e3o recorrente\u202fdurante toda a vig\u00eancia do contrato de energia do cliente.<\/p>\n<p>\u201cQueremos que o parceiro da Cemig tenha seguran\u00e7a, previsibilidade e retorno imediato pelo seu trabalho\u201d, destaca S\u00e9rgio Lopes Cabral.<\/p>\n<p>Fonte: Ag\u00eancia Minas<\/p>\n","protected":false},"excerpt":{"rendered":"<p>A\u00a0Companhia Energ\u00e9tica de Minas Gerais (Cemig)\u00a0segue consolidada como l\u00edder nacional no Mercado Livre de Energia no segmento varejista, com 2,462 mil clientes ativos e um volume de energia entregue de 189,7 megawatts m\u00e9dios (MWm) em todo o Brasil. Os dados, referentes ao m\u00eas de maio, foram divulgados nesta semana pela C\u00e2mara de Comercializa\u00e7\u00e3o de Energia [&hellip;]<\/p>\n","protected":false},"author":246,"featured_media":229395,"comment_status":"closed","ping_status":"closed","sticky":false,"template":"","format":"standard","meta":{"footnotes":""},"categories":[436,261,254,439],"tags":[],"class_list":["post-229394","post","type-post","status-publish","format-standard","has-post-thumbnail","hentry","category-destaque-da-semana","category-economia","category-politica","category-ultima-hora"],"_links":{"self":[{"href":"https:\/\/diarioregionaldigital.com.br\/index.php?rest_route=\/wp\/v2\/posts\/229394","targetHints":{"allow":["GET"]}}],"collection":[{"href":"https:\/\/diarioregionaldigital.com.br\/index.php?rest_route=\/wp\/v2\/posts"}],"about":[{"href":"https:\/\/diarioregionaldigital.com.br\/index.php?rest_route=\/wp\/v2\/types\/post"}],"author":[{"embeddable":true,"href":"https:\/\/diarioregionaldigital.com.br\/index.php?rest_route=\/wp\/v2\/users\/246"}],"replies":[{"embeddable":true,"href":"https:\/\/diarioregionaldigital.com.br\/index.php?rest_route=%2Fwp%2Fv2%2Fcomments&post=229394"}],"version-history":[{"count":1,"href":"https:\/\/diarioregionaldigital.com.br\/index.php?rest_route=\/wp\/v2\/posts\/229394\/revisions"}],"predecessor-version":[{"id":229396,"href":"https:\/\/diarioregionaldigital.com.br\/index.php?rest_route=\/wp\/v2\/posts\/229394\/revisions\/229396"}],"wp:featuredmedia":[{"embeddable":true,"href":"https:\/\/diarioregionaldigital.com.br\/index.php?rest_route=\/wp\/v2\/media\/229395"}],"wp:attachment":[{"href":"https:\/\/diarioregionaldigital.com.br\/index.php?rest_route=%2Fwp%2Fv2%2Fmedia&parent=229394"}],"wp:term":[{"taxonomy":"category","embeddable":true,"href":"https:\/\/diarioregionaldigital.com.br\/index.php?rest_route=%2Fwp%2Fv2%2Fcategories&post=229394"},{"taxonomy":"post_tag","embeddable":true,"href":"https:\/\/diarioregionaldigital.com.br\/index.php?rest_route=%2Fwp%2Fv2%2Ftags&post=229394"}],"curies":[{"name":"wp","href":"https:\/\/api.w.org\/{rel}","templated":true}]}}