{"id":229391,"date":"2025-07-18T19:16:35","date_gmt":"2025-07-18T22:16:35","guid":{"rendered":"https:\/\/diarioregionaldigital.com.br\/?p=229391"},"modified":"2025-07-18T19:16:35","modified_gmt":"2025-07-18T22:16:35","slug":"governo-de-minas-apresenta-projeto-de-travessia-multimodal-nos-lagos-de-furnas-e-mascarenhas-de-moraes","status":"publish","type":"post","link":"https:\/\/diarioregionaldigital.com.br\/?p=229391","title":{"rendered":"Governo de Minas apresenta projeto de travessia multimodal nos lagos de Furnas e Mascarenhas de Moraes"},"content":{"rendered":"<p>O\u00a0<a href=\"https:\/\/www.mg.gov.br\/\" target=\"_blank\" rel=\"noopener\">Governo de Minas Gerais<\/a>, por meio da\u00a0<a href=\"http:\/\/www.infraestrutura.mg.gov.br\/\" target=\"_blank\" rel=\"noopener\">Secretaria de Estado de Infraestrutura, Mobilidade e Parcerias (Seinfra)<\/a>, apresentou, nessa quinta-feira (17\/7), o projeto de concess\u00e3o para melhoria do transporte aquavi\u00e1rio nos lagos das usinas de Furnas e Mascarenhas de Moraes, no Sul do estado.<\/p>\n<p>A proposta contempla a moderniza\u00e7\u00e3o das travessias por balsas na regi\u00e3o e a constru\u00e7\u00e3o da aguardada ponte entre os munic\u00edpios de C\u00e1ssia e Delfin\u00f3polis.<\/p>\n<p>O projeto prev\u00ea a concess\u00e3o para opera\u00e7\u00e3o, manuten\u00e7\u00e3o e explora\u00e7\u00e3o dos servi\u00e7os de travessia aquavi\u00e1ria, com foco na moderniza\u00e7\u00e3o do transporte oferecido h\u00e1 cerca de seis d\u00e9cadas na regi\u00e3o. A estimativa \u00e9 que mais de 300 mil pessoas, em 52 munic\u00edpios que margeiam as represas, sejam beneficiadas com um servi\u00e7o mais eficiente e seguro.<\/p>\n<p>Seis travessias intermunicipais est\u00e3o previstas no projeto:<\/p>\n<p>&#8211; Penas (entre S\u00e3o Jo\u00e3o da Barra e Guap\u00e9)<\/p>\n<p>&#8211; Fernandes (entre Guap\u00e9 e Cristais)<\/p>\n<p>&#8211; \u00c1guas Verdes (entre Carmo do Rio Claro e Campo do Meio)<\/p>\n<p>&#8211; Fama (entre Fama e Campos Gerais)<\/p>\n<p>&#8211; Pontaletes (entre Paragua\u00e7u, El\u00f3i Mendes e Tr\u00eas Pontas)<\/p>\n<p>&#8211; Mendes (entre Campo Belo e Nepomuceno)<\/p>\n<p>A amplia\u00e7\u00e3o do servi\u00e7o aquavi\u00e1rio vai fomentar o desenvolvimento regional, impulsionando a produ\u00e7\u00e3o agr\u00edcola e o turismo, al\u00e9m de facilitar o acesso da popula\u00e7\u00e3o a servi\u00e7os essenciais como sa\u00fade e educa\u00e7\u00e3o.<\/p>\n<p><strong>Ponte<\/strong><\/p>\n<p>Tamb\u00e9m faz parte do projeto a constru\u00e7\u00e3o da ponte entre C\u00e1ssia e Delfin\u00f3polis, que ter\u00e1 1.280 metros de extens\u00e3o. A estrutura colocar\u00e1 fim ao isolamento hist\u00f3rico entre os dois munic\u00edpios, aguardado h\u00e1 mais de 50 anos por moradores e produtores da regi\u00e3o. O tr\u00e1fego m\u00e9dio pelo trecho \u00e9 de cerca de 780 ve\u00edculos por dia, o que corresponde a 54% das travessias da regi\u00e3o.<\/p>\n<p><strong>Parceria<\/strong><\/p>\n<p>O projeto \u00e9 fruto de uma parceria entre o Governo de Minas com a Eletrobr\u00e1s, atual respons\u00e1vel pela disponibiliza\u00e7\u00e3o e manuten\u00e7\u00e3o das balsas. J\u00e1 o servi\u00e7o de transporte \u00e9 operado pelas prefeituras, que enfrentam desafios t\u00e9cnicos e financeiros.<\/p>\n<table border=\"0\" cellspacing=\"1\" cellpadding=\"1\" align=\"center\">\n<tbody>\n<tr>\n<td colspan=\"5\"><img decoding=\"async\" src=\"https:\/\/www.agenciaminas.mg.gov.br\/ckeditor_assets\/pictures\/20949\/content_2_olho_topo.jpg\" alt=\"\" \/><\/td>\n<\/tr>\n<tr>\n<td><\/td>\n<td colspan=\"3\" rowspan=\"3\">\n<h1><strong>&#8220;A proposta \u00e9 somar for\u00e7as para oferecer um servi\u00e7o mais seguro, regular e eficiente para quem depende, todos os dias, do transporte aquavi\u00e1rio. Agora, avan\u00e7amos para a etapa de consulta p\u00fablica, para que os usu\u00e1rios conhe\u00e7am e opinem sobre o projeto&#8221;, afirma o secret\u00e1rio de Infraestrutura, Mobilidade e Parcerias, Pedro Bruno.<\/strong><\/h1>\n<\/td>\n<td><\/td>\n<\/tr>\n<tr>\n<td><\/td>\n<td><\/td>\n<\/tr>\n<tr>\n<td><\/td>\n<td><\/td>\n<\/tr>\n<tr>\n<td colspan=\"5\"><img decoding=\"async\" src=\"https:\/\/www.agenciaminas.mg.gov.br\/ckeditor_assets\/pictures\/20950\/content_2_olho_inferior.jpg\" alt=\"\" \/><\/td>\n<\/tr>\n<\/tbody>\n<\/table>\n<p>A previs\u00e3o \u00e9 de que sejam investidos R$ 163 milh\u00f5es, incluindo a moderniza\u00e7\u00e3o das balsas e a constru\u00e7\u00e3o da ponte.<\/p>\n<p>\u201c\u00c9 um importante projeto para a movimenta\u00e7\u00e3o econ\u00f4mica da regi\u00e3o. Delfin\u00f3polis tem uma grande representa\u00e7\u00e3o do agroneg\u00f3cio, sendo um dos maiores produtores de banana do estado. E C\u00e1ssia hoje desponta como um dos grandes destinos de turismo religioso do Brasil, por conta do santu\u00e1rio de Santa Rita de C\u00e1ssia\u201d, pontua o prefeito de Capit\u00f3lio e presidente da Associa\u00e7\u00e3o dos Munic\u00edpios do Lago de Furnas (Alago), Cristiano Silva.<\/p>\n<p><strong>Pr\u00f3ximos passos<\/strong><\/p>\n<p>O cronograma prev\u00ea o lan\u00e7amento da consulta p\u00fablica ainda em agosto. A publica\u00e7\u00e3o do edital est\u00e1 programada ainda em 2025 e o leil\u00e3o da concess\u00e3o est\u00e1 previsto para ocorrer no primeiro trimestre de 2026.<\/p>\n<p>Fonte: Ag\u00eancia Minas<\/p>\n","protected":false},"excerpt":{"rendered":"<p>O\u00a0Governo de Minas Gerais, por meio da\u00a0Secretaria de Estado de Infraestrutura, Mobilidade e Parcerias (Seinfra), apresentou, nessa quinta-feira (17\/7), o projeto de concess\u00e3o para melhoria do transporte aquavi\u00e1rio nos lagos das usinas de Furnas e Mascarenhas de Moraes, no Sul do estado. A proposta contempla a moderniza\u00e7\u00e3o das travessias por balsas na regi\u00e3o e a [&hellip;]<\/p>\n","protected":false},"author":246,"featured_media":229392,"comment_status":"closed","ping_status":"closed","sticky":false,"template":"","format":"standard","meta":{"footnotes":""},"categories":[436,440,261,254,439],"tags":[],"class_list":["post-229391","post","type-post","status-publish","format-standard","has-post-thumbnail","hentry","category-destaque-da-semana","category-destaques-do-dia","category-economia","category-politica","category-ultima-hora"],"_links":{"self":[{"href":"https:\/\/diarioregionaldigital.com.br\/index.php?rest_route=\/wp\/v2\/posts\/229391","targetHints":{"allow":["GET"]}}],"collection":[{"href":"https:\/\/diarioregionaldigital.com.br\/index.php?rest_route=\/wp\/v2\/posts"}],"about":[{"href":"https:\/\/diarioregionaldigital.com.br\/index.php?rest_route=\/wp\/v2\/types\/post"}],"author":[{"embeddable":true,"href":"https:\/\/diarioregionaldigital.com.br\/index.php?rest_route=\/wp\/v2\/users\/246"}],"replies":[{"embeddable":true,"href":"https:\/\/diarioregionaldigital.com.br\/index.php?rest_route=%2Fwp%2Fv2%2Fcomments&post=229391"}],"version-history":[{"count":1,"href":"https:\/\/diarioregionaldigital.com.br\/index.php?rest_route=\/wp\/v2\/posts\/229391\/revisions"}],"predecessor-version":[{"id":229393,"href":"https:\/\/diarioregionaldigital.com.br\/index.php?rest_route=\/wp\/v2\/posts\/229391\/revisions\/229393"}],"wp:featuredmedia":[{"embeddable":true,"href":"https:\/\/diarioregionaldigital.com.br\/index.php?rest_route=\/wp\/v2\/media\/229392"}],"wp:attachment":[{"href":"https:\/\/diarioregionaldigital.com.br\/index.php?rest_route=%2Fwp%2Fv2%2Fmedia&parent=229391"}],"wp:term":[{"taxonomy":"category","embeddable":true,"href":"https:\/\/diarioregionaldigital.com.br\/index.php?rest_route=%2Fwp%2Fv2%2Fcategories&post=229391"},{"taxonomy":"post_tag","embeddable":true,"href":"https:\/\/diarioregionaldigital.com.br\/index.php?rest_route=%2Fwp%2Fv2%2Ftags&post=229391"}],"curies":[{"name":"wp","href":"https:\/\/api.w.org\/{rel}","templated":true}]}}