{"id":229386,"date":"2025-07-18T16:30:31","date_gmt":"2025-07-18T19:30:31","guid":{"rendered":"https:\/\/diarioregionaldigital.com.br\/?p=229386"},"modified":"2025-07-18T16:30:31","modified_gmt":"2025-07-18T19:30:31","slug":"fraudes-lacunas-e-vies-o-que-o-registro-fossil-realmente-revela-parte-02","status":"publish","type":"post","link":"https:\/\/diarioregionaldigital.com.br\/?p=229386","title":{"rendered":"Fraudes, Lacunas e Vi\u00e9s: O Que o Registro F\u00f3ssil Realmente Revela?&#8221; &#8211; Parte 02"},"content":{"rendered":"<p class=\"s5\">Em meio \u00e0s controv\u00e9rsias acerca dos registros f\u00f3sseis humanos, os exemplares considerados incontroversos trazem algumas caracter\u00edsticas comuns. Entre os aspectos anat\u00f4micos, o <span class=\"s4\">Homo sapiens<\/span> apresenta comportamento cultural avan\u00e7ado, evidenciado por ferramentas, artefatos simb\u00f3licos e sepultamentos.<\/p>\n<p class=\"s5\">Os f\u00f3sseis mais antigos e amplamente aceitos como <span class=\"s4\">Homo sapiens sapiens<\/span> destacam-se por um conjunto de caracter\u00edsticas anat\u00f4micas: cr\u00e2nios arredondados com testas altas, queixo proeminente, rostos planos e aus\u00eancia de arcos superciliares robustos. Um exemplo emblem\u00e1tico \u00e9 o f\u00f3ssil Omo I, encontrado no Vale do Rio Omo, na Eti\u00f3pia, e datado em 195 mil anos. Este exemplar re\u00fane n\u00e3o apenas tra\u00e7os f\u00edsicos plenamente modernos, mas tamb\u00e9m evid\u00eancias de uso de ferramentas avan\u00e7adas, confirmando organiza\u00e7\u00e3o social primitiva e intera\u00e7\u00e3o cultural.<\/p>\n<p class=\"s5\">Outro exemplo famoso vem da Caverna de Qafzeh, em Israel, onde f\u00f3sseis datados entre 90 mil e 120 mil anos demonstram pr\u00e1ticas de sepultamento intencionais. Al\u00ed jaziam corpos acompanhados de ferramentas ou artefatos simb\u00f3licos, refor\u00e7ando a presen\u00e7a do comportamento humano moderno em sua totalidade. Na mesma regi\u00e3o, registros f\u00f3sseis da Caverna de Skhul confirmam uma cultura social semelhante, tendo sido identificados indiv\u00edduos com tra\u00e7os anat\u00f4micos totalmente consistentes com o <span class=\"s4\">Homo sapiens sapiens<\/span>.<\/p>\n<p class=\"s5\">Seguindo para a Europa, os famosos f\u00f3sseis de Cro-Magnon, descobertos em Les Eyzies, Fran\u00e7a, trouxeram ao mundo um dos registros mais completos do <span class=\"s4\">Homo sapiens sapiens<\/span> do Paleol\u00edtico Superior, datados de aproximadamente 28 mil anos. A grande contribui\u00e7\u00e3o desses restos f\u00f3sseis n\u00e3o est\u00e1 restrita \u00e0 sua anatomia moderna, mas na explos\u00e3o cultural que os acompanha: as pinturas rupestres, ferramentas de alta complexidade e at\u00e9 mesmo objetos rituais que refletem uma percep\u00e7\u00e3o do transcendente, mostrando uma mente voltada para o simb\u00f3lico.<\/p>\n<p class=\"s5\">Na \u00c1sia, o cr\u00e2nio de Liujiang, encontrado na China, e datado entre 68 mil e 114 mil anos, evidencia caracter\u00edsticas anat\u00f4micas totalmente humanas, como a proje\u00e7\u00e3o nasal marcante, a testa alta e o queixo proeminente. Ferramentas de pedra associadas ao achado tamb\u00e9m indicam a mesma predisposi\u00e7\u00e3o cultural vista em outros f\u00f3sseis humanos incontroversos.<\/p>\n<p class=\"s5\">Esses exemplos revelam que, desde o in\u00edcio de sua jornada na Terra, o <span class=\"s4\">Homo sapiens<\/span> apresenta singularidades anat\u00f4micas e comportamentais que o distinguem de outras esp\u00e9cies. A produ\u00e7\u00e3o de cultura, desde ferramentas at\u00e9 express\u00f5es art\u00edsticas e pr\u00e1ticas religiosas, n\u00e3o \u00e9 um elemento secund\u00e1rio, mas fundante do que significa ser humano.<\/p>\n<p class=\"s5\">Como se pode perceber, nossas express\u00f5es culturais t\u00edpicas s\u00e3o um fator que comprova a presen\u00e7a humana na Terra. Tais evid\u00eancias n\u00e3o s\u00e3o compartilhadas pelos esp\u00e9cimes geralmente associados \u00e0 nossa \u201dlinha evolutiva pregressa\u201c. Isso por uma raz\u00e3o muito simples: n\u00e3o somos humanos sem a alma humana.<\/p>\n<p class=\"s5\">Embora outros primatas possam produzir ferramentas rudimentares, somente n\u00f3s, seres humanos, produzimos cultura e este \u00e9 um tra\u00e7o caracter\u00edstico encontrado nos achados f\u00f3sseis que, via de regra, associam a cultura aos aspectos anat\u00f4micos que remetem \u00e0 presen\u00e7a humana.<\/p>\n<p class=\"s5\">N\u00e3o resta d\u00favida que n\u00e3o fomos resultado de uma longa cadeia de eventos ca\u00f3ticos que acidentalmente nos trouxeram \u00e0 exist\u00eancia. Somos uma esp\u00e9cie \u00fanica criada \u00e0 imagem perfeita do Criador, mas que teima em n\u00e3o reconhecer-se quando nega a sua origem divina.<\/p>\n<p class=\"s6\">\n","protected":false},"excerpt":{"rendered":"<p>Em meio \u00e0s controv\u00e9rsias acerca dos registros f\u00f3sseis humanos, os exemplares considerados incontroversos trazem algumas caracter\u00edsticas comuns. Entre os aspectos anat\u00f4micos, o Homo sapiens apresenta comportamento cultural avan\u00e7ado, evidenciado por ferramentas, artefatos simb\u00f3licos e sepultamentos. Os f\u00f3sseis mais antigos e amplamente aceitos como Homo sapiens sapiens destacam-se por um conjunto de caracter\u00edsticas anat\u00f4micas: cr\u00e2nios arredondados [&hellip;]<\/p>\n","protected":false},"author":246,"featured_media":0,"comment_status":"closed","ping_status":"closed","sticky":false,"template":"","format":"standard","meta":{"footnotes":""},"categories":[1244],"tags":[],"class_list":["post-229386","post","type-post","status-publish","format-standard","hentry","category-oleg-abramov"],"_links":{"self":[{"href":"https:\/\/diarioregionaldigital.com.br\/index.php?rest_route=\/wp\/v2\/posts\/229386","targetHints":{"allow":["GET"]}}],"collection":[{"href":"https:\/\/diarioregionaldigital.com.br\/index.php?rest_route=\/wp\/v2\/posts"}],"about":[{"href":"https:\/\/diarioregionaldigital.com.br\/index.php?rest_route=\/wp\/v2\/types\/post"}],"author":[{"embeddable":true,"href":"https:\/\/diarioregionaldigital.com.br\/index.php?rest_route=\/wp\/v2\/users\/246"}],"replies":[{"embeddable":true,"href":"https:\/\/diarioregionaldigital.com.br\/index.php?rest_route=%2Fwp%2Fv2%2Fcomments&post=229386"}],"version-history":[{"count":1,"href":"https:\/\/diarioregionaldigital.com.br\/index.php?rest_route=\/wp\/v2\/posts\/229386\/revisions"}],"predecessor-version":[{"id":229387,"href":"https:\/\/diarioregionaldigital.com.br\/index.php?rest_route=\/wp\/v2\/posts\/229386\/revisions\/229387"}],"wp:attachment":[{"href":"https:\/\/diarioregionaldigital.com.br\/index.php?rest_route=%2Fwp%2Fv2%2Fmedia&parent=229386"}],"wp:term":[{"taxonomy":"category","embeddable":true,"href":"https:\/\/diarioregionaldigital.com.br\/index.php?rest_route=%2Fwp%2Fv2%2Fcategories&post=229386"},{"taxonomy":"post_tag","embeddable":true,"href":"https:\/\/diarioregionaldigital.com.br\/index.php?rest_route=%2Fwp%2Fv2%2Ftags&post=229386"}],"curies":[{"name":"wp","href":"https:\/\/api.w.org\/{rel}","templated":true}]}}